{"id":386840,"date":"2025-09-13T03:10:17","date_gmt":"2025-09-13T03:10:17","guid":{"rendered":"https:\/\/www.europesays.com\/fr\/386840\/"},"modified":"2025-09-13T03:10:17","modified_gmt":"2025-09-13T03:10:17","slug":"toujours-en-grande-difficulte-le-festival-lyonnais-woodstower-en-quete-dun-sauveur-avant-la-fin-de-lannee","status":"publish","type":"post","link":"https:\/\/www.europesays.com\/fr\/386840\/","title":{"rendered":"Toujours en grande difficult\u00e9, le festival lyonnais\u00a0Woodstower en qu\u00eate d\u2019un sauveur avant la fin de l&rsquo;ann\u00e9e"},"content":{"rendered":"<p>Face \u00e0 une situation financi\u00e8re critique et apr\u00e8s plusieurs ann\u00e9es de d\u00e9ficit, l\u2019association Woodstower lance un appel \u00e0 repreneur.\u00a0<\/p>\n<p>Apr\u00e8s 27 ans d\u2019existence, l\u2019association Woodstower, organisatrice du festival \u00e9ponyme, est au bord de la cessation d\u2019activit\u00e9. En cause : la baisse des subventions et plusieurs exercices d\u00e9ficitaires. \u00ab\u00a0Malheureusement on n&rsquo;est pas rentr\u00e9 dans nos frais avec la chute des subventions,\u00a0\u00bb\u00a0a reconnu Maxime Noly, directeur et programmateur, lors d&rsquo;un point avec la presse ce vendredi 12 septembre.<\/p>\n<p>La fr\u00e9quentation de la derni\u00e8re \u00e9dition \u2014 aggrav\u00e9e par le mauvais temps \u2014 \u00a0\u00e9tait en effet encore une fois insuffisante. Malgr\u00e9 une augmentation de 35% par rapport \u00e0 2024, les 21 000 billets payants n&rsquo;ont pas suffi \u00e0 \u00e9quilibrer le festival avec un objectif initial de 25 000 billets payants (fr\u00e9quentation atteinte en 2022 et 2023).<\/p>\n<p>Le festival, qui avait r\u00e9uni plus de 23 000 spectateurs (billet payant et gratuit) cet \u00e9t\u00e9 au parc de Gerland \u2014 pr\u00e9f\u00e9r\u00e9 \u00e0 Miribel Jonage \u2014 n\u2019a ainsi pas r\u00e9ussi \u00e0 combler son d\u00e9ficit.\u00a0\u00ab\u00a0Pour arriver \u00e0 l\u2019\u00e9quilibre par rapport \u00e0 la proc\u00e9dure, il nous a manqu\u00e9 la vente d\u2019environ 4000 billets. \u00c0 l&rsquo;issue de cette 26e \u00e9dition, le d\u00e9ficit s&rsquo;\u00e9l\u00e8ve \u00e0 200 000 euros,\u00a0\u00bb a pr\u00e9cis\u00e9 le directeur.\u00a0<\/p>\n<p>D\u00e9j\u00e0 plac\u00e9 en proc\u00e9dure de sauvegarde, Woodstower est d\u00e9sormais en redressement judiciaire depuis ce mardi 9 septembre. \u00ab\u00a0En arrivant devant le tribunal en \u00e9tant encore d\u00e9ficitaire, le tribunal a logiquement dit qu\u2019on ne pouvait plus continuer\u00a0\u00bb, a expliqu\u00e9 Quentin Thom\u00e9, pr\u00e9sident de l\u2019association. La prochaine audience est fix\u00e9e au 9 d\u00e9cembre prochain.<\/p>\n<p>L\u2019association dispose de quelques mois de tr\u00e9sorerie, mais pr\u00e9vient : \u00ab\u00a0Il nous reste qu\u2019une seule solution : \u00eatre repris par un tiers,\u00a0\u00bb a insist\u00e9 son pr\u00e9sident. Les candidatures devront \u00eatre d\u00e9pos\u00e9es avant le 3 octobre. Faute de repreneur, l\u2019association sera liquid\u00e9e.<\/p>\n<p>Interrog\u00e9s sur ce qui pourrait convaincre un repreneur de les suivre dans cette aventure chaotique, les responsables de Woodstower citent\u00a0\u00ab\u00a0l\u2019acc\u00e8s \u00e0 un parc en plein c\u0153ur de Lyon qui est une possibilit\u00e9 assez unique\u00a0\u00bb et \u00ab\u00a0un projet identifi\u00e9 depuis 27 ans.\u00a0\u00bb Un socle d\u2019arguments relativement limit\u00e9 au regard des difficult\u00e9s financi\u00e8res et des dettes accumul\u00e9es.<\/p>\n<p>L\u2019\u00e9quipe, compos\u00e9e de six \u00e0 sept permanents et d\u2019environ 150 collaborateurs et prestataires lors du festival (sans compter les b\u00e9n\u00e9voles), esp\u00e8re n\u00e9anmoins trouver une issue. \u00ab\u00a0On reste persuad\u00e9 que l\u2019avenir de Woodstower n\u2019est pas compl\u00e8tement \u00e9cras\u00e9. C\u2019est tout un \u00e9cosyst\u00e8me. Il faut absolument qu\u2019on arrive \u00e0 pr\u00e9server \u00e7a,\u00a0\u00bb a conclu Quentin Thom\u00e9, qui n&rsquo;\u00e9tait entour\u00e9 d&rsquo;aucun \u00e9lu de la Ville ou de la M\u00e9tropole de Lyon.<\/p>\n","protected":false},"excerpt":{"rendered":"Face \u00e0 une situation financi\u00e8re critique et apr\u00e8s plusieurs ann\u00e9es de d\u00e9ficit, l\u2019association Woodstower lance un appel \u00e0&hellip;\n","protected":false},"author":2,"featured_media":386841,"comment_status":"","ping_status":"","sticky":false,"template":"","format":"standard","meta":{"footnotes":""},"categories":[1889],"tags":[1111,11,2813,2190,2430,1109,251,1112,2811,1777,674,118,1011,27,1922,1110,1114,2428,2810,12,241,316,25,2812,517,800],"class_list":{"0":"post-386840","1":"post","2":"type-post","3":"status-publish","4":"format-standard","5":"has-post-thumbnail","7":"category-lyon","8":"tag-actu","9":"tag-actualites","10":"tag-article","11":"tag-asvel","12":"tag-auvergne-rhone-alpes","13":"tag-breves","14":"tag-culture","15":"tag-depeches","16":"tag-economique","17":"tag-eu","18":"tag-europe","19":"tag-faits-divers","20":"tag-fr","21":"tag-france","22":"tag-info","23":"tag-informations","24":"tag-infos","25":"tag-lyon","26":"tag-lyonmag","27":"tag-news","28":"tag-ol","29":"tag-politique","30":"tag-republique-francaise","31":"tag-sociale","32":"tag-sport","33":"tag-transports"},"share_on_mastodon":{"url":"https:\/\/pubeurope.com\/@fr\/115194797995504095","error":""},"_links":{"self":[{"href":"https:\/\/www.europesays.com\/fr\/wp-json\/wp\/v2\/posts\/386840","targetHints":{"allow":["GET"]}}],"collection":[{"href":"https:\/\/www.europesays.com\/fr\/wp-json\/wp\/v2\/posts"}],"about":[{"href":"https:\/\/www.europesays.com\/fr\/wp-json\/wp\/v2\/types\/post"}],"author":[{"embeddable":true,"href":"https:\/\/www.europesays.com\/fr\/wp-json\/wp\/v2\/users\/2"}],"replies":[{"embeddable":true,"href":"https:\/\/www.europesays.com\/fr\/wp-json\/wp\/v2\/comments?post=386840"}],"version-history":[{"count":0,"href":"https:\/\/www.europesays.com\/fr\/wp-json\/wp\/v2\/posts\/386840\/revisions"}],"wp:featuredmedia":[{"embeddable":true,"href":"https:\/\/www.europesays.com\/fr\/wp-json\/wp\/v2\/media\/386841"}],"wp:attachment":[{"href":"https:\/\/www.europesays.com\/fr\/wp-json\/wp\/v2\/media?parent=386840"}],"wp:term":[{"taxonomy":"category","embeddable":true,"href":"https:\/\/www.europesays.com\/fr\/wp-json\/wp\/v2\/categories?post=386840"},{"taxonomy":"post_tag","embeddable":true,"href":"https:\/\/www.europesays.com\/fr\/wp-json\/wp\/v2\/tags?post=386840"}],"curies":[{"name":"wp","href":"https:\/\/api.w.org\/{rel}","templated":true}]}}