{"id":386844,"date":"2025-09-13T03:13:47","date_gmt":"2025-09-13T03:13:47","guid":{"rendered":"https:\/\/www.europesays.com\/fr\/386844\/"},"modified":"2025-09-13T03:13:47","modified_gmt":"2025-09-13T03:13:47","slug":"au-moins-neuf-tetes-de-cochon-decouvertes-devant-des-mosquees","status":"publish","type":"post","link":"https:\/\/www.europesays.com\/fr\/386844\/","title":{"rendered":"au moins neuf t\u00eates de cochon d\u00e9couvertes devant des mosqu\u00e9es"},"content":{"rendered":"<p>Le symbole est fort. Des t\u00eates de cochon ont \u00e9t\u00e9 d\u00e9couvertes ce mardi matin devant plusieurs mosqu\u00e9es de l&rsquo;agglom\u00e9ration parisienne et de la capitale, a annonc\u00e9 sur X le pr\u00e9fet de police de Paris, Laurent Nu\u00f1ez. Au moins neuf, a-t-il pr\u00e9cis\u00e9 \u00e0 la mi-journ\u00e9e. Et il n&rsquo;exclut pas \u00ab qu&rsquo;on en d\u00e9couvre d&rsquo;autres\u00a0\u00bb. Ces t\u00eates ont notamment \u00e9t\u00e9 d\u00e9couvertes sur la voie publique \u00e0 Paris, \u00e0 Montreuil (Seine-Saint-Denis), Gentilly (Val-de-Marne), Montrouge et Malakoff (Hauts-de-Seine), alors que le porc est consid\u00e9r\u00e9 comme impur dans l&rsquo;islam.<\/p>\n<p>\u00ab Une enqu\u00eate a imm\u00e9diatement \u00e9t\u00e9 ouverte \u00bb, a ajout\u00e9 le pr\u00e9fet de police, assurant que \u00ab tout [\u00e9tait] mis en \u0153uvre pour retrouver les auteurs de ces actes abjects \u00bb. \u00ab On ne peut s&#8217;emp\u00eacher de faire des rapprochements avec des actions pr\u00e9c\u00e9dentes [&#8230;] dont il a \u00e9t\u00e9 av\u00e9r\u00e9 que c&rsquo;\u00e9tait des actions d&rsquo;ing\u00e9rence \u00e9trang\u00e8re \u00bb, a ajout\u00e9 Laurent Nu\u00f1ez lors d&rsquo;un point presse, appelant toutefois \u00e0 rester \u00ab tr\u00e8s prudent \u00bb. Une t\u00eate de cochon avait d\u00e9j\u00e0 \u00e9t\u00e9 <a href=\"https:\/\/www.ledauphine.com\/faits-divers-justice\/2024\/03\/11\/une-tete-de-cochon-retrouvee-devant-une-association-musulmane\" target=\"_blank\" rel=\"noopener\">retrouv\u00e9e devant une association musulmane du Pas-de-Calais en 2024<\/a>.<\/p>\n<p>Le pr\u00e9sident Emmanuel Macron s&rsquo;est entretenu ce mardi avec les repr\u00e9sentants de la communaut\u00e9 musulmane de Paris et leur a exprim\u00e9 son \u00ab soutien\u00a0\u00bb.<\/p>\n<p>\u00ab C&rsquo;est absolument inadmissible\u00a0\u00bb<\/p>\n<p>\u00ab Tout mon soutien aux responsables et aux fid\u00e8les des mosqu\u00e9es touch\u00e9es par ces provocations insupportables. S&rsquo;en prendre \u00e0 des lieux de culte est d&rsquo;une l\u00e2chet\u00e9 insondable \u00bb, a par ailleurs affirm\u00e9 sur X le ministre de l&rsquo;Int\u00e9rieur, <a href=\"https:\/\/www.ledauphine.com\/p\/bruno-retailleau\" target=\"_blank\" rel=\"noopener\">Bruno Retailleau<\/a>. \u00ab\u00a0C&rsquo;est absolument inadmissible [&#8230;] j&rsquo;esp\u00e8re qu&rsquo;on retrouvera celles et ceux qui ont pu commettre cette sorte de profanation. La R\u00e9publique, c&rsquo;est la la\u00efcit\u00e9. Mais la la\u00efcit\u00e9, c&rsquo;est pr\u00e9cis\u00e9ment les conditions d&rsquo;une libert\u00e9 pour que chacun puisse exercer le culte [&#8230;] J&rsquo;entends que nos compatriotes musulmans puissent exercer leur foi dans la s\u00e9r\u00e9nit\u00e9\u00a0\u00bb, a-t-il ajout\u00e9 devant la presse.<\/p>\n<p>\u00ab La Grande Mosqu\u00e9e de Paris condamne avec la plus grande fermet\u00e9 les actes islamophobes perp\u00e9tr\u00e9s cette nuit \u00bb, qui \u00ab visent \u00e0 diviser notre communaut\u00e9 nationale \u00bb, a \u00e9galement affirm\u00e9 ce mardi Chems-eddine Hafiz, appelant \u00ab \u00e0 une prise de conscience et \u00e0 une solidarit\u00e9 nationale contre cette trajectoire de p\u00e9ril \u00bb.<\/p>\n<p>\u00ab L&rsquo;islamophobie se d\u00e9cha\u00eene en France\u00a0\u00bb<\/p>\n<p>De son c\u00f4t\u00e9, la maire de Paris <a href=\"https:\/\/www.ledauphine.com\/p\/anne-hidalgo\" target=\"_blank\" rel=\"noopener\">Anne Hidalgo<\/a> a condamn\u00e9 des \u00ab actes racistes \u00bb et a assur\u00e9 de sa \u00ab solidarit\u00e9 avec la communaut\u00e9 musulmane \u00bb, pr\u00e9cisant que la Ville de Paris avait saisi la justice.<\/p>\n<p>\u00ab Chauff\u00e9e \u00e0 blanc par le soutien \u00e0 Netanyahou et les saillies du ministre de l&rsquo;Int\u00e9rieur (\u00c0 bas le voile) et de son entourage pr\u00e9fectoral (<a href=\"https:\/\/www.ledauphine.com\/p\/rima-hassan\" target=\"_blank\" rel=\"noopener\">Rima Hassan<\/a> Hamas mafieuse), l&rsquo;islamophobie se d\u00e9cha\u00eene en France. La grossi\u00e8ret\u00e9 imb\u00e9cile \u00bb des actes contre les mosqu\u00e9es \u00ab souligne la d\u00e9bilit\u00e9 de ses auteurs \u00bb, a \u00e9crit <a href=\"https:\/\/www.ledauphine.com\/p\/jean-luc-melenchon\" target=\"_blank\" rel=\"noopener\">Jean-Luc M\u00e9lenchon<\/a> le chef de file de La France insoumise sur le r\u00e9seau social X.<\/p>\n","protected":false},"excerpt":{"rendered":"Le symbole est fort. Des t\u00eates de cochon ont \u00e9t\u00e9 d\u00e9couvertes ce mardi matin devant plusieurs mosqu\u00e9es de&hellip;\n","protected":false},"author":2,"featured_media":386845,"comment_status":"","ping_status":"","sticky":false,"template":"","format":"standard","meta":{"footnotes":""},"categories":[1592],"tags":[1111,11,271,272,1777,674,274,107,1011,27,329,662,12,626,5889,25],"class_list":{"0":"post-386844","1":"post","2":"type-post","3":"status-publish","4":"format-standard","5":"has-post-thumbnail","7":"category-ile-de-france","8":"tag-actu","9":"tag-actualites","10":"tag-crime","11":"tag-delit-et-contravention","12":"tag-eu","13":"tag-europe","14":"tag-faits-divers-justice","15":"tag-fil-info","16":"tag-fr","17":"tag-france","18":"tag-france-monde","19":"tag-ile-de-france","20":"tag-news","21":"tag-paris","22":"tag-religion-croyance","23":"tag-republique-francaise"},"share_on_mastodon":{"url":"https:\/\/pubeurope.com\/@fr\/115194813709221288","error":""},"_links":{"self":[{"href":"https:\/\/www.europesays.com\/fr\/wp-json\/wp\/v2\/posts\/386844","targetHints":{"allow":["GET"]}}],"collection":[{"href":"https:\/\/www.europesays.com\/fr\/wp-json\/wp\/v2\/posts"}],"about":[{"href":"https:\/\/www.europesays.com\/fr\/wp-json\/wp\/v2\/types\/post"}],"author":[{"embeddable":true,"href":"https:\/\/www.europesays.com\/fr\/wp-json\/wp\/v2\/users\/2"}],"replies":[{"embeddable":true,"href":"https:\/\/www.europesays.com\/fr\/wp-json\/wp\/v2\/comments?post=386844"}],"version-history":[{"count":0,"href":"https:\/\/www.europesays.com\/fr\/wp-json\/wp\/v2\/posts\/386844\/revisions"}],"wp:featuredmedia":[{"embeddable":true,"href":"https:\/\/www.europesays.com\/fr\/wp-json\/wp\/v2\/media\/386845"}],"wp:attachment":[{"href":"https:\/\/www.europesays.com\/fr\/wp-json\/wp\/v2\/media?parent=386844"}],"wp:term":[{"taxonomy":"category","embeddable":true,"href":"https:\/\/www.europesays.com\/fr\/wp-json\/wp\/v2\/categories?post=386844"},{"taxonomy":"post_tag","embeddable":true,"href":"https:\/\/www.europesays.com\/fr\/wp-json\/wp\/v2\/tags?post=386844"}],"curies":[{"name":"wp","href":"https:\/\/api.w.org\/{rel}","templated":true}]}}