{"id":386851,"date":"2025-09-13T03:17:12","date_gmt":"2025-09-13T03:17:12","guid":{"rendered":"https:\/\/www.europesays.com\/fr\/386851\/"},"modified":"2025-09-13T03:17:12","modified_gmt":"2025-09-13T03:17:12","slug":"paris-major-2025-le-programme-des-demi-finales-ce-samedi-13-septembre","status":"publish","type":"post","link":"https:\/\/www.europesays.com\/fr\/386851\/","title":{"rendered":"Paris Major 2025 : le programme des demi-finales ce samedi 13 septembre"},"content":{"rendered":"<p>Le <strong>Philippe-Chatrier<\/strong> s\u2019appr\u00eate \u00e0 vibrer ce samedi avec les demi-finales du <strong>Premier Padel Alpine Paris Major 2025<\/strong>, qui r\u00e9unissent l\u2019\u00e9lite mondiale.<\/p>\n<p>D\u00e8s <strong>13h00<\/strong>, les dames ouvriront le bal avec <strong>Marta Ortega \/ Tamara Icardo [5]<\/strong> face \u00e0 <strong>Ariana S\u00e1nchez \/ Paula Josemar\u00eda [2]<\/strong>.<\/p>\n<p>Suivra ensuite le premier choc masculin entre <strong>Arturo Coello \/ Agust\u00edn Tapia [1]<\/strong> et <strong>Franco Stupaczuk \/ Juan Lebr\u00f3n [3]<\/strong>, l\u2019affiche de la journ\u00e9e\u2026 et qui sera scrut\u00e9e de pr\u00e8s.<\/p>\n<p>\u00c0 partir de <strong>16h00<\/strong>, la deuxi\u00e8me demi-finale f\u00e9minine opposera <strong>Gemma Triay \/ Delfina Brea [1]<\/strong> \u00e0 <strong>Andrea Ustero \/ Sofia Ara\u00fajo [4]<\/strong>, avant la derni\u00e8re rencontre de la journ\u00e9e qui mettra aux prises <strong>Mike Yanguas \/ Coki Nieto [4]<\/strong> et <strong>Ale Gal\u00e1n \/ Fede Chingotto [2]<\/strong>.<\/p>\n<p>Les demi-finales seront retransmises <strong>en int\u00e9gralit\u00e9 d\u00e8s 13h sur Canal+ Live 12<\/strong>, et en simultan\u00e9 sur <strong>Canal+ Sport 360 de 16h50 \u00e0 20h25<\/strong>.<\/p>\n<ul class=\"wp-block-list\">\n<li><strong>Match 1 (dames)<\/strong> : commentaires de Mathilde Brun &amp; Robin Haziza<\/li>\n<li><strong>Match 2 (dames)<\/strong> : Julien Guerre &amp; Laura Clergue<\/li>\n<li><strong>Match 3 (messieurs)<\/strong> : Mathilde Brun &amp; Robin Haziza<\/li>\n<li><strong>Match 4 (messieurs)<\/strong> : Julien Guerre &amp; Laura Clergue<\/li>\n<\/ul>\n<p>L\u2019\u00e9mission sera pr\u00e9sent\u00e9e depuis la terrasse de Canal+ par <strong>Ly\u00e8s Houhou<\/strong>, entour\u00e9 d\u2019invit\u00e9s, tandis que les interviews bord terrain seront assur\u00e9es par <strong>Charlotte Gabas<\/strong>.<\/p>\n<p>CP : Premier Padel<\/p>\n<p><img loading=\"lazy\" decoding=\"async\" data-del=\"avatar\" alt=\"Franck Binisti\" src=\"https:\/\/www.europesays.com\/fr\/wp-content\/uploads\/2025\/04\/Franck-Binisti-Padel-100x100.jpg\" class=\"avatar pp-user-avatar avatar-100 photo \" height=\"100\" width=\"100\"\/><\/p>\n<p>Franck Binisti d\u00e9couvre le padel au Club des Pyramides en 2009 en r\u00e9gion parisienne. Depuis, le padel fait partie de sa vie. Vous le voyez souvent faire le tour de France en allant couvrir les grands \u00e9v\u00e9nements de padel fran\u00e7ais.<\/p>\n<p class=\"related-title\">Sur le m\u00eame sujet<\/p>\n","protected":false},"excerpt":{"rendered":"Le Philippe-Chatrier s\u2019appr\u00eate \u00e0 vibrer ce samedi avec les demi-finales du Premier Padel Alpine Paris Major 2025, qui&hellip;\n","protected":false},"author":2,"featured_media":386852,"comment_status":"","ping_status":"","sticky":false,"template":"","format":"standard","meta":{"footnotes":""},"categories":[1888],"tags":[11,10474,1777,674,1011,27,51950,12,626,51086,51951,25],"class_list":{"0":"post-386851","1":"post","2":"type-post","3":"status-publish","4":"format-standard","5":"has-post-thumbnail","7":"category-paris","8":"tag-actualites","9":"tag-canal","10":"tag-eu","11":"tag-europe","12":"tag-fr","13":"tag-france","14":"tag-greenweez-paris-premier-padel-major","15":"tag-news","16":"tag-paris","17":"tag-paris-major-2025","18":"tag-paris-premier-padel-major","19":"tag-republique-francaise"},"share_on_mastodon":{"url":"https:\/\/pubeurope.com\/@fr\/115194825605248250","error":""},"_links":{"self":[{"href":"https:\/\/www.europesays.com\/fr\/wp-json\/wp\/v2\/posts\/386851","targetHints":{"allow":["GET"]}}],"collection":[{"href":"https:\/\/www.europesays.com\/fr\/wp-json\/wp\/v2\/posts"}],"about":[{"href":"https:\/\/www.europesays.com\/fr\/wp-json\/wp\/v2\/types\/post"}],"author":[{"embeddable":true,"href":"https:\/\/www.europesays.com\/fr\/wp-json\/wp\/v2\/users\/2"}],"replies":[{"embeddable":true,"href":"https:\/\/www.europesays.com\/fr\/wp-json\/wp\/v2\/comments?post=386851"}],"version-history":[{"count":0,"href":"https:\/\/www.europesays.com\/fr\/wp-json\/wp\/v2\/posts\/386851\/revisions"}],"wp:featuredmedia":[{"embeddable":true,"href":"https:\/\/www.europesays.com\/fr\/wp-json\/wp\/v2\/media\/386852"}],"wp:attachment":[{"href":"https:\/\/www.europesays.com\/fr\/wp-json\/wp\/v2\/media?parent=386851"}],"wp:term":[{"taxonomy":"category","embeddable":true,"href":"https:\/\/www.europesays.com\/fr\/wp-json\/wp\/v2\/categories?post=386851"},{"taxonomy":"post_tag","embeddable":true,"href":"https:\/\/www.europesays.com\/fr\/wp-json\/wp\/v2\/tags?post=386851"}],"curies":[{"name":"wp","href":"https:\/\/api.w.org\/{rel}","templated":true}]}}