{"id":386857,"date":"2025-09-13T03:20:11","date_gmt":"2025-09-13T03:20:11","guid":{"rendered":"https:\/\/www.europesays.com\/fr\/386857\/"},"modified":"2025-09-13T03:20:11","modified_gmt":"2025-09-13T03:20:11","slug":"aux-etats-unis-lextreme-droite-est-impliquee-dans-93-des-meurtres-extremistes-liberation","status":"publish","type":"post","link":"https:\/\/www.europesays.com\/fr\/386857\/","title":{"rendered":"Aux Etats-Unis, l\u2019extr\u00eame droite est impliqu\u00e9e dans 93\u00a0% des meurtres extr\u00e9mistes \u2013 Lib\u00e9ration"},"content":{"rendered":"<p class=\"sc-cPiKLX AiZTS text-element\">L\u2019organisation <a href=\"https:\/\/www.adl.org\/resources\/report\/murder-and-extremism-united-states-2024?utm_source=substack&amp;utm_medium=email\" target=\"_blank\" rel=\"nofollow noopener\">Anti-Defamation League<\/a> a recens\u00e9, depuis 2005, les meurtres ou s\u00e9ries de meurtres commis aux Etats-Unis par des membres de groupes extr\u00e9mistes. Sur 20 ans, une tr\u00e8s large majorit\u00e9 des meurtriers (347 sur 371) sont li\u00e9s \u00e0 des organisations d\u2019extr\u00eame droite. Pour la majorit\u00e9 d\u2019entre eux (262), il s\u2019agit de <a href=\"https:\/\/www.liberation.fr\/international\/amerique\/aux-etats-unis-le-supremacisme-blanc-ennemi-public-numero-1-20220515_IJ5536NDN5AZNKEESY6QK4X4V4\/\" target=\"_blank\" rel=\"nofollow noopener\" title=\"https:\/\/www.liberation.fr\/international\/amerique\/aux-etats-unis-le-supremacisme-blanc-ennemi-public-numero-1-20220515_IJ5536NDN5AZNKEESY6QK4X4V4\/\">supr\u00e9macistes blancs<\/a>. Les autres sont principalement li\u00e9s \u00e0 la mouvance complotiste et anti-gouvernementale, comme les \u00ab<a href=\"https:\/\/www.liberation.fr\/politique\/je-ne-contracte-pas-qui-sont-les-complotistes-de-la-mouvance-citoyens-souverains-20240405_WJYKJOKR2VBPRJTQW2IIJTBIOU\/\" target=\"_blank\" rel=\"nofollow noopener\" title=\"https:\/\/www.liberation.fr\/politique\/je-ne-contracte-pas-qui-sont-les-complotistes-de-la-mouvance-citoyens-souverains-20240405_WJYKJOKR2VBPRJTQW2IIJTBIOU\/\">citoyens souverains<\/a>\u00bb. <\/p>\n<p class=\"sc-cPiKLX AiZTS text-element\">Sur cette m\u00eame p\u00e9riode, les meurtriers d\u2019extr\u00eame gauche, au nombre de neuf, n\u2019ont repr\u00e9sent\u00e9 qu\u2019une minorit\u00e9, ainsi que les islamistes (15).<\/p>\n<p class=\"sc-cPiKLX AiZTS text-element\">Les causes des meurtres sont multiples, allant du terrorisme aux crimes haineux, ou li\u00e9es au trafic de drogue ou au crime organis\u00e9. La plupart de ces crimes ne font pas les gros titres des m\u00e9dias, \u00e0 l\u2019exception des tueries de masse. De nombreux membres de communaut\u00e9s minoritaires font partie des victimes, mais \u00e9galement des repr\u00e9sentants des forces de l\u2019ordre.<\/p>\n","protected":false},"excerpt":{"rendered":"L\u2019organisation Anti-Defamation League a recens\u00e9, depuis 2005, les meurtres ou s\u00e9ries de meurtres commis aux Etats-Unis par des&hellip;\n","protected":false},"author":2,"featured_media":386858,"comment_status":"","ping_status":"","sticky":false,"template":"","format":"standard","meta":{"footnotes":""},"categories":[1589],"tags":[11,16685,73,1866,1076,12,1254,1864,1865,1863,308],"class_list":{"0":"post-386857","1":"post","2":"type-post","3":"status-publish","4":"format-standard","5":"has-post-thumbnail","7":"category-etats-unis","8":"tag-actualites","9":"tag-data-matin","10":"tag-etats-unis","11":"tag-etats-unis-damerique","12":"tag-extreme-droite","13":"tag-news","14":"tag-terrorisme","15":"tag-united-states","16":"tag-united-states-of-america","17":"tag-us","18":"tag-usa"},"share_on_mastodon":{"url":"https:\/\/pubeurope.com\/@fr\/115194837324276209","error":""},"_links":{"self":[{"href":"https:\/\/www.europesays.com\/fr\/wp-json\/wp\/v2\/posts\/386857","targetHints":{"allow":["GET"]}}],"collection":[{"href":"https:\/\/www.europesays.com\/fr\/wp-json\/wp\/v2\/posts"}],"about":[{"href":"https:\/\/www.europesays.com\/fr\/wp-json\/wp\/v2\/types\/post"}],"author":[{"embeddable":true,"href":"https:\/\/www.europesays.com\/fr\/wp-json\/wp\/v2\/users\/2"}],"replies":[{"embeddable":true,"href":"https:\/\/www.europesays.com\/fr\/wp-json\/wp\/v2\/comments?post=386857"}],"version-history":[{"count":0,"href":"https:\/\/www.europesays.com\/fr\/wp-json\/wp\/v2\/posts\/386857\/revisions"}],"wp:featuredmedia":[{"embeddable":true,"href":"https:\/\/www.europesays.com\/fr\/wp-json\/wp\/v2\/media\/386858"}],"wp:attachment":[{"href":"https:\/\/www.europesays.com\/fr\/wp-json\/wp\/v2\/media?parent=386857"}],"wp:term":[{"taxonomy":"category","embeddable":true,"href":"https:\/\/www.europesays.com\/fr\/wp-json\/wp\/v2\/categories?post=386857"},{"taxonomy":"post_tag","embeddable":true,"href":"https:\/\/www.europesays.com\/fr\/wp-json\/wp\/v2\/tags?post=386857"}],"curies":[{"name":"wp","href":"https:\/\/api.w.org\/{rel}","templated":true}]}}