{"id":386861,"date":"2025-09-13T03:22:10","date_gmt":"2025-09-13T03:22:10","guid":{"rendered":"https:\/\/www.europesays.com\/fr\/386861\/"},"modified":"2025-09-13T03:22:10","modified_gmt":"2025-09-13T03:22:10","slug":"lallemagne-premier-finaliste-de-leuro-apres-sa-victoire-autoritaire-face-a-la-finlande-lequipe","status":"publish","type":"post","link":"https:\/\/www.europesays.com\/fr\/386861\/","title":{"rendered":"L&#039;Allemagne premier finaliste de l&#039;Euro apr\u00e8s sa victoire autoritaire face \u00e0 la Finlande &#8211; L&#039;\u00c9quipe"},"content":{"rendered":"<ol>\n<li><a href=\"https:\/\/news.google.com\/rss\/articles\/CBMi0wFBVV95cUxPVXdJRk9aZ0RONHphWnItSF9zdEZBS0puMnZhbVBGYVY5TG1RS1hVSDF0TnVMZzNMVDBUMjJGbXpSVTZYWFotYTlZbk5RbWZkUFJNRENfeHNwR3NmUTBEUXVtek1pWXZ5TGlxMG5aZ3VLMC1BbjNWRmxibUNoa2o1LWRnYWMyb0htVVJCNzlVdVpEaGs0VEFKMlZZRVdVNWdqOUpnZmZNVExfb0I4cDJVQ2hvS3h6bGJ3bXd6OU1Id1FEVnU3aGNudUhneWhZMXI0Sy1R?oc=5\" target=\"_blank\" rel=\"nofollow noopener\">L&rsquo;Allemagne premier finaliste de l&rsquo;Euro apr\u00e8s sa victoire autoritaire face \u00e0 la Finlande<\/a>&nbsp;&nbsp;L&rsquo;\u00c9quipe<\/li>\n<li><a href=\"https:\/\/news.google.com\/rss\/articles\/CBMi-wFBVV95cUxNRWt5RG84QWFyNjFzeU9tT0hCVUl1T3hCMldoVlpJOHNPcFBnYW1uNm93NmlRUmQ2ZjNzbGNhd3ZKWVdBaUwwMXRSUGJYTzNjMDFZZldrdjdZemJsdzhTcFM4emxaYmE1VEZCTHR2M3ZVYnhCY0ZwOVhNN0dCem5VVXNRbDVBcWJqNUxJRGk5Vmpxak9VNWw5Q2ZXNW44Sm40emtzUDVsRTB3cEZVaVNSR0JLc1k1bUM3OHZEaWRaZTFXTW56eUlCaTY3ZXdvZ0FiakdVa1RjVGs1TkpEdDlSOERZM01ab1FlOE5xektNejZTSHFwNkw4cEFCaw?oc=5\" target=\"_blank\" rel=\"nofollow noopener\">Euro de basket I L&rsquo;Allemagne met fin aux r\u00eaves de la Finlande (98-86) et se qualifie en finale<\/a>&nbsp;&nbsp;Eurosport<\/li>\n<li><a href=\"https:\/\/news.google.com\/rss\/articles\/CBMiuwFBVV95cUxQUlJZOHNWWUEtRFhzMTJ4LS01aE01TDZkWWM3MjNjelpqZDctUFNEbDdHVDZZSVNFdGlmZFJkRjRDcThPWTRNN3FJdjByMHBLcGZWYUpydk0yUTJZdnRadWlENWg5cW90c0twTGM1QVZaNUMzc3U0cEw1LWE2OGMwQjNBRXpPTXVIWEwzOHd5Y0NUbU40cmczTVB1ZHB6NXRzekI3dGRxVVl3ZlhUZlVMRzBxbWhxbzFRdi1V?oc=5\" target=\"_blank\" rel=\"nofollow noopener\">EuroBasket 2025 : L&rsquo;Allemagne se hisse en finale<\/a>&nbsp;&nbsp;Orange Actualit\u00e9s | Sports<\/li>\n<li><a href=\"https:\/\/news.google.com\/rss\/articles\/CBMi7AFBVV95cUxPSExoS0x0WVUySDBjZTJEQi1mYlJOd1oyQ0puUUVVdXkzZ3p3YXBQUGlkWDR2a0IzLXpZLVQ3djlpNGNGaFJaTkN1bU5iZ19qUUNCeWEwNV9fU19Rc2xvSFN5cXVZb3lHSFJrb21XRkI3RExtSjVLa2J4OTl5NFFMV3RqOGg4ZnFYZHBxYnlJN04zNEpNOFRUN0VBNUgtQlpMOEZBODFtcDc5SjJKWlBPNGtramJYN2ZRTWdjak9RcV9DQUtDLXY2Z0pYTWhwWXgwbHRKMTlBZEpFd1gtQ1BVZEROMDVGUldXdnlTOQ?oc=5\" target=\"_blank\" rel=\"nofollow noopener\">EuroBasket. L\u2019Allemagne s\u2019impose contre la Finlande et se qualifie en finale<\/a>&nbsp;&nbsp;Ouest-France<\/li>\n<li><a href=\"https:\/\/news.google.com\/rss\/articles\/CBMiqgFBVV95cUxNUnNpU1BPenZmWUVTcnBtd2RjelJHblRuQ05iVEVlOXFqWFhiNGVaR2JrLWJDaGlxM3dZSXBkRFQ2RnloY2ZmNXJMalNLTkk4UldKbXNPNlFvaUtlVjVDRk85bmZRb2NldWhIUDM1TzgwUHA2UWpGallDWmN1LXpoM3cwWHNhLUwzSE9kZ2drb2N2V0FGSEhSNnV4UlNUTUNLLTJQajBFci12QQ?oc=5\" target=\"_blank\" rel=\"nofollow noopener\">EuroBasket 2025 : les raisons d\u2019y croire pour chaque demi-finaliste<\/a>&nbsp;&nbsp;BasketSession.com<\/li>\n<\/ol>\n","protected":false},"excerpt":{"rendered":"L&rsquo;Allemagne premier finaliste de l&rsquo;Euro apr\u00e8s sa victoire autoritaire face \u00e0 la Finlande&nbsp;&nbsp;L&rsquo;\u00c9quipe Euro de basket I L&rsquo;Allemagne&hellip;\n","protected":false},"author":2,"featured_media":386862,"comment_status":"","ping_status":"","sticky":false,"template":"","format":"standard","meta":{"footnotes":""},"categories":[1587],"tags":[11,672,1804,1805,1803,1777,674,1801,12,1802],"class_list":{"0":"post-386861","1":"post","2":"type-post","3":"status-publish","4":"format-standard","5":"has-post-thumbnail","7":"category-allemagne","8":"tag-actualites","9":"tag-allemagne","10":"tag-bundesrepublik-deutschland","11":"tag-de","12":"tag-deutschland","13":"tag-eu","14":"tag-europe","15":"tag-germany","16":"tag-news","17":"tag-republique-federale-dallemagne"},"share_on_mastodon":{"url":"https:\/\/pubeurope.com\/@fr\/115194845181273104","error":""},"_links":{"self":[{"href":"https:\/\/www.europesays.com\/fr\/wp-json\/wp\/v2\/posts\/386861","targetHints":{"allow":["GET"]}}],"collection":[{"href":"https:\/\/www.europesays.com\/fr\/wp-json\/wp\/v2\/posts"}],"about":[{"href":"https:\/\/www.europesays.com\/fr\/wp-json\/wp\/v2\/types\/post"}],"author":[{"embeddable":true,"href":"https:\/\/www.europesays.com\/fr\/wp-json\/wp\/v2\/users\/2"}],"replies":[{"embeddable":true,"href":"https:\/\/www.europesays.com\/fr\/wp-json\/wp\/v2\/comments?post=386861"}],"version-history":[{"count":0,"href":"https:\/\/www.europesays.com\/fr\/wp-json\/wp\/v2\/posts\/386861\/revisions"}],"wp:featuredmedia":[{"embeddable":true,"href":"https:\/\/www.europesays.com\/fr\/wp-json\/wp\/v2\/media\/386862"}],"wp:attachment":[{"href":"https:\/\/www.europesays.com\/fr\/wp-json\/wp\/v2\/media?parent=386861"}],"wp:term":[{"taxonomy":"category","embeddable":true,"href":"https:\/\/www.europesays.com\/fr\/wp-json\/wp\/v2\/categories?post=386861"},{"taxonomy":"post_tag","embeddable":true,"href":"https:\/\/www.europesays.com\/fr\/wp-json\/wp\/v2\/tags?post=386861"}],"curies":[{"name":"wp","href":"https:\/\/api.w.org\/{rel}","templated":true}]}}