{"id":386876,"date":"2025-09-13T03:32:10","date_gmt":"2025-09-13T03:32:10","guid":{"rendered":"https:\/\/www.europesays.com\/fr\/386876\/"},"modified":"2025-09-13T03:32:10","modified_gmt":"2025-09-13T03:32:10","slug":"tours-les-sables-et-le-havre-dejouent-les-pronostics","status":"publish","type":"post","link":"https:\/\/www.europesays.com\/fr\/386876\/","title":{"rendered":"Tours, Les Sables et Le Havre d\u00e9jouent les pronostics"},"content":{"rendered":"<p>                            <img decoding=\"async\" class=\"img-fluid thumbnail__news\" src=\"https:\/\/www.europesays.com\/fr\/wp-content\/uploads\/2025\/09\/5b03707f-b9dd-4111-b990-31fc8f0748bf.jpg\" alt=\"Tours, Les Sables et Le Havre d\u00e9jouent les pronostics\"\/><\/p>\n<p>Ambroise Couture et Tours passent le 1er tour de la Coupe<\/p>\n<p>                                                        Ce soir en ouverture de la Coupe de France, 12 matches \u00e9taient au programme.  Deux clubs de NM1, Tours, Les Sables d&rsquo;Olonne  et Le Havre ont cr\u00e9\u00e9 la surprise en \u00e9cartant respectivement Caen, Poitiers et Rouen, pensionnaires de Elite 2. Suite du premier tour d\u00e8s demain.<\/p>\n<p class=\"ltr\">Les perfs individuelles du jour :<br \/>25 pts &#8211; <a href=\"https:\/\/coupedefrance.ffbb.com\/joueur\/211047-mike-nwabuzor\" target=\"_blank\" rel=\"noopener\">Mike Nwabuzor<\/a> (<a href=\"https:\/\/coupedefrance.ffbb.com\/equipe\/14469-lyonso\" target=\"_blank\" rel=\"noopener\">Lyon SO<\/a>)<br \/>15 rbds &#8211; <a href=\"https:\/\/coupedefrance.ffbb.com\/joueur\/295494-momath-seck\" target=\"_blank\" rel=\"noopener\">Momath Seck<\/a> (<a href=\"https:\/\/coupedefrance.ffbb.com\/equipe\/15339-metz-bc\" target=\"_blank\" rel=\"noopener\">Metz<\/a>)<br \/>11 pds &#8211; <a href=\"https:\/\/coupedefrance.ffbb.com\/joueur\/51297-theo-leon\" target=\"_blank\" rel=\"noopener\">Th\u00e9o L\u00e9on<\/a> (<a href=\"https:\/\/coupedefrance.ffbb.com\/equipe\/13305-tours\" target=\"_blank\" rel=\"noopener\">Tours<\/a>)<br \/>28 d&rsquo;eval &#8211; <a href=\"https:\/\/coupedefrance.ffbb.com\/joueur\/62099-luka-nikolic\" target=\"_blank\" rel=\"noopener\">Luka Nicolic<\/a> (<a href=\"https:\/\/coupedefrance.ffbb.com\/equipe\/341-vendee-challans-basket\" target=\"_blank\" rel=\"noopener\">Challans<\/a>) et <a href=\"https:\/\/coupedefrance.ffbb.com\/joueur\/181913-aurele-brena-chemille\" target=\"_blank\" rel=\"noopener\">Aurele Brena-Chemille<\/a> (<a href=\"https:\/\/coupedefrance.ffbb.com\/equipe\/299-poitiers\" target=\"_blank\" rel=\"noopener\">Poitiers<\/a>)<\/p>\n<p><strong>R\u00e9sultats du 1er tour de la Coupe de France<br \/><\/strong>Vendredi 12 septembre \u00e0 20h00<br \/><strong>Lyon SO (NM1) <\/strong>&#8211; Saint Vallier (NM1) : <strong><a href=\"https:\/\/coupedefrance.ffbb.com\/match\/826817-lyonso-saint-vallier\" target=\"_blank\" rel=\"noopener\">85-84<\/a><\/strong><br \/><strong>Les Sables d&rsquo;Olonne (NM1, +7)<\/strong> &#8211; Poitiers (Elite 2) : <strong><a href=\"https:\/\/coupedefrance.ffbb.com\/match\/826821-les-sables-vendee-poitiers\" target=\"_blank\" rel=\"noopener\">90-89<\/a><\/strong><br \/>Angers (NM1, +7) &#8211; <strong>Challans (Elite 2) <\/strong>: <strong><a href=\"https:\/\/coupedefrance.ffbb.com\/match\/826826-angers-vendee-challans-basket\" target=\"_blank\" rel=\"noopener\">65-79<\/a><\/strong><br \/><strong>Tours (NM1, +7) <\/strong>&#8211; Caen (Elite 2) : <strong><a href=\"https:\/\/coupedefrance.ffbb.com\/match\/826828-tours-caen\" target=\"_blank\" rel=\"noopener\">90-81<\/a><\/strong><br \/><strong>Le Havre (NM1, +7)<\/strong> &#8211; Rouen (Elite 2) : <strong><a href=\"https:\/\/coupedefrance.ffbb.com\/match\/826830-le-havre-rouen\" target=\"_blank\" rel=\"noopener\">95-91<\/a><\/strong><br \/><strong>Orchies (NM1)<\/strong> &#8211; Levallois (NM1) : <strong><a href=\"https:\/\/coupedefrance.ffbb.com\/match\/826832-bc-orchies-levallois-mbc\" target=\"_blank\" rel=\"noopener\">83-60<\/a><\/strong><br \/>Charleville-M\u00e9zi\u00e8res (NM1) &#8211; <strong>Metz (NM1)<\/strong> : <strong><a href=\"https:\/\/coupedefrance.ffbb.com\/match\/826836-charleville-mez-metz-bc\" target=\"_blank\" rel=\"noopener\">81-90<\/a><\/strong><br \/><strong>Mulhouse (NM1)<\/strong> &#8211; Besan\u00e7on (NM1) : <strong><a href=\"https:\/\/coupedefrance.ffbb.com\/match\/826838-mulhouse-besancon\" target=\"_blank\" rel=\"noopener\">71-60<\/a><br \/><\/strong><strong>Saint-Chamond-Andr\u00e9zieux (Elite 2) <\/strong>&#8211; Vichy (Elite 2) : <strong><a href=\"https:\/\/coupedefrance.ffbb.com\/match\/826820-saint-chamond-ja-vichy\" target=\"_blank\" rel=\"noopener\">75-66<\/a><\/strong><br \/>Toulouse (NM1) &#8211; <strong>Tarbes-Lourdes (NM1)<\/strong> : <strong><a href=\"https:\/\/coupedefrance.ffbb.com\/match\/826822-toulouse-basketball-club-tarbes-lourdes\" target=\"_blank\" rel=\"noopener\">59-79<\/a><\/strong><br \/><strong>Pays de Foug\u00e8res (NM1) <\/strong>&#8211; Lorient (NM1) : <strong><a href=\"https:\/\/coupedefrance.ffbb.com\/match\/826824-pays-de-fougeres-cep-lorient\" target=\"_blank\" rel=\"noopener\">83-72<\/a><\/strong><br \/>Pays Salonais Basket 13 (NM1, +7) &#8211; <strong>Antibes (Elite 2)<\/strong> : <strong><a href=\"https:\/\/coupedefrance.ffbb.com\/match\/826839-pays-salonais-basket-13-antibes\" target=\"_blank\" rel=\"noopener\">71-88<\/a><\/strong><\/p>\n<p><strong>Suite du programme du 1er tour de la Coupe de France<\/strong><br \/>Samedi 13 septembre \u00e0 17h00<br \/>Poissy (NM1) &#8211; Val de Seine (NM1)<\/p>\n<p>Samedi 13 septembre \u00e0 18h30<br \/>Ch\u00e2lons-Reims (Elite 2) &#8211; Gries-Souffel (Elite 2)<\/p>\n<p>Samedi 13 septembre \u00e0 19h00<br \/>Roanne (Elite 2) &#8211; Aix-Maurienne (Elite 2)\u00a0<a href=\"https:\/\/www.youtube.com\/@ChoraleTV\" target=\"_blank\" rel=\"noopener\">&#8211; En direct sur Youtube<\/a><\/p>\n<p>Samedi 13 septembre \u00e0 20h00<br \/>Fos-sur-mer (NM1, +7) &#8211; Hy\u00e8res-Toulon (Elite 2)<br \/>Beayssac-Beaupuy-Marmande (NM2, +14) &#8211; Pau-lacq-Orthez (Elite 2)<br \/>Rennes (NM1, +7) &#8211; Nantes (Elite 2)<br \/>Vitr\u00e9 (NM1, +7) &#8211; Quimper (Elite 2)<br \/>Chartres (NM1, +7) &#8211; Evreux (Elite 2)<br \/>Blois (Elite 2) &#8211; Orl\u00e9ans (Elite 2)<br \/>Boulogne-sur-mer (NM1, +7) &#8211; Denain (Elite 2)<br \/>Loon Plage (NM1) &#8211; Berck Rang du Fliers (NM1)<\/p>\n","protected":false},"excerpt":{"rendered":"Ambroise Couture et Tours passent le 1er tour de la Coupe Ce soir en ouverture de la Coupe&hellip;\n","protected":false},"author":2,"featured_media":386877,"comment_status":"","ping_status":"","sticky":false,"template":"","format":"standard","meta":{"footnotes":""},"categories":[1414],"tags":[1465,1464,1011,27,60],"class_list":{"0":"post-386876","1":"post","2":"type-post","3":"status-publish","4":"format-standard","5":"has-post-thumbnail","7":"category-basket","8":"tag-basket","9":"tag-basketball","10":"tag-fr","11":"tag-france","12":"tag-sports"},"share_on_mastodon":{"url":"https:\/\/pubeurope.com\/@fr\/115194884932556333","error":""},"_links":{"self":[{"href":"https:\/\/www.europesays.com\/fr\/wp-json\/wp\/v2\/posts\/386876","targetHints":{"allow":["GET"]}}],"collection":[{"href":"https:\/\/www.europesays.com\/fr\/wp-json\/wp\/v2\/posts"}],"about":[{"href":"https:\/\/www.europesays.com\/fr\/wp-json\/wp\/v2\/types\/post"}],"author":[{"embeddable":true,"href":"https:\/\/www.europesays.com\/fr\/wp-json\/wp\/v2\/users\/2"}],"replies":[{"embeddable":true,"href":"https:\/\/www.europesays.com\/fr\/wp-json\/wp\/v2\/comments?post=386876"}],"version-history":[{"count":0,"href":"https:\/\/www.europesays.com\/fr\/wp-json\/wp\/v2\/posts\/386876\/revisions"}],"wp:featuredmedia":[{"embeddable":true,"href":"https:\/\/www.europesays.com\/fr\/wp-json\/wp\/v2\/media\/386877"}],"wp:attachment":[{"href":"https:\/\/www.europesays.com\/fr\/wp-json\/wp\/v2\/media?parent=386876"}],"wp:term":[{"taxonomy":"category","embeddable":true,"href":"https:\/\/www.europesays.com\/fr\/wp-json\/wp\/v2\/categories?post=386876"},{"taxonomy":"post_tag","embeddable":true,"href":"https:\/\/www.europesays.com\/fr\/wp-json\/wp\/v2\/tags?post=386876"}],"curies":[{"name":"wp","href":"https:\/\/api.w.org\/{rel}","templated":true}]}}