{"id":386884,"date":"2025-09-13T03:36:13","date_gmt":"2025-09-13T03:36:13","guid":{"rendered":"https:\/\/www.europesays.com\/fr\/386884\/"},"modified":"2025-09-13T03:36:13","modified_gmt":"2025-09-13T03:36:13","slug":"rodrygo-au-psg-le-transfert-pharaonique","status":"publish","type":"post","link":"https:\/\/www.europesays.com\/fr\/386884\/","title":{"rendered":"Rodrygo au PSG, le transfert pharaonique !"},"content":{"rendered":"<p data-testid=\"article-teaser\">Le Real Madrid a \u00e9t\u00e9 tr\u00e8s actif cet \u00e9t\u00e9, avec quatre recrutements majeurs dans l&rsquo;effectif de Xabi Alonso.<\/p>\n<p>\u00a0Hormis Lucas Vazquez et Luka Modric, aucun d\u00e9part significatif n&rsquo;a \u00e9t\u00e9 enregistr\u00e9, ce qui n&rsquo;\u00e9tait pas pr\u00e9vu pour la majeure partie du mercato.\n<\/p>\n<p>Plus pr\u00e9cis\u00e9ment, de nombreuses rumeurs ont circul\u00e9 sur un \u00e9ventuel d\u00e9part de Rodrygo du Real Madrid, le joueur de 24 ans ayant suscit\u00e9 de nombreux int\u00e9r\u00eats de la part des clubs de Premier League, notamment Arsenal et Manchester City. Finalement, il est rest\u00e9 au Santiago Bernab\u00e9u, o\u00f9 il restera au moins une saison suppl\u00e9mentaire.\n<\/p>\n<p>Rodrygo s&rsquo;\u00e9tait montr\u00e9 ouvert aux offres cet \u00e9t\u00e9, mais sa position a chang\u00e9 \u00e0 l&rsquo;approche de la date limite. Mais le Paris Saint-Germain aurait pu mettre cette possibilit\u00e9 \u00e0 l&rsquo;\u00e9preuve, puisque Fabrizio Romano (via MD) a r\u00e9v\u00e9l\u00e9 que les champions d&rsquo;Europe avaient des contacts avec l&rsquo;international br\u00e9silien.\n<\/p>\n<p>Le PSG souhaitait Rodrygo pour remplacer Bradley Barcola, une cible de Premier League.\n<\/p>\n<p>Le PSG avait envisag\u00e9 Rodrygo comme sa cible privil\u00e9gi\u00e9e pour remplacer Bradley Barcola, en cas de d\u00e9part du joueur de 23 ans. Il a suscit\u00e9 l&rsquo;int\u00e9r\u00eat de Manchester City, de Liverpool et du Bayern Munich, mais il n&rsquo;a finalement pas quitt\u00e9 le club.\n<\/p>\n<p>La situation de Rodrygo s&rsquo;est stabilis\u00e9e pour les prochains mois au moins, mais s&rsquo;il continue \u00e0 avoir du mal \u00e0 \u00eatre titulaire r\u00e9guli\u00e8rement, il y a de fortes chances qu&rsquo;il parte en 2026. Des clubs comme Manchester City devraient conserver leur int\u00e9r\u00eat pour lui, et la recherche pourrait s&rsquo;intensifier d\u00e8s janvier.\n<\/p>\n<p>Il sera int\u00e9ressant de voir comment Rodrygo se comportera au Real Madrid au cours de la saison 2025-26. Il aura h\u00e2te de jouer r\u00e9guli\u00e8rement, la Coupe du monde ayant lieu l&rsquo;\u00e9t\u00e9 prochain, mais avec Vinicius Junior devant lui sur l&rsquo;aile gauche, il pourrait avoir du mal \u00e0 se faire remarquer.<\/p>\n","protected":false},"excerpt":{"rendered":"Le Real Madrid a \u00e9t\u00e9 tr\u00e8s actif cet \u00e9t\u00e9, avec quatre recrutements majeurs dans l&rsquo;effectif de Xabi Alonso.&hellip;\n","protected":false},"author":2,"featured_media":386885,"comment_status":"","ping_status":"","sticky":false,"template":"","format":"standard","meta":{"footnotes":""},"categories":[1410],"tags":[63,1011,27,19317,1434,4790,42891,51952,60,28401],"class_list":{"0":"post-386884","1":"post","2":"type-post","3":"status-publish","4":"format-standard","5":"has-post-thumbnail","7":"category-football","8":"tag-football","9":"tag-fr","10":"tag-france","11":"tag-laliga","12":"tag-mercato","13":"tag-real-madrid","14":"tag-real-sociedad","15":"tag-real-sociedad-vs-real-madrid","16":"tag-sports","17":"tag-transfers"},"share_on_mastodon":{"url":"https:\/\/pubeurope.com\/@fr\/115194900293112755","error":""},"_links":{"self":[{"href":"https:\/\/www.europesays.com\/fr\/wp-json\/wp\/v2\/posts\/386884","targetHints":{"allow":["GET"]}}],"collection":[{"href":"https:\/\/www.europesays.com\/fr\/wp-json\/wp\/v2\/posts"}],"about":[{"href":"https:\/\/www.europesays.com\/fr\/wp-json\/wp\/v2\/types\/post"}],"author":[{"embeddable":true,"href":"https:\/\/www.europesays.com\/fr\/wp-json\/wp\/v2\/users\/2"}],"replies":[{"embeddable":true,"href":"https:\/\/www.europesays.com\/fr\/wp-json\/wp\/v2\/comments?post=386884"}],"version-history":[{"count":0,"href":"https:\/\/www.europesays.com\/fr\/wp-json\/wp\/v2\/posts\/386884\/revisions"}],"wp:featuredmedia":[{"embeddable":true,"href":"https:\/\/www.europesays.com\/fr\/wp-json\/wp\/v2\/media\/386885"}],"wp:attachment":[{"href":"https:\/\/www.europesays.com\/fr\/wp-json\/wp\/v2\/media?parent=386884"}],"wp:term":[{"taxonomy":"category","embeddable":true,"href":"https:\/\/www.europesays.com\/fr\/wp-json\/wp\/v2\/categories?post=386884"},{"taxonomy":"post_tag","embeddable":true,"href":"https:\/\/www.europesays.com\/fr\/wp-json\/wp\/v2\/tags?post=386884"}],"curies":[{"name":"wp","href":"https:\/\/api.w.org\/{rel}","templated":true}]}}