{"id":386886,"date":"2025-09-13T03:37:15","date_gmt":"2025-09-13T03:37:15","guid":{"rendered":"https:\/\/www.europesays.com\/fr\/386886\/"},"modified":"2025-09-13T03:37:15","modified_gmt":"2025-09-13T03:37:15","slug":"mask-singer-elodix-poux-viree-par-la-production-on-connait-les-vraies-raisons-de-son-absence","status":"publish","type":"post","link":"https:\/\/www.europesays.com\/fr\/386886\/","title":{"rendered":"Mask Singer : Elodix Poux vir\u00e9e par la production ? On connait les vraies raisons de son absence"},"content":{"rendered":"<p>            <img loading=\"lazy\" decoding=\"async\" src=\"https:\/\/www.europesays.com\/fr\/wp-content\/uploads\/2025\/04\/1330eb2d145a3dbe-35x35-1.png\" class=\"author-article-picture\" width=\"35\" height=\"35\"\/><\/p>\n<p>                Par<br \/>\n                                    Marguerite Lania<br \/>\n                                                    | Journaliste<\/p>\n<p>\n                Marguerite est une passionn\u00e9e de s\u00e9ries et de t\u00e9l\u00e9, toujours pr\u00eate \u00e0 plonger dans les derni\u00e8res p\u00e9pites audiovisuelles. De ses critiques piquantes \u00e0 ses interviews exclusives, il\/elle scrute l\u2019univers des s\u00e9ries sous tous les angles. Son objectif ? Partager son amour pour l\u2019\u00e9cran et vous faire d\u00e9couvrir les meilleures (et parfois les plus surprenantes) cr\u00e9ations t\u00e9l\u00e9visuelles !\n            <\/p>\n<p>\n    Ce vendredi 12 septembre 2025, TF1 entame la diffusion de la saison 8 de Mask Singer. Un retour important, puisque l&rsquo;\u00e9mission est marqu\u00e9e par l&rsquo;arriv\u00e9e d&rsquo;un nouvel enqu\u00eateur : Michael Youn. L&rsquo;acteur remplace en effet Elodie Poux, partie apr\u00e8s une seule \u00e9dition. On vous explique.\n<\/p>\n<p>                            <img loading=\"lazy\" decoding=\"async\" class=\"player-thumbnail\" src=\"https:\/\/www.europesays.com\/fr\/wp-content\/uploads\/2025\/09\/48f7bd8656a64a7d-580x326-1.png\" width=\"580\" height=\"326\"\/><\/p>\n<p>                    L&rsquo;interview Off Screen de Camille Combal sp\u00e9ciale DALS. Le Brocoli de Mask Singer d\u00e9barque dans DALS et les internautes pensent l&rsquo;avoir d\u00e9masqu\u00e9. \u00a9 Vid\u00e9o : PRBK \/ Photo : Capture d&rsquo;\u00e9cran Mask Singer &#8211; TF1<\/p>\n<p>La suite apr\u00e8s la publicit\u00e9<\/p>\n<p>Mask Singer est-il le nouveau Koh-Lanta ? On peut se poser la question. Trois mois seulement apr\u00e8s <a href=\"https:\/\/www.purebreak.com\/news\/mask-singer-2025-la-girafe-gagnante-meme-sa-star-enfin-devoilee-ny-croyait-pas-je-pensais-faire-quelques-primes-et-bye\/254161\" rel=\"nofollow noopener\" target=\"_blank\">le sacre de Lola Dubini (la Girafe) lors de la saison 7<\/a>, le programme est d\u00e9j\u00e0 de retour sur TF1. Ce vendredi 12 septembre 2025, c&rsquo;est la saison 8 qui d\u00e9butera \u00e0 l&rsquo;antenne, avec de nouvelles c\u00e9l\u00e9brit\u00e9s myst\u00e9rieuses sous les costumes, mais \u00e9galement&#8230; un nouvel enqu\u00eateur.<\/p>\n<p>Apr\u00e8s une seule saison au casting, la com\u00e9dienne <strong>Elodie Poux a d\u00e9j\u00e0 laiss\u00e9 sa place d&rsquo;enqu\u00eatrice<\/strong>, reprise par un acteur incontournable de la cha\u00eene : <a href=\"https:\/\/www.purebreak.com\/personnalite\/michael-youn_e160\" rel=\"nofollow noopener\" target=\"_blank\">Michael Youn<\/a> (Flashback, Les bracelets rouges&#8230;). Un turn-over surprenant alors m\u00eame que l&rsquo;humoriste venait tout juste de remplacer In\u00e8s Reg, \u00e9galement pr\u00e9sente lors d&rsquo;une \u00e9dition unique, mais assum\u00e9e par la production.<\/p>\n<p>Pourquoi Elodie Poux a quitt\u00e9 Mask Singer<\/p>\n<p>Lors d&rsquo;une conf\u00e9rence de presse \u00e0 laquelle nos confr\u00e8res de Purem\u00e9dias ont pu assister, il a \u00e9t\u00e9 r\u00e9v\u00e9l\u00e9 qu&rsquo;Elodie Poux n&rsquo;avait pas \u00e9t\u00e9 vir\u00e9e \/ <a href=\"https:\/\/www.purebreak.com\/news\/ines-reg-viree-de-mask-singer-2025-par-tf1-les-fans-adorent-deja-sa-remplacante-qui-jouent-dans-scenes-de-menages-enfin-une-humoriste-drole\/252168\" rel=\"nofollow noopener\" target=\"_blank\">n&rsquo;\u00e9tait pas en froid avec l&rsquo;\u00e9quipe (\u00e0 l&rsquo;inverse de sa pr\u00e9d\u00e9cesseuse<\/a>). Simplement, elle ne se sentait pas de repartir aussi vite sur ce projet, la faute \u00e0 une production organis\u00e9e en deux petits mois.<\/p>\n<p>\u00ab\u00a0<strong>L\u2019ann\u00e9e a \u00e9t\u00e9 longue. Elodie nous a confi\u00e9 son besoin de souffler cet \u00e9t\u00e9<\/strong>\u00ab\u00a0, a rassur\u00e9 Anthony Meunier, le producteur de Mask Singer. Et de promettre ensuite : \u00ab\u00a0Mais nous sommes en tr\u00e8s bons termes avec elle\u00a0\u00bb. Autrement dit, elle pourrait revenir dans le cas o\u00f9 une place se lib\u00e9rerait.<\/p>\n<p>Mask Singer 2025 : Tibo InShape (DJ) d\u00e9masqu\u00e9 avant m\u00eame la diffusion, mais ce n&rsquo;est pas un gros fail et on vous explique<\/p>\n<p>Michael Youn, un rempla\u00e7ant au top<\/p>\n<p>Il est vrai qu&rsquo;en plus de sa carri\u00e8re d&rsquo;humoriste, Elodie Poux doit d\u00e9sormais assumer un nouveau r\u00f4le important : celui d&rsquo;Alice dans la s\u00e9rie quotidienne Sc\u00e8nes de M\u00e9nages sur M6. Et avec des sessions de tournage ou de lecture de sc\u00e9narios r\u00e9guli\u00e8res, il n&rsquo;est pas toujours simple d&rsquo;encha\u00eener tous les projets.<\/p>\n<p>Mais que les t\u00e9l\u00e9spectateurs se consolent, l&rsquo;arriv\u00e9e de Michael Youn devrait apporter de tr\u00e8s belles choses \u00e0 l&rsquo;\u00e9cran, gr\u00e2ce \u00e0 sa complicit\u00e9 avec Kev Adams avec qui il vient de tourner un film. \u00ab\u00a0Ils forment un tr\u00e8s bon bin\u00f4me, a-t-il indiqu\u00e9. <strong>On assiste \u00e0 un festival d\u2019humour<\/strong> entre eux mais aussi avec Camille Combal, Chantal Ladesou ou Laurent Ruquier !\u00a0\u00bb.<\/p>\n<p>        <img decoding=\"async\" class=\"thumb-img-100 thumb-img\" src=\"https:\/\/www.europesays.com\/fr\/wp-content\/uploads\/2025\/09\/998929db7e8d6967-320x180-1.png\" alt=\"Mask Singer : pourquoi les accusations de tricherie n'ont aucun sens ? Un candidat s'explique\" width=\"320\" height=\"180\" loading=\"lazy\" role=\"presentation\"\/><\/p>\n<p>                                            Mask Singer : pourquoi les accusations de tricherie n&rsquo;ont aucun sens ? Un candidat s&rsquo;explique<\/p>\n<p>        <img decoding=\"async\" class=\"thumb-img-100 thumb-img\" src=\"https:\/\/www.europesays.com\/fr\/wp-content\/uploads\/2025\/09\/966fb8634b1fcea1-320x180-1.jpg\" alt=\"Mask Singer : encore du changement dans l'\u00e9mission ? Un enqu\u00eateur pourrait laisser sa place, &quot;Je n'ai pas de contrat&quot;\" width=\"320\" height=\"180\" loading=\"lazy\" role=\"presentation\"\/><\/p>\n<p>                                            Mask Singer : encore du changement dans l&rsquo;\u00e9mission ? Un enqu\u00eateur pourrait laisser sa place, \u00ab\u00a0Je n&rsquo;ai pas de contrat\u00a0\u00bb<\/p>\n<p>        <img decoding=\"async\" class=\"thumb-img-100 thumb-img\" src=\"https:\/\/www.europesays.com\/fr\/wp-content\/uploads\/2025\/09\/6055a1a4d7ce444f-320x180-1.jpg\" alt=\"&quot;Elle aime \u00e7a&quot; : Chantal Ladesou balance cash sur le comportement d'In\u00e8s Reg dans Mask Singer !\" width=\"320\" height=\"180\" loading=\"lazy\" role=\"presentation\"\/><\/p>\n<p>                                            \u00ab\u00a0Elle aime \u00e7a\u00a0\u00bb : Chantal Ladesou balance cash sur le comportement d&rsquo;In\u00e8s Reg dans Mask Singer !<\/p>\n","protected":false},"excerpt":{"rendered":"Par Marguerite Lania | Journaliste Marguerite est une passionn\u00e9e de s\u00e9ries et de t\u00e9l\u00e9, toujours pr\u00eate \u00e0 plonger&hellip;\n","protected":false},"author":2,"featured_media":386887,"comment_status":"","ping_status":"","sticky":false,"template":"","format":"standard","meta":{"footnotes":""},"categories":[1359],"tags":[58,59,1011,27,973],"class_list":{"0":"post-386886","1":"post","2":"type-post","3":"status-publish","4":"format-standard","5":"has-post-thumbnail","7":"category-people","8":"tag-divertissement","9":"tag-entertainment","10":"tag-fr","11":"tag-france","12":"tag-people"},"share_on_mastodon":{"url":"https:\/\/pubeurope.com\/@fr\/115194904385736320","error":""},"_links":{"self":[{"href":"https:\/\/www.europesays.com\/fr\/wp-json\/wp\/v2\/posts\/386886","targetHints":{"allow":["GET"]}}],"collection":[{"href":"https:\/\/www.europesays.com\/fr\/wp-json\/wp\/v2\/posts"}],"about":[{"href":"https:\/\/www.europesays.com\/fr\/wp-json\/wp\/v2\/types\/post"}],"author":[{"embeddable":true,"href":"https:\/\/www.europesays.com\/fr\/wp-json\/wp\/v2\/users\/2"}],"replies":[{"embeddable":true,"href":"https:\/\/www.europesays.com\/fr\/wp-json\/wp\/v2\/comments?post=386886"}],"version-history":[{"count":0,"href":"https:\/\/www.europesays.com\/fr\/wp-json\/wp\/v2\/posts\/386886\/revisions"}],"wp:featuredmedia":[{"embeddable":true,"href":"https:\/\/www.europesays.com\/fr\/wp-json\/wp\/v2\/media\/386887"}],"wp:attachment":[{"href":"https:\/\/www.europesays.com\/fr\/wp-json\/wp\/v2\/media?parent=386886"}],"wp:term":[{"taxonomy":"category","embeddable":true,"href":"https:\/\/www.europesays.com\/fr\/wp-json\/wp\/v2\/categories?post=386886"},{"taxonomy":"post_tag","embeddable":true,"href":"https:\/\/www.europesays.com\/fr\/wp-json\/wp\/v2\/tags?post=386886"}],"curies":[{"name":"wp","href":"https:\/\/api.w.org\/{rel}","templated":true}]}}