{"id":386888,"date":"2025-09-13T03:38:17","date_gmt":"2025-09-13T03:38:17","guid":{"rendered":"https:\/\/www.europesays.com\/fr\/386888\/"},"modified":"2025-09-13T03:38:17","modified_gmt":"2025-09-13T03:38:17","slug":"la-phototherapie-comme-remede-au-manque-destime-de-soi","status":"publish","type":"post","link":"https:\/\/www.europesays.com\/fr\/386888\/","title":{"rendered":"la phototh\u00e9rapie comme rem\u00e8de au manque d&rsquo;estime de soi"},"content":{"rendered":"<p>            Par<br \/>\n        <strong><br \/>\n            <a href=\"https:\/\/actu.fr\/auteur\/carnet-mathilde-yahoo\" title=\"Consulter tous les articles de Mathilde Carnet\" target=\"_blank\" rel=\"noopener\">Mathilde Carnet<\/a><br \/>\n        <\/strong><\/p>\n<p>        Publi\u00e9 le<\/p>\n<p>            12 sept. 2025 \u00e0 17h06        <\/p>\n<p>Cet apr\u00e8s-midi d\u2019ao\u00fbt 2025, la valise de Vanessa Fontaine n\u2019aura pas voyag\u00e9 bien loin : une quarantaine de kilom\u00e8tres depuis Autheuil-Authouillet pour rejoindre le <b>studio photo <\/b>de <a href=\"https:\/\/actu.fr\/normandie\/la-saussaye_27616\/eure-une-photographe-sacree-portraitiste-de-france-cest-comme-recevoir-une-etoile-pour-les-cuisiniers_62542915.html\" target=\"_blank\" rel=\"noopener\">St\u00e9phanie Barillier<\/a>, \u00e0 <a href=\"https:\/\/actu.fr\/normandie\/la-saussaye_27616\" target=\"_blank\" rel=\"noopener\">La Saussaye<\/a> (Eure).<\/p>\n<p class=\" wall-content\">Une valise pr\u00e9par\u00e9e minutieusement, accompagn\u00e9e d\u2019une liste de chansons et aussi, forc\u00e9ment, d\u2019<b>un peu d\u2019appr\u00e9hension<\/b>. \u00c0 39\u00a0ans, Vanessa, accompagnante p\u00e9rinatale et m\u00e8re de deux enfants, s\u2019appr\u00eate \u00e0 participer, pour la premi\u00e8re fois, \u00e0 une s\u00e9ance de<b> phototh\u00e9rapie<\/b>.<\/p>\n<p>    <img   decoding=\"async\" loading=\"lazy\" class=\"size-large\" src=\"https:\/\/www.europesays.com\/fr\/wp-content\/uploads\/2025\/09\/19c16c9a20b861dc16c9a20b8e0d16v-960x640.jpg\" alt=\"phototh\u00e9rapie st\u00e9phanie Barillier la saussaye\" width=\"960\" height=\"640\"\/><br \/>\n    Des photos, mais aussi beaucoup de discussion entre la photographe et sa cliente. \u00a9Mathilde CarnetLe pouvoir de la photographie<\/p>\n<p class=\" wall-content\">St\u00e9phanie Barillier, photographe professionnelle depuis un an et demi, est aux manettes\u2026 ou plut\u00f4t \u00e0 l\u2019objectif. Cette<b> ancienne infirmi\u00e8re en psychiatrie<\/b> m\u00eale, dans ses s\u00e9ances de phototh\u00e9rapie, ses deux passions : <b>la photo, et \u00ab l\u2019humain \u00bb<\/b>. \u00ab Ces s\u00e9ances, je les appelle \u2018\u00eatre une femme\u2019. Pendant trois heures, <b>on travaille sur l\u2019estime de soi <\/b>: s\u2019accepter tel que l\u2019on est \u00bb, explique la photographe. Son r\u00f4le, c\u2019est d\u2019amener ses clientes \u00e0 porter leur regard sur leurs atouts plut\u00f4t que sur leurs d\u00e9fauts. \u00ab <b>Avec la photographie, on peut jouer sur les lumi\u00e8res<\/b>, accentuer certains traits, en masquer d\u2019autres \u00bb, pr\u00e9cise-t-elle.<\/p>\n<p>    <img   decoding=\"async\" loading=\"lazy\" class=\"size-large\" src=\"https:\/\/www.europesays.com\/fr\/wp-content\/uploads\/2025\/09\/cf173c9a20b86a0473c9a20b86a973v-960x640.jpg\" alt=\"phototh\u00e9rapie st\u00e9phanie Barillier la saussaye\" width=\"960\" height=\"640\"\/><br \/>\n    St\u00e9phanie Barillier danse et s\u2019amuse avec Vanessa, pour la mettre \u00e0 l\u2019aise. \u00a9Mathilde CarnetMaladie, vieillesse, complexes\u2026<\/p>\n<p class=\" wall-content\">Des adolescentes aux femmes \u00e2g\u00e9es, St\u00e9phanie fait des s\u00e9ances de phototh\u00e9rapie avec tous types de femmes : <b>apr\u00e8s un cancer, pour accepter de vieillir, pour assumer ses complexes<\/b>\u2026 \u00ab Les clientes viennent toutes chercher quelque chose, en phototh\u00e9rapie. \u00bb Il faut compter 210\u00a0euros la s\u00e9ance de trois heures, sans le tirage des photos.<\/p>\n<p>Vid\u00e9os : en ce moment sur Actu<\/p>\n<p class=\" wall-content\">De prime abord, la photographie n\u2019est pas l\u2019alli\u00e9e de Vanessa. \u00ab Je ne suis<b> pas tr\u00e8s \u00e0 l\u2019aise dans mon corps<\/b>, pas du genre \u00e0 me prendre en selfie \u00bb, annonce-t-elle. Pourtant, en rencontrant St\u00e9phanie dans d\u2019autres circonstances, la jeune maman a eu envie de s\u2019offrir un moment pour elle et, peut-\u00eatre, d\u2019enfin se trouver jolie. \u00ab J\u2019ai envie de retrouver de la bienveillance envers mon corps \u00bb, ajoute-t-elle.<\/p>\n<p>Votre r\u00e9gion, votre actu !<\/p>\n<p>Recevez chaque jour les infos qui comptent pour vous.<\/p>\n<p>\t<a href=\"https:\/\/actu.fr\/newsletter\" class=\"ac-btn ac-btn--corner ac-btn--medium ac-btn--blue800\" target=\"_blank\" rel=\"noopener\">S&rsquo;incrire<\/a><br \/>\nLa robe interdite<\/p>\n<p class=\" wall-content\">Pour la s\u00e9ance, Vanessa a d\u00fb apporter plusieurs tenues : celles de tous les jours, dans lesquelles elle est \u00e0 l\u2019aise : ce sera une jupe longue rose et un haut simple noir ; une tenue qu\u2019elle aime, mais qu\u2019elle n\u2019ose pas mettre : la longue robe rose, serr\u00e9e \u00e0 la taille, qu\u2019elle a tant h\u00e9sit\u00e9 \u00e0 mettre pour le mariage de son fr\u00e8re\u2026 avant de ne pas r\u00e9ussir, au dernier moment ; et enfin une tenue plus sexy, de la lingerie, pour la derni\u00e8re partie de la s\u00e9ance, si Vanessa le souhaite.<\/p>\n<p class=\" wall-content\">Avant de passer devant l\u2019objectif, Vanessa passe sous les pinceaux d\u2019Audrey Lecomte, maquilleuse et associ\u00e9e de St\u00e9phanie. Elle qui ne se maquille pratiquement pas re\u00e7oit les conseils de la professionnelle, tout en restant, comme elle le souhaite, \u00ab naturelle \u00bb.<\/p>\n<blockquote class=\"ac-article-quote wall-content\">\n<p>Les probl\u00e8mes de poids engendrent une charge mentale \u00e9norme.<\/p>\n<p>Vanessa Fontaine, cliente<\/p><\/blockquote>\n<p>    <img   decoding=\"async\" loading=\"lazy\" class=\"size-large\" src=\"https:\/\/www.europesays.com\/fr\/wp-content\/uploads\/2025\/09\/6a1c04429eb865e1c04429eb8422c0v-960x640.jpg\" alt=\"phototh\u00e9rapie st\u00e9phanie barillier la saussaye\" width=\"960\" height=\"640\"\/><br \/>\n    La cliente revient quelques jours apr\u00e8s la s\u00e9ance pour d\u00e9couvrir les photos, et choisir celles qu\u2019elle veut garder. \u00a9St\u00e9phanie Barillier<\/p>\n<p class=\" wall-content\">Vient ensuite un moment d\u2019\u00e9changes entre la cliente et la photographe. St\u00e9phanie lui pose une s\u00e9rie de questions. \u00ab Quelle est ta plus grande qualit\u00e9 ? \u2013 La g\u00e9n\u00e9rosit\u00e9. \u2013 Envers toi-m\u00eame ou envers les autres ? -\u2026 \u00bb Touch\u00e9. \u00ab Quel sentiment aimerais-tu \u00e9prouver \u00e0 ton \u00e9gard ? \u2013 <b>\u00catre fi\u00e8re de mon corps.<\/b> \u00bb Vanessa explique avoir <b>pris beaucoup de poids <\/b>et essay\u00e9, depuis plusieurs ann\u00e9es, de s\u2019assumer. \u00ab Les probl\u00e8mes de poids engendrent une charge mentale \u00e9norme. <b>Pour le mariage de mon fr\u00e8re, je me suis pris la t\u00eate pendant trois mois. <\/b>\u00c0 chaque repas, c\u2019est un casse-t\u00eate\u2026 \u00bb<\/p>\n<p class=\" wall-content\">Plus que l\u2019aspect physique, Vanessa en a aussi \u00ab voulu \u00e0 son corps \u00bb lorsqu\u2019elle a eu du mal \u00e0 avoir des enfants. \u00ab Que tu n\u2019aimes pas ton ventre, ce n\u2019est pas anodin \u00bb, avance St\u00e9phanie. Vanessa parle aussi de ce qu\u2019elle aime : ses yeux, ses cheveux, ses jambes, ses mains, et de ce qu\u2019elle attend de la s\u00e9ance : \u00ab Je veux redevenir amie avec mon corps. \u00bb<\/p>\n<p>L\u00e2cher prise sous l\u2019objectif<\/p>\n<p class=\" wall-content\">Vanessa enfile sa premi\u00e8re tenue. Sous l\u2019objectif de St\u00e9phanie, elle a d\u00fb mal \u00e0 se l\u00e2cher, \u00e0 savoir comment se positionner, \u00e0 \u00eatre naturelle. Pour l\u2019aider, la photographe danse avec elle, lance la playlist de musiques choisies par la cliente, et l\u2019encourage \u00e0 oublier sa pr\u00e9sence et \u00e0 <b>l\u00e2cher prise. <\/b>Au fil des musiques, Vanessa se laisse emporter par l\u2019<b>atmosph\u00e8re bienveillante <\/b>qui r\u00e8gne et se met \u00e0 danser.<\/p>\n<p class=\" wall-content\">Vient ensuite la partie plus intense de la s\u00e9ance. Vanessa doit enfiler la robe qu\u2019elle n\u2019ose pas mettre. Le fond passe du blanc au noir, la lumi\u00e8re est plus tamis\u00e9e. Vanessa est invit\u00e9e \u00e0 <b>ext\u00e9rioriser ses \u00e9motions n\u00e9gatives<\/b>, \u00e0 s\u2019en d\u00e9barrasser. Les mains pos\u00e9es sur ce ventre qu\u2019elle n\u2019aime pas, les yeux ferm\u00e9s, St\u00e9phanie lui demande de l\u00e2cher prise, par un cri. Habitu\u00e9e au contr\u00f4le et \u00e0 la retenue, Vanessa n\u2019ose pas vraiment puis, lorsque St\u00e9phanie lui prend la main, <b>elle fond en larmes. <\/b>\u00ab \u00c7a fait remonter des choses : ce qui fait que je suis dans cette situation, ce qui ne me pla\u00eet pas chez moi\u2026 \u00bb explique-t-elle apr\u00e8s coup.<\/p>\n<p>    <img   decoding=\"async\" loading=\"lazy\" class=\"size-large\" src=\"https:\/\/www.europesays.com\/fr\/wp-content\/uploads\/2025\/09\/0a6e6f429eb860e6e6f429eb8237e6v-960x640.jpg\" alt=\"phototh\u00e9rapie st\u00e9phanie barillier la saussaye\" width=\"960\" height=\"640\"\/><br \/>\n    \u00ab J\u2019ai r\u00e9alis\u00e9 que je pouvais me trouver jolie. Je ne pensais pas en \u00eatre capable. \u00bb \u00a9St\u00e9phanie Barillier\u00ab J\u2019ai r\u00e9alis\u00e9 que je pouvais me trouver jolie \u00bb<\/p>\n<p class=\" wall-content\">La troisi\u00e8me partie de la s\u00e9ance vise \u00e0 ce que la cliente devienne ce qu\u2019elle voudrait \u00eatre. En lingerie -certaines clientes terminent m\u00eame le shooting nues-, Vanessa doit aller au-del\u00e0 de ses complexes, <b>porter son regard sur ses atouts. <\/b><\/p>\n<p class=\" wall-content\">En sortant de la s\u00e9ance, la jeune maman est ravie. Quelque temps plus tard, elle retourne au studio pour voir le r\u00e9sultat et choisir les photos qu\u2019elle souhaite garder. \u00ab En termes d\u2019ego, \u00e7a m\u2019a boost\u00e9e. <b>J\u2019ai r\u00e9alis\u00e9 que je pouvais me trouver jolie. <\/b>Je ne pensais pas en \u00eatre capable. \u00bb<\/p>\n<p class=\" wall-content\">Personnalisez votre actualit\u00e9 en ajoutant vos villes et m\u00e9dias en favori avec <a href=\"https:\/\/moncompte.actu.fr\" title=\"D\u00e9couvez Mon Actu\" rel=\"nofollow noopener\" data-trk=\"{&quot;cta&quot;:{&quot;action&quot;:&quot;https:\\\/\\\/moncompte.actu.fr&quot;,&quot;category&quot;:&quot;mon compte&quot;,&quot;from&quot;:&quot;article footer&quot;,&quot;name&quot;:&quot;Mon actu&quot;,&quot;type&quot;:&quot;cta&quot;}}\" target=\"_blank\">Mon Actu<\/a>.<\/p>\n","protected":false},"excerpt":{"rendered":"Par Mathilde Carnet Publi\u00e9 le 12 sept. 2025 \u00e0 17h06 Cet apr\u00e8s-midi d\u2019ao\u00fbt 2025, la valise de Vanessa&hellip;\n","protected":false},"author":2,"featured_media":386889,"comment_status":"","ping_status":"","sticky":false,"template":"","format":"standard","meta":{"footnotes":""},"categories":[1358],"tags":[1348,1384,1385,4983,1386,58,59,1011,27,1756,104],"class_list":{"0":"post-386888","1":"post","2":"type-post","3":"status-publish","4":"format-standard","5":"has-post-thumbnail","7":"category-arts-et-design","8":"tag-arts","9":"tag-arts-and-design","10":"tag-arts-et-design","11":"tag-bien-etre","12":"tag-design","13":"tag-divertissement","14":"tag-entertainment","15":"tag-fr","16":"tag-france","17":"tag-photographie","18":"tag-societe"},"share_on_mastodon":{"url":"https:\/\/pubeurope.com\/@fr\/115194908224121530","error":""},"_links":{"self":[{"href":"https:\/\/www.europesays.com\/fr\/wp-json\/wp\/v2\/posts\/386888","targetHints":{"allow":["GET"]}}],"collection":[{"href":"https:\/\/www.europesays.com\/fr\/wp-json\/wp\/v2\/posts"}],"about":[{"href":"https:\/\/www.europesays.com\/fr\/wp-json\/wp\/v2\/types\/post"}],"author":[{"embeddable":true,"href":"https:\/\/www.europesays.com\/fr\/wp-json\/wp\/v2\/users\/2"}],"replies":[{"embeddable":true,"href":"https:\/\/www.europesays.com\/fr\/wp-json\/wp\/v2\/comments?post=386888"}],"version-history":[{"count":0,"href":"https:\/\/www.europesays.com\/fr\/wp-json\/wp\/v2\/posts\/386888\/revisions"}],"wp:featuredmedia":[{"embeddable":true,"href":"https:\/\/www.europesays.com\/fr\/wp-json\/wp\/v2\/media\/386889"}],"wp:attachment":[{"href":"https:\/\/www.europesays.com\/fr\/wp-json\/wp\/v2\/media?parent=386888"}],"wp:term":[{"taxonomy":"category","embeddable":true,"href":"https:\/\/www.europesays.com\/fr\/wp-json\/wp\/v2\/categories?post=386888"},{"taxonomy":"post_tag","embeddable":true,"href":"https:\/\/www.europesays.com\/fr\/wp-json\/wp\/v2\/tags?post=386888"}],"curies":[{"name":"wp","href":"https:\/\/api.w.org\/{rel}","templated":true}]}}