{"id":386892,"date":"2025-09-13T03:40:11","date_gmt":"2025-09-13T03:40:11","guid":{"rendered":"https:\/\/www.europesays.com\/fr\/386892\/"},"modified":"2025-09-13T03:40:11","modified_gmt":"2025-09-13T03:40:11","slug":"hugo-clement-rejoint-lea-salame-dans-quelle-epoque-sur-france-2","status":"publish","type":"post","link":"https:\/\/www.europesays.com\/fr\/386892\/","title":{"rendered":"Hugo Cl\u00e9ment rejoint L\u00e9a Salam\u00e9 dans \u00ab\u00a0Quelle \u00e9poque!\u00a0\u00bb sur France 2"},"content":{"rendered":"<p class=\"text-left ap-StoryElement ap-StoryElement--mb ap-StoryText\">Le journaliste Hugo Cl\u00e9ment fera sa rentr\u00e9e sur France 2 dans \u00ab\u00a0Quelle \u00e9poque !\u00a0\u00bb, le talk-show du samedi soir anim\u00e9 par L\u00e9a Salam\u00e9, apprend-on du m\u00e9dia fran\u00e7ais Le Parisien. Il rejoindra l&rsquo;\u00e9quipe d\u00e8s le 20 septembre pour l&rsquo;ouverture de la quatri\u00e8me saison.<\/p>\n<p class=\"text-left ap-StoryElement ap-StoryElement--mb ap-StoryText\">Connu pour son magazine \u00ab\u00a0Sur le front\u00a0\u00bb sur France 5 et pour ses engagements \u00e9cologiques, le journaliste de 35 ans explorera cette fois un tout autre registre. La cha\u00eene promet un rendez-vous in\u00e9dit chaque semaine, sans lien direct avec <a href=\"https:\/\/www.lalibre.be\/planete\/environnement\/\" target=\"_self\" rel=\"noopener\">l&rsquo;environnement<\/a>, son terrain habituel.<\/p>\n","protected":false},"excerpt":{"rendered":"Le journaliste Hugo Cl\u00e9ment fera sa rentr\u00e9e sur France 2 dans \u00ab\u00a0Quelle \u00e9poque !\u00a0\u00bb, le talk-show du samedi&hellip;\n","protected":false},"author":2,"featured_media":386893,"comment_status":"","ping_status":"","sticky":false,"template":"","format":"standard","meta":{"footnotes":""},"categories":[1356],"tags":[20460,58,25199,59,1011,3844,27,30030,2957,12820,252,1364],"class_list":{"0":"post-386892","1":"post","2":"type-post","3":"status-publish","4":"format-standard","5":"has-post-thumbnail","7":"category-television","8":"tag-bien-etre-animal","9":"tag-divertissement","10":"tag-ecologiste","11":"tag-entertainment","12":"tag-fr","13":"tag-francais","14":"tag-france","15":"tag-hugo-clement","16":"tag-journaliste","17":"tag-militant","18":"tag-television","19":"tag-tv"},"share_on_mastodon":{"url":"https:\/\/pubeurope.com\/@fr\/115194915985540500","error":""},"_links":{"self":[{"href":"https:\/\/www.europesays.com\/fr\/wp-json\/wp\/v2\/posts\/386892","targetHints":{"allow":["GET"]}}],"collection":[{"href":"https:\/\/www.europesays.com\/fr\/wp-json\/wp\/v2\/posts"}],"about":[{"href":"https:\/\/www.europesays.com\/fr\/wp-json\/wp\/v2\/types\/post"}],"author":[{"embeddable":true,"href":"https:\/\/www.europesays.com\/fr\/wp-json\/wp\/v2\/users\/2"}],"replies":[{"embeddable":true,"href":"https:\/\/www.europesays.com\/fr\/wp-json\/wp\/v2\/comments?post=386892"}],"version-history":[{"count":0,"href":"https:\/\/www.europesays.com\/fr\/wp-json\/wp\/v2\/posts\/386892\/revisions"}],"wp:featuredmedia":[{"embeddable":true,"href":"https:\/\/www.europesays.com\/fr\/wp-json\/wp\/v2\/media\/386893"}],"wp:attachment":[{"href":"https:\/\/www.europesays.com\/fr\/wp-json\/wp\/v2\/media?parent=386892"}],"wp:term":[{"taxonomy":"category","embeddable":true,"href":"https:\/\/www.europesays.com\/fr\/wp-json\/wp\/v2\/categories?post=386892"},{"taxonomy":"post_tag","embeddable":true,"href":"https:\/\/www.europesays.com\/fr\/wp-json\/wp\/v2\/tags?post=386892"}],"curies":[{"name":"wp","href":"https:\/\/api.w.org\/{rel}","templated":true}]}}