{"id":386894,"date":"2025-09-13T03:41:25","date_gmt":"2025-09-13T03:41:25","guid":{"rendered":"https:\/\/www.europesays.com\/fr\/386894\/"},"modified":"2025-09-13T03:41:25","modified_gmt":"2025-09-13T03:41:25","slug":"sch-et-gims-visent-le-podium-avec-lhymne-officiel-un-monde-a-lautre","status":"publish","type":"post","link":"https:\/\/www.europesays.com\/fr\/386894\/","title":{"rendered":"SCH et Gims visent le podium avec l&rsquo;hymne officiel \u00ab\u00a0Un monde \u00e0 l&rsquo;autre\u00a0\u00bb"},"content":{"rendered":"<p><img decoding=\"async\" src=\"https:\/\/www.europesays.com\/fr\/wp-content\/uploads\/2025\/09\/photo_1757669478.jpg\" class=\"textcenter img-content\" loading=\"lazy\"\/>Fifou<br \/>\n<br \/>\nLes concurrents vont bient\u00f4t s&rsquo;aligner sur la grille de d\u00e9part du GP Explorer 3. Apr\u00e8s le succ\u00e8s des premi\u00e8res comp\u00e9titions, la course de Formule 4 organis\u00e9e par Squeezie reviendra donner des sensations fortes aux 200.000 spectateurs du circuit Bugatti du Mans, et aux millions d&rsquo;internautes connect\u00e9s sur Twitch, du 3 au 5 octobre prochains. Et l&rsquo;\u00e9v\u00e9nement, diffus\u00e9 en int\u00e9gralit\u00e9 sur France 4 et France 2, aura une saveur particuli\u00e8re puisqu&rsquo;il s&rsquo;agira de l&rsquo;ultime \u00e9dition. \u00ab Je veux qu&rsquo;on s&rsquo;en souvienne comme un \u00e9v\u00e9nement qui a tout donn\u00e9, et pas comme un concept qui s&rsquo;essouffle \u00bb assure le cr\u00e9ateur de contenus, qui esp\u00e8re donc finir en beaut\u00e9. 24 pilotes, dont Mister V, Maghla, Amine, Maxime Biaggi, Billy ou Gotaga, tenteront de soulever le troph\u00e9e, et parmi eux se trouvent aussi trois rappeurs tr\u00e8s populaires : PLK, Houdi et SCH.<\/p>\n<p>Le player Dailymotion est en train de se charger&#8230;<\/p>\n<p>SCH, pilote et t\u00eate d&rsquo;affiche du GP Explorer<br \/>\nD\u00e9j\u00e0 participant lors du GP Explorer 2, SCH avait h\u00e9las \u00e9t\u00e9 contraint \u00e0 l&rsquo;abandon apr\u00e8s une sortie de piste. Le rappeur marseillais compte \u00e9videmment prendre sa revanche cette ann\u00e9e, et il affiche clairement ses ambitions dans&#8230; une nouvelle chanson, qui n&rsquo;est autre que l&rsquo;hymne du GP Explorer 3 ! Et il n&rsquo;est pas seul \u00e0 scander \u00ab Vroum, moteur \u00bb sur \u00ab\u00a0Un monde \u00e0 l&rsquo;autre\u00a0\u00bb, puisque le titre a \u00e9t\u00e9 confectionn\u00e9 avec la collaboration de Gims et La Mano 1.9. Depuis plus d&rsquo;un an, le premier encha\u00eene les pole positions avec ses multiples tubes \u00ab\u00a0Spider\u00a0\u00bb, \u00ab\u00a0Ciel\u00a0\u00bb, <a href=\"https:\/\/www.chartsinfrance.net\/actualite\/news-131807.html\" target=\"_blank\" class=\"spip_out\" rel=\"nofollow noopener\">\u00ab\u00a0Ninao\u00a0\u00bb<\/a>, \u00ab\u00a0Air Force Blanche\u00a0\u00bb avec Jul ou <a href=\"https:\/\/www.chartsinfrance.net\/actualite\/news-133380.html\" target=\"_blank\" class=\"spip_out\" rel=\"nofollow noopener\">\u00ab\u00a0Parisienne\u00a0\u00bb<\/a>, class\u00e9 <a href=\"https:\/\/www.chartsinfrance.net\/actualite\/news-133716.html\" target=\"_blank\" class=\"spip_out\" rel=\"nofollow noopener\">num\u00e9ro un du Top Singles<\/a> cette semaine. Le deuxi\u00e8me pose justement sa voix sur le hit du moment ! \u00c2g\u00e9 de 24 ans et originaire de Paris, La Mano 1.9 est en train de tout exploser sur son passage : il a \u00e9t\u00e9 sacr\u00e9 R\u00e9v\u00e9lation masculine de l&rsquo;ann\u00e9e lors de la c\u00e9r\u00e9monie des Flammes, en mai dernier. Autant dire que ce trio de choc est vou\u00e9 \u00e0 affoler les compteurs&#8230;<\/p>\n<p>Avant sa mise en ligne sur les plateformes, \u00ab\u00a0Un monde \u00e0 l&rsquo;autre\u00a0\u00bb a \u00e9t\u00e9 d\u00e9voil\u00e9 en avant-premi\u00e8re dans la spectaculaire bande-annonce du GP Explorer 3, qui pr\u00e9sente les diff\u00e9rentes \u00e9curies en lice pour la course. Et Squeezie nous promet assur\u00e9ment du grand spectacle, puisque l&rsquo;\u00e9v\u00e9nement sera ponctu\u00e9 par deux soir\u00e9es de concerts affichant \u00ab un v\u00e9ritable line-up de festival \u00bb. Au programme ? SDM, Vald, SCH, Vladimir Cauchemar et Joyca pour la soir\u00e9e de lancement le vendredi, et Theodora, Gazo, Tiakola et Myd pour les festivit\u00e9s du samedi. Du lourd !<\/p>\n","protected":false},"excerpt":{"rendered":"Fifou Les concurrents vont bient\u00f4t s&rsquo;aligner sur la grille de d\u00e9part du GP Explorer 3. Apr\u00e8s le succ\u00e8s&hellip;\n","protected":false},"author":2,"featured_media":386895,"comment_status":"","ping_status":"","sticky":false,"template":"","format":"standard","meta":{"footnotes":""},"categories":[1355],"tags":[58,59,1011,27,1361,873],"class_list":{"0":"post-386894","1":"post","2":"type-post","3":"status-publish","4":"format-standard","5":"has-post-thumbnail","7":"category-musique","8":"tag-divertissement","9":"tag-entertainment","10":"tag-fr","11":"tag-france","12":"tag-music","13":"tag-musique"},"share_on_mastodon":{"url":"https:\/\/pubeurope.com\/@fr\/115194920204306396","error":""},"_links":{"self":[{"href":"https:\/\/www.europesays.com\/fr\/wp-json\/wp\/v2\/posts\/386894","targetHints":{"allow":["GET"]}}],"collection":[{"href":"https:\/\/www.europesays.com\/fr\/wp-json\/wp\/v2\/posts"}],"about":[{"href":"https:\/\/www.europesays.com\/fr\/wp-json\/wp\/v2\/types\/post"}],"author":[{"embeddable":true,"href":"https:\/\/www.europesays.com\/fr\/wp-json\/wp\/v2\/users\/2"}],"replies":[{"embeddable":true,"href":"https:\/\/www.europesays.com\/fr\/wp-json\/wp\/v2\/comments?post=386894"}],"version-history":[{"count":0,"href":"https:\/\/www.europesays.com\/fr\/wp-json\/wp\/v2\/posts\/386894\/revisions"}],"wp:featuredmedia":[{"embeddable":true,"href":"https:\/\/www.europesays.com\/fr\/wp-json\/wp\/v2\/media\/386895"}],"wp:attachment":[{"href":"https:\/\/www.europesays.com\/fr\/wp-json\/wp\/v2\/media?parent=386894"}],"wp:term":[{"taxonomy":"category","embeddable":true,"href":"https:\/\/www.europesays.com\/fr\/wp-json\/wp\/v2\/categories?post=386894"},{"taxonomy":"post_tag","embeddable":true,"href":"https:\/\/www.europesays.com\/fr\/wp-json\/wp\/v2\/tags?post=386894"}],"curies":[{"name":"wp","href":"https:\/\/api.w.org\/{rel}","templated":true}]}}