{"id":386896,"date":"2025-09-13T03:42:22","date_gmt":"2025-09-13T03:42:22","guid":{"rendered":"https:\/\/www.europesays.com\/fr\/386896\/"},"modified":"2025-09-13T03:42:22","modified_gmt":"2025-09-13T03:42:22","slug":"mercredi-ou-hermione-granger-harry-potter","status":"publish","type":"post","link":"https:\/\/www.europesays.com\/fr\/386896\/","title":{"rendered":"Mercredi ou Hermione Granger (Harry Potter) ?"},"content":{"rendered":"<p><p><a href=\"https:\/\/www.serieously.com\" target=\"_blank\" rel=\"noopener\">Accueil<\/a> &gt; <a href=\"https:\/\/www.serieously.com\/quiz\/\" target=\"_blank\" rel=\"noopener\">Quiz<\/a> &gt; Quiz \u00ab\u00a0qui a fait \u00e7a ?\u00a0\u00bb : Mercredi ou Hermione Granger (Harry Potter) ?<\/p>\n<\/p>\n<p class=\"o-article__published-by o-article__bullets\">\n            Publi\u00e9 le<br \/>\n                        12 septembre 2025 \u00e0 16 h 00<\/p>\n<p>             Par<br \/>\n                <a href=\"https:\/\/www.serieously.com\/author\/drifa\/\" target=\"_blank\" rel=\"noopener\">Drifa<br \/>\n                    Maza<\/a><\/p>\n<p><strong>Fan de Mercredi ET Harry Potter ? On a alors le quiz parfait pour toi m\u00ealant ces deux univers fantastiques ! \u00c0 toi de deviner si les cinq v\u00e9rit\u00e9s suivantes appartiennent au personnage jou\u00e9 par Jenna Ortega ou Hermione Granger. <\/strong><\/p>\n<p>Cette v\u00e9rit\u00e9 appartient-elle \u00e0 Mercredi ou Hermione Granger (Harry Potter) ? <\/p>\n<p>\t\t\t\t\t<img decoding=\"async\" src=\"https:\/\/www.europesays.com\/fr\/wp-content\/uploads\/2025\/09\/verite-sur-hermione-granger.jpg\" alt=\"\u00a9 Netflix \/ Warner Bros\/ Canva\" width=\"400\" height=\"225\" loading=\"lazy\" style=\"aspect-ratio: 16\/9; object-fit: cover;\"\/><\/p>\n<p>\u00a9 Netflix \/ Warner Bros\/ Canva<\/p>\n<p>\t\t\t\t\t\t\t\t\t<img decoding=\"async\" src=\"https:\/\/www.europesays.com\/fr\/wp-content\/uploads\/2025\/09\/mercredisuqare-min.jpg\" alt=\"Mercredi Addams \" width=\"150\" height=\"150\" loading=\"lazy\"\/><\/p>\n<p>\n\t\t\t\t\t\t\t\t\tMercredi Addams\n\t\t\t\t\t\t\t\t<\/p>\n<p>\t\t\t\t\t\t\t\t\t<img decoding=\"async\" src=\"https:\/\/www.europesays.com\/fr\/wp-content\/uploads\/2025\/09\/hermione-granger-galerie-harry-potter.jpg\" alt=\"Hermione Granger \" width=\"150\" height=\"150\" loading=\"lazy\"\/><\/p>\n<p>\n\t\t\t\t\t\t\t\t\tHermione Granger\n\t\t\t\t\t\t\t\t<\/p>\n<p>Cette v\u00e9rit\u00e9 fait r\u00e9f\u00e9rence au Prisonnier d\u2019Azkaban, donc Hermione Granger.<\/p>\n<p>Cette v\u00e9rit\u00e9 appartient-elle \u00e0 Mercredi ou Hermione Granger (Harry Potter) ? <\/p>\n<p>\t\t\t\t\t<img decoding=\"async\" src=\"https:\/\/www.europesays.com\/fr\/wp-content\/uploads\/2025\/09\/verite-sur-le-jour-de-naissance-de-hermione-granger.jpg\" alt=\"\u00a9 Netflix \/ Warner Bros\/ Canva\" width=\"400\" height=\"225\" loading=\"lazy\" style=\"aspect-ratio: 16\/9; object-fit: cover;\"\/><\/p>\n<p>\u00a9 Netflix \/ Warner Bros\/ Canva<\/p>\n<p>\t\t\t\t\t\t\t\t\t<img decoding=\"async\" src=\"https:\/\/www.europesays.com\/fr\/wp-content\/uploads\/2025\/09\/mercredisuqare-min.jpg\" alt=\"Mercredi Addams \" width=\"150\" height=\"150\" loading=\"lazy\"\/><\/p>\n<p>\n\t\t\t\t\t\t\t\t\tMercredi Addams\n\t\t\t\t\t\t\t\t<\/p>\n<p>\t\t\t\t\t\t\t\t\t<img decoding=\"async\" src=\"https:\/\/www.europesays.com\/fr\/wp-content\/uploads\/2025\/09\/hermione-granger-galerie-harry-potter.jpg\" alt=\"Hermione Granger \" width=\"150\" height=\"150\" loading=\"lazy\"\/><\/p>\n<p>\n\t\t\t\t\t\t\t\t\tHermione Granger\n\t\t\t\t\t\t\t\t<\/p>\n<p>Attention au petit pi\u00e8ge : le personnage de Mercredi est n\u00e9 un vendredi 13 tandis que celui de Hermione est n\u00e9 le 19 septembre 1979, soit un mercredi !<\/p>\n<p>Cette v\u00e9rit\u00e9 appartient-elle \u00e0 Mercredi ou Hermione Granger (Harry Potter) ? <\/p>\n<p>\t\t\t\t\t<img decoding=\"async\" src=\"https:\/\/www.europesays.com\/fr\/wp-content\/uploads\/2025\/09\/verite-sur-le-personnage-de-mercredi.jpg\" alt=\"\u00a9 Netflix \/ Warner Bros\/ Canva\" width=\"400\" height=\"225\" loading=\"lazy\" style=\"aspect-ratio: 16\/9; object-fit: cover;\"\/><\/p>\n<p>\u00a9 Netflix \/ Warner Bros\/ Canva<\/p>\n<p>\t\t\t\t\t\t\t\t\t<img decoding=\"async\" src=\"https:\/\/www.europesays.com\/fr\/wp-content\/uploads\/2025\/09\/mercredisuqare-min.jpg\" alt=\"Mercredi Addams \" width=\"150\" height=\"150\" loading=\"lazy\"\/><\/p>\n<p>\n\t\t\t\t\t\t\t\t\tMercredi Addams\n\t\t\t\t\t\t\t\t<\/p>\n<p>\t\t\t\t\t\t\t\t\t<img decoding=\"async\" src=\"https:\/\/www.europesays.com\/fr\/wp-content\/uploads\/2025\/09\/hermione-granger-galerie-harry-potter.jpg\" alt=\"Hermione Granger \" width=\"150\" height=\"150\" loading=\"lazy\"\/><\/p>\n<p>\n\t\t\t\t\t\t\t\t\tHermione Granger\n\t\t\t\t\t\t\t\t<\/p>\n<p>Mercredi offre une poup\u00e9e \u00e0 Enid dans la saison 2 de la s\u00e9rie Netflix.<\/p>\n<p>Cette v\u00e9rit\u00e9 appartient-elle \u00e0 Mercredi ou Hermione Granger (Harry Potter) ? <\/p>\n<p>\t\t\t\t\t<img decoding=\"async\" src=\"https:\/\/www.europesays.com\/fr\/wp-content\/uploads\/2025\/09\/verite-sur-le-personnage-de-hermione.jpg\" alt=\"\u00a9 Netflix \/ Warner Bros\/ Canva\" width=\"400\" height=\"225\" loading=\"lazy\" style=\"aspect-ratio: 16\/9; object-fit: cover;\"\/><\/p>\n<p>\u00a9 Netflix \/ Warner Bros\/ Canva<\/p>\n<p>\t\t\t\t\t\t\t\t\t<img decoding=\"async\" src=\"https:\/\/www.europesays.com\/fr\/wp-content\/uploads\/2025\/09\/mercredisuqare-min.jpg\" alt=\"Mercredi Addams \" width=\"150\" height=\"150\" loading=\"lazy\"\/><\/p>\n<p>\n\t\t\t\t\t\t\t\t\tMercredi Addams\n\t\t\t\t\t\t\t\t<\/p>\n<p>\t\t\t\t\t\t\t\t\t<img decoding=\"async\" src=\"https:\/\/www.europesays.com\/fr\/wp-content\/uploads\/2025\/09\/hermione-granger-galerie-harry-potter.jpg\" alt=\"Hermione Granger \" width=\"150\" height=\"150\" loading=\"lazy\"\/><\/p>\n<p>\n\t\t\t\t\t\t\t\t\tHermione Granger\n\t\t\t\t\t\t\t\t<\/p>\n<p>Hermione lance un sort sur ses parents dans Harry Potter et les reliques de la mort.\u00a0<\/p>\n<p>Cette v\u00e9rit\u00e9 appartient-elle \u00e0 Mercredi ou Hermione Granger (Harry Potter) ? <\/p>\n<p>\t\t\t\t\t<img decoding=\"async\" src=\"https:\/\/www.europesays.com\/fr\/wp-content\/uploads\/2025\/09\/verite-sur-mercredi-addams.jpg\" alt=\"\u00a9 Netflix \/ Warner Bros\/ Canva\" width=\"400\" height=\"225\" loading=\"lazy\" style=\"aspect-ratio: 16\/9; object-fit: cover;\"\/><\/p>\n<p>\u00a9 Netflix \/ Warner Bros\/ Canva<\/p>\n<p>\t\t\t\t\t\t\t\t\t<img decoding=\"async\" src=\"https:\/\/www.europesays.com\/fr\/wp-content\/uploads\/2025\/09\/mercredisuqare-min.jpg\" alt=\"Mercredi Addams \" width=\"150\" height=\"150\" loading=\"lazy\"\/><\/p>\n<p>\n\t\t\t\t\t\t\t\t\tMercredi Addams\n\t\t\t\t\t\t\t\t<\/p>\n<p>\t\t\t\t\t\t\t\t\t<img decoding=\"async\" src=\"https:\/\/www.europesays.com\/fr\/wp-content\/uploads\/2025\/09\/hermione-granger-galerie-harry-potter.jpg\" alt=\"Hermione Granger \" width=\"150\" height=\"150\" loading=\"lazy\"\/><\/p>\n<p>\n\t\t\t\t\t\t\t\t\tHermione Granger\n\t\t\t\t\t\t\t\t<\/p>\n<p>Cette v\u00e9rit\u00e9 appartient \u00e0 Mercredi.<\/p>\n<p class=\"o-quiz__result-title\">Impressionnant ! <\/p>\n<p class=\"o-quiz__result-subtitle\">Tu as obtenu un score de [[ score ]]\/[[ questions ]]<\/p>\n<p>\t\t\t\t\t\t\t\t\t<img decoding=\"async\" src=\"https:\/\/www.europesays.com\/fr\/wp-content\/uploads\/2025\/04\/resultat-quiz-bravo.jpg\" alt=\"Impressionnant ! \" width=\"768\" height=\"432\" loading=\"lazy\"\/><\/p>\n<p>Bravo pour ton sans-faute \u00e0 ce quiz, qui prouve que tu adores les mondes fantastiques tels que Mercredi et Harry Potter. Tu donnerais tout pour passer ne serait-ce qu\u2019une journ\u00e9e dans ces univers, pas vrai ?<\/p>\n<p>Continue avec ces <a href=\"https:\/\/www.serieously.com\/series-tv-anime\/mercredi-netflix\/\" target=\"_blank\" rel=\"noopener\" aria-label=\"\">autres quiz sur Mercredi<\/a> et\/ou <a href=\"https:\/\/www.serieously.com\/films\/harry-potter\/\" target=\"_blank\" rel=\"noopener\" aria-label=\"\">Harry Potter<\/a> !<\/p>\n<p class=\"o-quiz__result-title\">Bien ! <\/p>\n<p class=\"o-quiz__result-subtitle\">Tu as obtenu un score de [[ score ]]\/[[ questions ]]<\/p>\n<p>\t\t\t\t\t\t\t\t\t<img decoding=\"async\" src=\"https:\/\/www.europesays.com\/fr\/wp-content\/uploads\/2025\/04\/resultat-quiz-pas-mal.jpg\" alt=\"Bien ! \" width=\"768\" height=\"432\" loading=\"lazy\"\/><\/p>\n<p>Ton score est plut\u00f4t bon ! On voit que tu aimes ces deux mondes fantastiques et que ces deux programmes t\u2019ont marqu\u00e9 parce que tu te souviens encore de quelques d\u00e9tails.<\/p>\n<p>Continue avec ces <a href=\"https:\/\/www.serieously.com\/series-tv-anime\/mercredi-netflix\/\" target=\"_blank\" rel=\"noopener\" aria-label=\"\">autres quiz sur Mercredi<\/a> et\/ou <a href=\"https:\/\/www.serieously.com\/films\/harry-potter\/\" target=\"_blank\" rel=\"noopener\" aria-label=\"\">Harry Potter<\/a> !<\/p>\n<p class=\"o-quiz__result-title\">A\u00efe&#8230;<\/p>\n<p class=\"o-quiz__result-subtitle\">Tu as obtenu un score de [[ score ]]\/[[ questions ]]<\/p>\n<p>\t\t\t\t\t\t\t\t\t<img decoding=\"async\" src=\"https:\/\/www.europesays.com\/fr\/wp-content\/uploads\/2025\/04\/resultat-quiz-rate.jpg\" alt=\"A\u00efe...\" width=\"768\" height=\"432\" loading=\"lazy\"\/><\/p>\n<p>Visiblement, les mondes fantastiques, c\u2019est pas vraiment ton truc\u2026 Tu connais \u00e9videmment ces deux programmes, mais tu ne les as pas assez regard\u00e9s pour te souvenir de tous les d\u00e9tails. Dommage !<\/p>\n<p>Rattrape-toi avec ces <a href=\"https:\/\/www.serieously.com\/series-tv-anime\/mercredi-netflix\/\" target=\"_blank\" rel=\"noopener\" aria-label=\"\">autres quiz sur Mercredi<\/a> et\/ou <a href=\"https:\/\/www.serieously.com\/films\/harry-potter\/\" target=\"_blank\" rel=\"noopener\" aria-label=\"\">Harry Potter<\/a> !<\/p>\n<p>\t\tRecommencer le quiz<\/p>\n<p>\t\t\t<img decoding=\"async\" src=\"https:\/\/www.europesays.com\/fr\/wp-content\/uploads\/2025\/09\/1757734942_58_capture-decran-2024-07-08-a-17-20-25.png\" alt=\"Drifa Maza\" width=\"70\" height=\"70\" loading=\"lazy\"\/><\/p>\n<p class=\"m-user__name\">Drifa Maza<\/p>\n<p class=\"m-user__job\">Journaliste<\/p>\n<p class=\"m-user__description\">En plus d&rsquo;\u00eatre la fan num\u00e9ro un de La La Land et Paddington, je suis aussi une grande passionn\u00e9e de cin\u00e9ma de toutes les \u00e9poques, allant de ses d\u00e9buts \u00e0 aujourd&rsquo;hui. Mon enfance a \u00e9t\u00e9 berc\u00e9e par les Pixar et l&rsquo;\u00e8re Disney Channel. Je suis avec assiduit\u00e9 l&rsquo;actualit\u00e9 Marvel, cin\u00e9, s\u00e9ries, fran\u00e7aise comme \u00e9trang\u00e8re et je suis toujours \u00e0 la recherche d&rsquo;une nouvelle s\u00e9rie \u00e0 binger !<\/p>\n<p>\n\t\t\t\t\t\t\t\t\t\t\t\t\t\t\tContacter<br \/>\n\t\t\t\t\t\tDrifa\n\t\t\t\t\t\t\t\t\t<\/p>\n<p>Lundi&rsquo;spensable<\/p>\n<p class=\"mt-4 mb-4 text-xl text-center\">Le meilleur de <\/p>\n<p> dans ta boite mail<\/p>\n","protected":false},"excerpt":{"rendered":"Accueil &gt; Quiz &gt; Quiz \u00ab\u00a0qui a fait \u00e7a ?\u00a0\u00bb : Mercredi ou Hermione Granger (Harry Potter) ?&hellip;\n","protected":false},"author":2,"featured_media":386897,"comment_status":"","ping_status":"","sticky":false,"template":"","format":"standard","meta":{"footnotes":""},"categories":[1354],"tags":[58,59,1346,1011,27,1360],"class_list":{"0":"post-386896","1":"post","2":"type-post","3":"status-publish","4":"format-standard","5":"has-post-thumbnail","7":"category-films","8":"tag-divertissement","9":"tag-entertainment","10":"tag-films","11":"tag-fr","12":"tag-france","13":"tag-movies"},"share_on_mastodon":{"url":"https:\/\/pubeurope.com\/@fr\/115194925137410234","error":""},"_links":{"self":[{"href":"https:\/\/www.europesays.com\/fr\/wp-json\/wp\/v2\/posts\/386896","targetHints":{"allow":["GET"]}}],"collection":[{"href":"https:\/\/www.europesays.com\/fr\/wp-json\/wp\/v2\/posts"}],"about":[{"href":"https:\/\/www.europesays.com\/fr\/wp-json\/wp\/v2\/types\/post"}],"author":[{"embeddable":true,"href":"https:\/\/www.europesays.com\/fr\/wp-json\/wp\/v2\/users\/2"}],"replies":[{"embeddable":true,"href":"https:\/\/www.europesays.com\/fr\/wp-json\/wp\/v2\/comments?post=386896"}],"version-history":[{"count":0,"href":"https:\/\/www.europesays.com\/fr\/wp-json\/wp\/v2\/posts\/386896\/revisions"}],"wp:featuredmedia":[{"embeddable":true,"href":"https:\/\/www.europesays.com\/fr\/wp-json\/wp\/v2\/media\/386897"}],"wp:attachment":[{"href":"https:\/\/www.europesays.com\/fr\/wp-json\/wp\/v2\/media?parent=386896"}],"wp:term":[{"taxonomy":"category","embeddable":true,"href":"https:\/\/www.europesays.com\/fr\/wp-json\/wp\/v2\/categories?post=386896"},{"taxonomy":"post_tag","embeddable":true,"href":"https:\/\/www.europesays.com\/fr\/wp-json\/wp\/v2\/tags?post=386896"}],"curies":[{"name":"wp","href":"https:\/\/api.w.org\/{rel}","templated":true}]}}