{"id":38690,"date":"2025-04-20T10:51:27","date_gmt":"2025-04-20T10:51:27","guid":{"rendered":"https:\/\/www.europesays.com\/fr\/38690\/"},"modified":"2025-04-20T10:51:27","modified_gmt":"2025-04-20T10:51:27","slug":"quinte-quinte-du-dimanche-20-avril-a-auteuil-iradius-a-le-profil-pour-devenir-president","status":"publish","type":"post","link":"https:\/\/www.europesays.com\/fr\/38690\/","title":{"rendered":"Quint\u00e9+: Quint\u00e9+ du dimanche 20 avril \u00e0 Auteuil : Iradius a le profil pour devenir Pr\u00e9sident"},"content":{"rendered":"<p><strong>Les partants du Quint\u00e9+ de ce dimanche 20 avril<\/strong><strong style=\"float: left;margin-left: 2%;\">PRIX DU PRESIDENT DE LA REPUBLIQUE (GROUPE III)<\/strong><strong style=\"float: right;margin-right: 2%;\">DIMANCHE 20 AVRIL<\/strong><br \/>AUTEUIL &#8211; 4700 METRES &#8211; \u00a0<img decoding=\"async\" alt=\"picto_obstacle\" class=\"img2\" src=\"https:\/\/www.europesays.com\/fr\/wp-content\/uploads\/2025\/04\/obstacles.svg.svg+xml\"\/>D\u00c9PART : 15H15<\/p>\n<tr class=\"row1\" style=\"border: thin solid #020338; width: 50%; padding: 5px; background-color: #020338; color: #FFFFFF; text-align: left; line-height: 15px;\">N\u00b0\u00a0CHEVAL\u00a0JOCKEYPOIDS\u00a0ENTRA\u00ceNEURVALEURGAINS<\/tr>\n<tr class=\"row2\" style=\"text-align: left; background-color: #FFFFFF; line-height: 15px;\">\n<td class=\"col1\" style=\"text-align: center; width: 65px;font-weight: bold;\">1<\/td>\n<td class=\"col2\"><a href=\"https:\/\/www.equidia.fr\/chevaux\/scatar?horse_uuid=7a583e1e-1f68-4b29-b3e8-7e61c988f251\" target=\"_blank\" rel=\"noopener\">SCATAR<\/a><\/td>\n<td class=\"col3\">F.GILES<\/td>\n<td class=\"col4\">72.0 kg<\/td>\n<td class=\"col5\">GAB.LEENDERS (S)<\/td>\n<td class=\"col6\" style=\"text-align: center;\">68.0<\/td>\n<td class=\"col7\" style=\"text-align: right;\">161950 \u20ac<\/td>\n<\/tr>\n<tr class=\"row3\" style=\"text-align: left; background-color: rgb(218, 218, 226); line-height: 15px;\">\n<td class=\"col1\" style=\"text-align: center; width: 65px;font-weight: bold;\">2<\/td>\n<td class=\"col2\"><a href=\"https:\/\/www.equidia.fr\/chevaux\/indivis?horse_uuid=85a6b0ae-c700-4c21-ad0b-bd2f13ce2b6c\" target=\"_blank\" rel=\"noopener\">INDIVIS<\/a><\/td>\n<td class=\"col3\">B.LESTRADE<\/td>\n<td class=\"col4\">70.0 kg<\/td>\n<td class=\"col5\">A.BOISBRUNET (S)<\/td>\n<td class=\"col6\" style=\"text-align: center;\">66.0<\/td>\n<td class=\"col7\" style=\"text-align: right;\">234465 \u20ac<\/td>\n<\/tr>\n<tr class=\"row2\" style=\"text-align: left; background-color: #FFFFFF; line-height: 15px;\">\n<td class=\"col1\" style=\"text-align: center; width: 65px;font-weight: bold;\">3<\/td>\n<td class=\"col2\"><a href=\"https:\/\/www.equidia.fr\/chevaux\/benou?horse_uuid=31af0956-cc8b-4690-aba4-0e347fee816d\" target=\"_blank\" rel=\"noopener\">BENOU<\/a><\/td>\n<td class=\"col3\">L.PHILIPPERON<\/td>\n<td class=\"col4\">68.0 kg<\/td>\n<td class=\"col5\">M.ROLLAND (S)<\/td>\n<td class=\"col6\" style=\"text-align: center;\">64.0<\/td>\n<td class=\"col7\" style=\"text-align: right;\">177975 \u20ac<\/td>\n<\/tr>\n<tr class=\"row3\" style=\"text-align: left; background-color: rgb(218, 218, 226); line-height: 15px;\">\n<td class=\"col1\" style=\"text-align: center; width: 65px;font-weight: bold;\">4<\/td>\n<td class=\"col2\"><a href=\"https:\/\/www.equidia.fr\/chevaux\/inaya-jones?horse_uuid=e7669d67-cd66-40e8-bff6-0450cb1bcf2d\" target=\"_blank\" rel=\"noopener\">INAYA JONES<\/a><\/td>\n<td class=\"col3\">T.ANDRIEUX<\/td>\n<td class=\"col4\">68.0 kg<\/td>\n<td class=\"col5\">MME D.MELE<\/td>\n<td class=\"col6\" style=\"text-align: center;\">64.0<\/td>\n<td class=\"col7\" style=\"text-align: right;\">165290 \u20ac<\/td>\n<\/tr>\n<tr class=\"row2\" style=\"text-align: left; background-color: #FFFFFF; line-height: 15px;\">\n<td class=\"col1\" style=\"text-align: center; width: 65px;font-weight: bold;\">5<\/td>\n<td class=\"col2\"><a href=\"https:\/\/www.equidia.fr\/chevaux\/brexit-1?horse_uuid=f74da8f9-b2ea-41f7-a6df-3be7727c8db1\" target=\"_blank\" rel=\"noopener\">BREXIT<\/a><\/td>\n<td class=\"col3\">L.ZULIANI<\/td>\n<td class=\"col4\">67.0 kg<\/td>\n<td class=\"col5\">MME D.MELE<\/td>\n<td class=\"col6\" style=\"text-align: center;\">63.0<\/td>\n<td class=\"col7\" style=\"text-align: right;\">194443 \u20ac<\/td>\n<\/tr>\n<tr class=\"row3\" style=\"text-align: left; background-color: rgb(218, 218, 226); line-height: 15px;\">\n<td class=\"col1\" style=\"text-align: center; width: 65px;font-weight: bold;\">6<\/td>\n<td class=\"col2\"><a href=\"https:\/\/www.equidia.fr\/chevaux\/echo-de-champdoux?horse_uuid=170b9c2a-85a7-4bf7-ae83-8d4ea97e5b30\" target=\"_blank\" rel=\"noopener\">ECHO DE CHAMPDOUX<\/a><\/td>\n<td class=\"col3\">T.CHEVILLARD<\/td>\n<td class=\"col4\">66.5 kg<\/td>\n<td class=\"col5\">P&amp;C.PELTIER (S)<\/td>\n<td class=\"col6\" style=\"text-align: center;\">62.5<\/td>\n<td class=\"col7\" style=\"text-align: right;\">531290 \u20ac<\/td>\n<\/tr>\n<tr class=\"row2\" style=\"text-align: left; background-color: #FFFFFF; line-height: 15px;\">\n<td class=\"col1\" style=\"text-align: center; width: 65px;font-weight: bold;\">7<\/td>\n<td class=\"col2\"><a href=\"https:\/\/www.equidia.fr\/chevaux\/jost?horse_uuid=f2d9ac83-959a-449e-b3c6-631861de11ce\" target=\"_blank\" rel=\"noopener\">JOST<\/a><\/td>\n<td class=\"col3\">B.LE CLERC<\/td>\n<td class=\"col4\">66.0 kg<\/td>\n<td class=\"col5\">M.SEROR (S)<\/td>\n<td class=\"col6\" style=\"text-align: center;\">62.0<\/td>\n<td class=\"col7\" style=\"text-align: right;\">262355 \u20ac<\/td>\n<\/tr>\n<tr class=\"row3\" style=\"text-align: left; background-color: rgb(218, 218, 226); line-height: 15px;\">\n<td class=\"col1\" style=\"text-align: center; width: 65px;font-weight: bold;\">8<\/td>\n<td class=\"col2\"><a href=\"https:\/\/www.equidia.fr\/chevaux\/doctor-kaleo?horse_uuid=4a428928-77b6-4482-9412-1fc115fd154c\" target=\"_blank\" rel=\"noopener\">DOCTOR KALEO<\/a><\/td>\n<td class=\"col3\">T.BEAURAIN<\/td>\n<td class=\"col4\">65.0 kg<\/td>\n<td class=\"col5\">A.COUETIL (S)<\/td>\n<td class=\"col6\" style=\"text-align: center;\">61.0<\/td>\n<td class=\"col7\" style=\"text-align: right;\">280206 \u20ac<\/td>\n<\/tr>\n<tr class=\"row2\" style=\"text-align: left; background-color: #FFFFFF; line-height: 15px;\">\n<td class=\"col1\" style=\"text-align: center; width: 65px;font-weight: bold;\">9<\/td>\n<td class=\"col2\"><a href=\"https:\/\/www.equidia.fr\/chevaux\/iceberg-du-large?horse_uuid=feeca016-b050-4f4b-9f0e-4e6a5739475a\" target=\"_blank\" rel=\"noopener\">ICEBERG DU LARGE<\/a><\/td>\n<td class=\"col3\">P.DUBOURG<\/td>\n<td class=\"col4\">63.5 kg<\/td>\n<td class=\"col5\">E&amp;G.LEENDERS (S)<\/td>\n<td class=\"col6\" style=\"text-align: center;\">59.5<\/td>\n<td class=\"col7\" style=\"text-align: right;\">163260 \u20ac<\/td>\n<\/tr>\n<tr class=\"row3\" style=\"text-align: left; background-color: rgb(218, 218, 226); line-height: 15px;\">\n<td class=\"col1\" style=\"text-align: center; width: 65px;font-weight: bold;\">10<\/td>\n<td class=\"col2\"><a href=\"https:\/\/www.equidia.fr\/chevaux\/iradius?horse_uuid=5ade532b-e099-41d7-a13b-b78d65d83cdc\" target=\"_blank\" rel=\"noopener\">IRADIUS<\/a><\/td>\n<td class=\"col3\">N.GAUFFENIC<\/td>\n<td class=\"col4\">62.5 kg<\/td>\n<td class=\"col5\">AS.PACAULT (S)<\/td>\n<td class=\"col6\" style=\"text-align: center;\">58.5<\/td>\n<td class=\"col7\" style=\"text-align: right;\">95815 \u20ac<\/td>\n<\/tr>\n<tr class=\"row2\" style=\"text-align: left; background-color: #FFFFFF; line-height: 15px;\">\n<td class=\"col1\" style=\"text-align: center; width: 65px;font-weight: bold;\">11<\/td>\n<td class=\"col2\"><a href=\"https:\/\/www.equidia.fr\/chevaux\/kowloon-park?horse_uuid=7b94bde0-32cf-4923-9c5c-85cc65f0e6a6\" target=\"_blank\" rel=\"noopener\">KOWLOON PARK<\/a><\/td>\n<td class=\"col3\">A.ZULIANI<\/td>\n<td class=\"col4\">62.0 kg<\/td>\n<td class=\"col5\">F.NICOLLE<\/td>\n<td class=\"col6\" style=\"text-align: center;\">59.0<\/td>\n<td class=\"col7\" style=\"text-align: right;\">72560 \u20ac<\/td>\n<\/tr>\n<tr class=\"row3\" style=\"text-align: left; background-color: rgb(218, 218, 226); line-height: 15px;\">\n<td class=\"col1\" style=\"text-align: center; width: 65px;font-weight: bold;\">12<\/td>\n<td class=\"col2\"><a href=\"https:\/\/www.equidia.fr\/chevaux\/feuille-verte?horse_uuid=6857fa2a-0a35-4054-bf4f-f4737e060260\" target=\"_blank\" rel=\"noopener\">FEUILLE VERTE<\/a><\/td>\n<td class=\"col3\">G.MEUNIER<\/td>\n<td class=\"col4\">62.0 kg<\/td>\n<td class=\"col5\">D.BRESSOU<\/td>\n<td class=\"col6\" style=\"text-align: center;\">57.5<\/td>\n<td class=\"col7\" style=\"text-align: right;\">67925 \u20ac<\/td>\n<\/tr>\n<tr class=\"row2\" style=\"text-align: left; background-color: #FFFFFF; line-height: 15px;\">\n<td class=\"col1\" style=\"text-align: center; width: 65px;font-weight: bold;\">13<\/td>\n<td class=\"col2\"><a href=\"https:\/\/www.equidia.fr\/chevaux\/karnaval-point?horse_uuid=05297e20-a03e-420e-9668-c666cf9a619f\" target=\"_blank\" rel=\"noopener\">KARNAVAL POINT<\/a><\/td>\n<td class=\"col3\">L.BRECHET<\/td>\n<td class=\"col4\">62.0 kg<\/td>\n<td class=\"col5\">H.MERIENNE (S)<\/td>\n<td class=\"col6\" style=\"text-align: center;\">57.5<\/td>\n<td class=\"col7\" style=\"text-align: right;\">47105 \u20ac<\/td>\n<\/tr>\n<tr class=\"row3\" style=\"text-align: left; background-color: rgb(218, 218, 226); line-height: 15px;\">\n<td class=\"col1\" style=\"text-align: center; width: 65px;font-weight: bold;\">14<\/td>\n<td class=\"col2\"><a href=\"https:\/\/www.equidia.fr\/chevaux\/joyeuse-allen?horse_uuid=5172df59-64a1-46ab-abfc-c2bb7ae2e420\" target=\"_blank\" rel=\"noopener\">JOYEUSE ALLEN<\/a><\/td>\n<td class=\"col3\">K.NABET<\/td>\n<td class=\"col4\">62.0 kg<\/td>\n<td class=\"col5\">E.ANDIGNE D&rsquo;<\/td>\n<td class=\"col6\" style=\"text-align: center;\">55.0<\/td>\n<td class=\"col7\" style=\"text-align: right;\">72845 \u20ac<\/td>\n<\/tr>\n<tr class=\"row2\" style=\"text-align: left; background-color: #FFFFFF; line-height: 15px;\">\n<td class=\"col1\" style=\"text-align: center; width: 65px;font-weight: bold;\">15<\/td>\n<td class=\"col2\"><a href=\"https:\/\/www.equidia.fr\/chevaux\/grafity-baie?horse_uuid=65ac8621-2eda-42be-821b-3c6684fbc942\" target=\"_blank\" rel=\"noopener\">GRAFITY BAIE<\/a><\/td>\n<td class=\"col3\">F.BAYLE<\/td>\n<td class=\"col4\">62.0 kg<\/td>\n<td class=\"col5\">P.QUINTON (S)<\/td>\n<td class=\"col6\" style=\"text-align: center;\">49.0<\/td>\n<td class=\"col7\" style=\"text-align: right;\">82673 \u20ac<\/td>\n<\/tr>\n<p><strong>Les forces en pr\u00e9sence<\/strong><\/p>\n<p style=\"text-align: justify;\">Apr\u00e8s avoir \u00e9t\u00e9 \u00e9cart\u00e9 de la comp\u00e9tition pendant de nombreux mois, <a href=\"https:\/\/www.equidia.fr\/chevaux\/iradius?horse_uuid=5ade532b-e099-41d7-a13b-b78d65d83cdc\" target=\"_blank\" rel=\"noopener\">IRADIUS (10)<\/a> a r\u00e9alis\u00e9 une rentr\u00e9e convaincante dans le Prix Karcimont, bien qu&rsquo;il soit tomb\u00e9, avant de confirmer ses bonnes dispositions dans le \u00ab\u00a0Lutteur III\u00a0\u00bb. Certainement sur la montante, il s&rsquo;annonce redoutable. <a href=\"https:\/\/www.equidia.fr\/chevaux\/brexit-1?horse_uuid=f74da8f9-b2ea-41f7-a6df-3be7727c8db1\" target=\"_blank\" rel=\"noopener\">BREXIT (5)<\/a> vient de laisser une bonne impression (2e) pour ses d\u00e9buts dans les handicaps sur le steeple. Il conduira l&rsquo;opposition en compagnie d&rsquo;<a href=\"https:\/\/www.equidia.fr\/chevaux\/indivis?horse_uuid=85a6b0ae-c700-4c21-ad0b-bd2f13ce2b6c\" target=\"_blank\" rel=\"noopener\">INDIVIS (2)<\/a>, qui devrait progresser sur sa course de rentr\u00e9e, et de <a href=\"https:\/\/www.equidia.fr\/chevaux\/doctor-kaleo?horse_uuid=4a428928-77b6-4482-9412-1fc115fd154c\" target=\"_blank\" rel=\"noopener\">DOCTOR KALEO (8)<\/a>, quatri\u00e8me du dernier Prix Robert de Clermont-Tonnerre. <a href=\"https:\/\/www.equidia.fr\/chevaux\/inaya-jones?horse_uuid=e7669d67-cd66-40e8-bff6-0450cb1bcf2d\" target=\"_blank\" rel=\"noopener\">INAYA JONES (4)<\/a>, qui avait chut\u00e9 sur le rail-ditch and fence dans le \u00ab\u00a0Montgomery\u00a0\u00bb, retrouve le parcours qui nous int\u00e9resse avec de l\u00e9gitimes pr\u00e9tentions. <a href=\"https:\/\/www.equidia.fr\/chevaux\/benou?horse_uuid=31af0956-cc8b-4690-aba4-0e347fee816d\" target=\"_blank\" rel=\"noopener\">BENOU (3)<\/a> fait preuve d&rsquo;une certaine r\u00e9gularit\u00e9 et devrait, une nouvelle fois, lutter pour les places, \u00e0 l&rsquo;instar de <a href=\"https:\/\/www.equidia.fr\/chevaux\/scatar?horse_uuid=7a583e1e-1f68-4b29-b3e8-7e61c988f251\" target=\"_blank\" rel=\"noopener\">SCATAR (1)<\/a>, qui a \u00e9t\u00e9 vu \u00e0 un bon niveau \u00e0 Compi\u00e8gne. <a href=\"https:\/\/www.equidia.fr\/chevaux\/echo-de-champdoux?horse_uuid=170b9c2a-85a7-4bf7-ae83-8d4ea97e5b30\" target=\"_blank\" rel=\"noopener\">ECHO DE CHAMPDOUX (6)<\/a>, toujours ingambe \u00e0 11 ans, va tenter de confirmer sa r\u00e9cente bonne r\u00e9apparition (5e).<\/p>\n<p><strong>Le prono de FREDDY BOERSCH<\/strong><\/p>\n<tr cellpadding=\"0\" cellspacing=\"10\" class=\"row5\" style=\"text-align: left; background-color: #FFFFFF; font-size: 130%;\">\n<td style=\"text-align: center;\">10<\/td>\n<td style=\"text-align: center;\">5<\/td>\n<td style=\"text-align: center;\">2<\/td>\n<td style=\"text-align: center;\">8<\/td>\n<td style=\"text-align: center;\">4<\/td>\n<td style=\"text-align: center;\">3<\/td>\n<td style=\"text-align: center;\">1<\/td>\n<td style=\"text-align: center;\">6<\/td>\n<\/tr>\n<tr class=\"row6\" style=\"text-align: center; background-color: #FFFFFF; column-width: 6rem;\">\n<td class=\"col10\"><img decoding=\"async\" alt=\"casaque_IRADIUS\" class=\"cas\" src=\"https:\/\/www.europesays.com\/fr\/wp-content\/uploads\/2025\/04\/20250420-r1c3p10-png.png\" style=\" width: 70%;\"\/><\/p>\n<p class=\"col10\" style=\"font-size: x-small; line-height: 11px;;\">IRADIUS<\/p>\n<\/td>\n<td class=\"col5\"><img decoding=\"async\" alt=\"casaque_BREXIT\" class=\"cas\" src=\"https:\/\/www.europesays.com\/fr\/wp-content\/uploads\/2025\/04\/20250420-r1c3p5-png.png\" style=\" width: 70%;\"\/><\/p>\n<p class=\"col10\" style=\"font-size: x-small; line-height: 11px;;\">BREXIT<\/p>\n<\/td>\n<td class=\"col2\"><img decoding=\"async\" alt=\"casaque_INDIVIS\" class=\"cas\" src=\"https:\/\/www.europesays.com\/fr\/wp-content\/uploads\/2025\/04\/20250420-r1c3p2-png.png\" style=\" width: 70%;\"\/><\/p>\n<p class=\"col10\" style=\"font-size: x-small; line-height: 11px;;\">INDIVIS<\/p>\n<\/td>\n<td class=\"col8\"><img decoding=\"async\" alt=\"casaque_DOCTOR KALEO\" class=\"cas\" src=\"https:\/\/www.europesays.com\/fr\/wp-content\/uploads\/2025\/04\/20250420-r1c3p8-png.png\" style=\" width: 70%;\"\/><\/p>\n<p class=\"col10\" style=\"font-size: x-small; line-height: 11px;;\">DOCTOR KALEO<\/p>\n<\/td>\n<td class=\"col4\"><img decoding=\"async\" alt=\"casaque_INAYA JONES\" class=\"cas\" src=\"https:\/\/www.europesays.com\/fr\/wp-content\/uploads\/2025\/04\/20250420-r1c3p4-png.png\" style=\" width: 70%;\"\/><\/p>\n<p class=\"col10\" style=\"font-size: x-small; line-height: 11px;;\">INAYA JONES<\/p>\n<\/td>\n<td class=\"col3\"><img decoding=\"async\" alt=\"casaque_BENOU\" class=\"cas\" src=\"https:\/\/www.europesays.com\/fr\/wp-content\/uploads\/2025\/04\/20250420-r1c3p3-png.png\" style=\" width: 70%;\"\/><\/p>\n<p class=\"col10\" style=\"font-size: x-small; line-height: 11px;;\">BENOU<\/p>\n<\/td>\n<td class=\"col1\"><img decoding=\"async\" alt=\"casaque_SCATAR\" class=\"cas\" src=\"https:\/\/www.europesays.com\/fr\/wp-content\/uploads\/2025\/04\/20250420-r1c3p1-png.png\" style=\" width: 70%;\"\/><\/p>\n<p class=\"col10\" style=\"font-size: x-small; line-height: 11px;;\">SCATAR<\/p>\n<\/td>\n<td class=\"col6\"><img decoding=\"async\" alt=\"casaque_ECHO DE CHAMPDOUX\" class=\"cas\" src=\"https:\/\/www.europesays.com\/fr\/wp-content\/uploads\/2025\/04\/20250420-r1c3p6-png.png\" style=\" width: 70%;\"\/><\/p>\n<p class=\"col10\" style=\"font-size: x-small; line-height: 11px;;\">ECHO DE CHAMPDOUX<\/p>\n<\/td>\n<\/tr>\n<p><a href=\"https:\/\/servedby.revive-adserver.net\/ck.php?n=a3265498&amp;cb=1234\" target=\"_blank\" rel=\"noopener\"><img decoding=\"async\" alt=\"\" border=\"0\" src=\"https:\/\/www.europesays.com\/fr\/wp-content\/uploads\/2025\/04\/1745146280_976_avw\"\/><\/a><\/p>\n<p><strong>Les partants en d\u00e9tail (par F. BOERSCH) et l&rsquo;avis des pros (par S. KOHAIZA)<\/strong><\/p>\n<p id=\"ch_SCATAR\" style=\"margin-bottom: 1%;\"><a href=\"https:\/\/www.equidia.fr\/chevaux\/scatar?horse_uuid=7a583e1e-1f68-4b29-b3e8-7e61c988f251\" target=\"_blank\" rel=\"noopener\">1 &#8211; \u00a0<img decoding=\"async\" alt=\"casaque_SCATAR\" src=\"https:\/\/www.europesays.com\/fr\/wp-content\/uploads\/2025\/04\/1745146280_930_20250420-r1c3p1-png.png\" style=\"width: 4.5%; margin :0; vertical-align : middle;\"\/>\u00a0\u00a0SCATAR<\/a><\/p>\n<p style=\"text-align: justify;\">\u00c0 la fin de l&rsquo;\u00e9t\u00e9 dernier, ce concurrent de Gabriel Leenders a pris une bonne deuxi\u00e8me place dans le Prix The Stomp (Listed). M\u00eame s&rsquo;il n&rsquo;a pu se mettre en \u00e9vidence dans des Groupes en fin d&rsquo;ann\u00e9e sur l&rsquo;hippodrome du Putois, il a r\u00e9alis\u00e9 une rentr\u00e9e int\u00e9ressante dans le Prix d&rsquo;Aumale. Il est toutefois pris \u00e0 une valeur \u00e9lev\u00e9e et ambitionnera plut\u00f4t une place.<\/p>\n<p><strong>Gabriel Leender, entra\u00eeneur : <\/strong><\/p>\n<p style=\"text-align: justify;\">\u00ab Scatar (1) portera le top-weight de l&rsquo;\u00e9preuve et d\u00e9butera \u00e0 Auteuil. Cependant c&rsquo;est un cheval de classe, tr\u00e8s porteur, qui s&rsquo;adapte \u00e0 tous les terrains. Je suis confiant : nous y allons avec l&rsquo;ambition de finir dans les quatre premiers. \u00bb<\/p>\n<p id=\"ch_INDIVIS\" style=\"margin-bottom: 1%;\"><a href=\"https:\/\/www.equidia.fr\/chevaux\/indivis?horse_uuid=85a6b0ae-c700-4c21-ad0b-bd2f13ce2b6c\" target=\"_blank\" rel=\"noopener\">2 &#8211; \u00a0<img decoding=\"async\" alt=\"casaque_INDIVIS\" src=\"https:\/\/www.europesays.com\/fr\/wp-content\/uploads\/2025\/04\/1745146280_299_20250420-r1c3p2-png.png\" style=\"width: 4.5%; margin :0; vertical-align : middle;\"\/>\u00a0\u00a0INDIVIS<\/a><\/p>\n<p style=\"text-align: justify;\">Alors qu&rsquo;il \u00e9tait tr\u00e8s attendu, ce pensionnaire d&rsquo;Augustin Adeline de Boisbrunet s&rsquo;est class\u00e9 deuxi\u00e8me du Prix Montgomery sur ce parcours, \u00e0 l&rsquo;automne dernier. Il a depuis effectu\u00e9 sa rentr\u00e9e et devrait progresser l\u00e0-dessus. Comp\u00e9titif \u00e0 cette valeur, il est capable de se m\u00ealer \u00e0 la lutte pour la victoire.<\/p>\n<p><strong>Augustin Adeline de Boisbrunet, entra\u00eeneur : <\/strong><\/p>\n<p style=\"text-align: justify;\">\u00ab Indivis (2) d\u00e9tient une tr\u00e8s bonne chance. Il ne faut pas tenir rigueur de sa r\u00e9cente course de rentr\u00e9e, car le cheval manquait un peu de condition et n&rsquo;a pas b\u00e9n\u00e9fici\u00e9 d&rsquo;un d\u00e9roulement favorable. Il est mont\u00e9 en condition depuis et retrouvera Bertrand Lestrade, avec qui il a d\u00e9j\u00e0 brill\u00e9. Tous les feux sont au vert et j&rsquo;esp\u00e8re le voir lutter pour les premi\u00e8res places ! \u00bb<\/p>\n<p id=\"ch_BENOU\" style=\"margin-bottom: 1%;\"><a href=\"https:\/\/www.equidia.fr\/chevaux\/benou?horse_uuid=31af0956-cc8b-4690-aba4-0e347fee816d\" target=\"_blank\" rel=\"noopener\">3 &#8211; \u00a0<img decoding=\"async\" alt=\"casaque_BENOU\" src=\"https:\/\/www.europesays.com\/fr\/wp-content\/uploads\/2025\/04\/1745146280_294_20250420-r1c3p3-png.png\" style=\"width: 4.5%; margin :0; vertical-align : middle;\"\/>\u00a0\u00a0BENOU<\/a><\/p>\n<p style=\"text-align: justify;\">Lors de sa rentr\u00e9e, ce repr\u00e9sentant de l&rsquo;\u00e9curie Phoenix Eventing n&rsquo;a certainement pas appr\u00e9ci\u00e9 le terrain lourd. Il vient toutefois de rassurer dans le \u00ab Lutteur III \u00bb, en se classant quatri\u00e8me. Il ne semble pas avoir une grande marge de man\u0153uvre \u00e0 ce niveau mais, si tout se passe bien, il devrait prendre une part active \u00e0 l&#8217;emballage final.<\/p>\n<p><strong>Marcel Rolland, entra\u00eeneur : <\/strong><\/p>\n<p style=\"text-align: justify;\">\u00ab Benou (3) ne d\u00e9tient pas une premi\u00e8re chance au vu de sa performance dans le r\u00e9cent Prix Lutteur III, o\u00f9 il concluait quatri\u00e8me en donnant le maximum de ce qu&rsquo;il pouvait donner. Le terrain devrait lui convenir, s&rsquo;il ne pleut pas de nouveau, tout comme l&rsquo;allongement de la distance. Cependant, avant le coup, une petite place nous satisferait. \u00bb<\/p>\n<p id=\"ch_INAYA JONES\" style=\"margin-bottom: 1%;\"><a href=\"https:\/\/www.equidia.fr\/chevaux\/inaya-jones?horse_uuid=e7669d67-cd66-40e8-bff6-0450cb1bcf2d\" target=\"_blank\" rel=\"noopener\">4 &#8211; \u00a0<img decoding=\"async\" alt=\"casaque_INAYA JONES\" src=\"https:\/\/www.europesays.com\/fr\/wp-content\/uploads\/2025\/04\/1745146281_206_20250420-r1c3p4-png.png\" style=\"width: 4.5%; margin :0; vertical-align : middle;\"\/>\u00a0\u00a0INAYA JONES<\/a><\/p>\n<p style=\"text-align: justify;\">Plaisant vainqueur du Prix Bernard de Dufau \u00e0 Pau, ce prot\u00e9g\u00e9 de Gilbert Lenzi a depuis effectu\u00e9 un retour int\u00e9ressant \u00e0 Auteuil, dominant notamment Ain&rsquo;t Got Wings. Il retrouve les handicaps avec trois livres de plus et avait chut\u00e9 au rail-ditch and fence lors de sa derni\u00e8re sortie sur ce parcours. Jug\u00e9 sur ce qu&rsquo;il a fait de mieux, il est toutefois capable de se placer.<\/p>\n<p><strong>Daniela Mele, entra\u00eeneur : <\/strong><\/p>\n<p style=\"text-align: justify;\">\u00ab Inaya Jones (4) reste sur deux tr\u00e8s bonnes performances. Le cheval est vraiment sur la montante et m&rsquo;\u00e9pate \u00e0 chacune de ses sorties. S&rsquo;il se montre appliqu\u00e9 dans ses sauts, il pourrait tr\u00e8s bien faire. \u00bb<\/p>\n<p id=\"ch_BREXIT\" style=\"margin-bottom: 1%;\"><a href=\"https:\/\/www.equidia.fr\/chevaux\/brexit-1?horse_uuid=f74da8f9-b2ea-41f7-a6df-3be7727c8db1\" target=\"_blank\" rel=\"noopener\">5 &#8211; \u00a0<img decoding=\"async\" alt=\"casaque_BREXIT\" src=\"https:\/\/www.europesays.com\/fr\/wp-content\/uploads\/2025\/04\/1745146281_913_20250420-r1c3p5-png.png\" style=\"width: 4.5%; margin :0; vertical-align : middle;\"\/>\u00a0\u00a0BREXIT<\/a><\/p>\n<p style=\"text-align: justify;\">Auteur d&rsquo;un bon retour sur la butte Mortemart en se classant deuxi\u00e8me d&rsquo;un relev\u00e9 Prix Jean Doumen, ce pensionnaire de Daniela Mele a depuis effectu\u00e9 des d\u00e9buts tr\u00e8s convaincants (2e) dans les handicaps sur le steeple-chase. Il a assur\u00e9ment la pointure d&rsquo;une telle \u00e9preuve et s&rsquo;annonce comme un laur\u00e9at potentiel.<\/p>\n<p><strong>Daniela Mele, entra\u00eeneur : <\/strong><\/p>\n<p style=\"text-align: justify;\">\u00ab Brexit (5) m&rsquo;a bien plu lors de sa derni\u00e8re sortie ici m\u00eame. Le cheval est en forme, mais il devra rester concentr\u00e9 sur les obstacles, car il n&rsquo;est jamais \u00e0 l&rsquo;abri d&rsquo;une petite faute sur ce parcours de longue haleine. C&rsquo;est le seul point n\u00e9gatif que je peux lui trouver. \u00bb<\/p>\n<p id=\"ch_ECHO DE CHAMPDOUX\" style=\"margin-bottom: 1%;\"><a href=\"https:\/\/www.equidia.fr\/chevaux\/echo-de-champdoux?horse_uuid=170b9c2a-85a7-4bf7-ae83-8d4ea97e5b30\" target=\"_blank\" rel=\"noopener\">6 &#8211; \u00a0<img decoding=\"async\" alt=\"casaque_ECHO DE CHAMPDOUX\" src=\"https:\/\/www.europesays.com\/fr\/wp-content\/uploads\/2025\/04\/1745146281_309_20250420-r1c3p6-png.png\" style=\"width: 4.5%; margin :0; vertical-align : middle;\"\/>\u00a0\u00a0ECHO DE CHAMPDOUX<\/a><\/p>\n<p style=\"text-align: justify;\">Quatri\u00e8me de la Haye Jousselin en 2023, ce concurrent de Philippe et Camille Peltier s&rsquo;est essentiellement illustr\u00e9 au niveau handicap l&rsquo;an pass\u00e9, avec notamment des accessits dans les convoit\u00e9s Prix Rigoletto et Violon II. Il vient de bien se comporter (5e) pour sa r\u00e9apparition, dans le Prix Lutteur III. Toujours ingambe \u00e0 11 ans, il est en mesure de se placer.<\/p>\n<p><strong>Camille Peltier, entra\u00eeneur : <\/strong><\/p>\n<p style=\"text-align: justify;\">\u00ab Echo de Champdoux (6) a fait une tr\u00e8s bonne rentr\u00e9e, malgr\u00e9 une petite faute \u00e0 la haie du Pavillon qui lui a peut-\u00eatre co\u00fbt\u00e9 la deuxi\u00e8me place. J&rsquo;esp\u00e8re qu&rsquo;il n&rsquo;y aura pas trop de pluie, car c&rsquo;est un cheval de bon terrain. Ma seule interrogation concerne le rail-ditch and fance, j&rsquo;esp\u00e8re qu&rsquo;il ne mettra pas trop les freins pour le franchir, car il a d\u00e9j\u00e0 commis cette erreur. Si tout se passe bien, il devrait prendre une part active \u00e0 l&rsquo;arriv\u00e9e. \u00bb<\/p>\n<p id=\"ch_JOST\" style=\"margin-bottom: 1%;\"><a href=\"https:\/\/www.equidia.fr\/chevaux\/jost?horse_uuid=f2d9ac83-959a-449e-b3c6-631861de11ce\" target=\"_blank\" rel=\"noopener\">7 &#8211; \u00a0<img decoding=\"async\" alt=\"casaque_JOST\" src=\"https:\/\/www.europesays.com\/fr\/wp-content\/uploads\/2025\/04\/20250420-r1c3p7-png.png\" style=\"width: 4.5%; margin :0; vertical-align : middle;\"\/>\u00a0\u00a0JOST<\/a><\/p>\n<p style=\"text-align: justify;\">Troisi\u00e8me du Prix Hubert d&rsquo;Ailli\u00e8res le mois dernier, ce pensionnaire de Micka\u00ebl Seror s&rsquo;est depuis honorablement comport\u00e9 dans le \u00ab Jean Granel \u00bb (5e). Pour son retour sur le steeple-chase, il va prendre part \u00e0 son premier handicap dans cette sp\u00e9cialit\u00e9, en valeur 62. M\u00eame s&rsquo;il n&rsquo;est pas une priorit\u00e9, il est plut\u00f4t r\u00e9gulier. Affaire d&rsquo;impression.<\/p>\n<p><strong>L&rsquo;avis du reporter : <\/strong><\/p>\n<p style=\"text-align: justify;\">\u00ab Jost (7) reste sur des sorties int\u00e9ressantes sur les \u00ab\u00a0balais\u00a0\u00bb. Il poss\u00e8de toutefois de solides r\u00e9f\u00e9rences sur le steeple-chase et s&rsquo;\u00e9tait m\u00eame class\u00e9 troisi\u00e8me d&rsquo;un Groupe 1 en 2023. Comp\u00e9titif en valeur 62, il est en mesure de figurer dans la bonne combinaison du Quint\u00e9+. \u00bb<\/p>\n<p id=\"ch_DOCTOR KALEO\" style=\"margin-bottom: 1%;\"><a href=\"https:\/\/www.equidia.fr\/chevaux\/doctor-kaleo?horse_uuid=4a428928-77b6-4482-9412-1fc115fd154c\" target=\"_blank\" rel=\"noopener\">8 &#8211; \u00a0<img decoding=\"async\" alt=\"casaque_DOCTOR KALEO\" src=\"https:\/\/www.europesays.com\/fr\/wp-content\/uploads\/2025\/04\/1745146281_237_20250420-r1c3p8-png.png\" style=\"width: 4.5%; margin :0; vertical-align : middle;\"\/>\u00a0\u00a0DOCTOR KALEO<\/a><\/p>\n<p style=\"text-align: justify;\">Apr\u00e8s une absence de pr\u00e8s de dix-huit mois, entre mai 2023 et novembre 2024, ce concurrent d&rsquo;Alain Cou\u00e9til fait preuve d&rsquo;une belle r\u00e9gularit\u00e9. Quatri\u00e8me du Prix Robert de Clermont-Tonnerre, il s&rsquo;est ensuite bien comport\u00e9 (5e) dans une Listed remport\u00e9e par Rosario Baron. Pour son retour dans les handicaps, il d\u00e9tient une belle carte \u00e0 jouer.<\/p>\n<p><strong>L&rsquo;avis du reporter : <\/strong><\/p>\n<p style=\"text-align: justify;\">\u00ab Bien connu \u00e0 Auteuil, Doctor Kaleo (8) est en forme et n&rsquo;a que tr\u00e8s rarement d\u00e9\u00e7u sur le steeple-chase de la butte Mortemart. De surcro\u00eet, cet adepte des pistes souples devrait voir d&rsquo;un bon \u0153il les pluies attendues ce dimanche. Sixi\u00e8me de cette \u00e9preuve l&rsquo;an pass\u00e9, il ne devrait pas \u00eatre loin de la v\u00e9rit\u00e9, s&rsquo;il fournit sa vraie valeur. \u00bb<\/p>\n<p id=\"ch_ICEBERG DU LARGE\" style=\"margin-bottom: 1%;\"><a href=\"https:\/\/www.equidia.fr\/chevaux\/iceberg-du-large?horse_uuid=feeca016-b050-4f4b-9f0e-4e6a5739475a\" target=\"_blank\" rel=\"noopener\">9 &#8211; \u00a0<img decoding=\"async\" alt=\"casaque_ICEBERG DU LARGE\" src=\"https:\/\/www.europesays.com\/fr\/wp-content\/uploads\/2025\/04\/20250420-r1c3p9-png.png\" style=\"width: 4.5%; margin :0; vertical-align : middle;\"\/>\u00a0\u00a0ICEBERG DU LARGE<\/a><\/p>\n<p style=\"text-align: justify;\">Pour sa premi\u00e8re sortie de l&rsquo;ann\u00e9e, ce cheval de Marie-C\u00e9cile de Saint-Seine s&rsquo;est impos\u00e9 tr\u00e8s plaisamment dans un handicap toutefois moins bien relev\u00e9. Largement domin\u00e9 dans le \u00ab Lutteur III \u00bb, il n&rsquo;a d&rsquo;ailleurs jamais fait mieux que douzi\u00e8me en trois participations \u00e0 des Quint\u00e9+. Sans nous !<\/p>\n<p><strong>Etienne Leenders, entra\u00eeneur : <\/strong><\/p>\n<p style=\"text-align: justify;\">\u00ab Iceberg du Large (9) commence \u00e0 prendre du m\u00e9tier. Il faut toutefois oublier sa derni\u00e8re performance, car le cheval \u00e9tait sans doute dans un jour sans. Il a pris des coups au d\u00e9part et s&rsquo;est montr\u00e9 moins motiv\u00e9 durant le parcours. N\u00e9anmoins, il a tendance \u00e0 se pr\u00e9server et arrive avec de la fra\u00eecheur sur cette course, ce qui est toujours un atout dans ce type d&rsquo;\u00e9preuve. De surcro\u00eet, il a l&rsquo;avantage d&rsquo;avoir d\u00e9j\u00e0 du m\u00e9tier en steeple \u00e0 Auteuil, ce qui constitue un vrai plus. La quatri\u00e8me ou cinqui\u00e8me place peut lui \u00e9choir. \u00bb<\/p>\n<p id=\"ch_IRADIUS\" style=\"margin-bottom: 1%;\"><a href=\"https:\/\/www.equidia.fr\/chevaux\/iradius?horse_uuid=5ade532b-e099-41d7-a13b-b78d65d83cdc\" target=\"_blank\" rel=\"noopener\">10 &#8211; \u00a0<img decoding=\"async\" alt=\"casaque_IRADIUS\" src=\"https:\/\/www.europesays.com\/fr\/wp-content\/uploads\/2025\/04\/1745146282_939_20250420-r1c3p10-png.png\" style=\"width: 4.5%; margin :0; vertical-align : middle;\"\/>\u00a0\u00a0IRADIUS<\/a><\/p>\n<p style=\"text-align: justify;\">Ce prot\u00e9g\u00e9 de Bertrand Collette n&rsquo;a \u00e9t\u00e9 vu qu&rsquo;\u00e0 douze reprises sur les obstacles. Apr\u00e8s avoir \u00e9t\u00e9 \u00e9cart\u00e9 de la comp\u00e9tition pendant de nombreux mois, il a effectu\u00e9 une rentr\u00e9e encourageante dans le Prix Karcimont, bien qu&rsquo;il soit tomb\u00e9 en fin de parcours. Il a depuis confirm\u00e9 sa bonne forme en se classant troisi\u00e8me du \u00ab Lutteur III \u00bb. Sauf incident, sa place est \u00e0 l&rsquo;arriv\u00e9e !<\/p>\n<p><strong>Anne-Sophie Pacault, entra\u00eeneur : <\/strong><\/p>\n<p style=\"text-align: justify;\">\u00ab Iradius (10) s&rsquo;est tr\u00e8s bien comport\u00e9 lors de sa derni\u00e8re sortie sur les gros obstacles d&rsquo;Auteuil. C&rsquo;est la suite logique de son programme. Je suis optimiste et j&rsquo;ai bon espoir de le voir se montrer de nouveau comp\u00e9titif. \u00bb<\/p>\n<p id=\"ch_KOWLOON PARK\" style=\"margin-bottom: 1%;\"><a href=\"https:\/\/www.equidia.fr\/chevaux\/kowloon-park?horse_uuid=7b94bde0-32cf-4923-9c5c-85cc65f0e6a6\" target=\"_blank\" rel=\"noopener\">11 &#8211; \u00a0<img decoding=\"async\" alt=\"casaque_KOWLOON PARK\" src=\"https:\/\/www.europesays.com\/fr\/wp-content\/uploads\/2025\/04\/20250420-r1c3p11-png.png\" style=\"width: 4.5%; margin :0; vertical-align : middle;\"\/>\u00a0\u00a0KOWLOON PARK<\/a><\/p>\n<p style=\"text-align: justify;\">Logiquement domin\u00e9 dans le convoit\u00e9 Prix Tofano en dernier lieu, ce pensionnaire de Fran\u00e7ois Nicolle avait toutefois \u00e9t\u00e9 arr\u00eat\u00e9 \u00e0 Compi\u00e8gne lors de sa sortie pr\u00e9c\u00e9dente dans la sp\u00e9cialit\u00e9. M\u00eame s&rsquo;il voit sa valeur diminuer, il affronte une opposition de taille et n&rsquo;aura pas la partie facile. D&rsquo;autres candidatures lui sont pr\u00e9f\u00e9rables.<\/p>\n<p><strong>Fran\u00e7ois Nicolle, entra\u00eeneur : <\/strong><\/p>\n<p style=\"text-align: justify;\">\u00ab Kowloon Park (11) ne d\u00e9tient pas une premi\u00e8re chance, mais il va porter un petit poids. En classe pure, il est un peu en dessous de ces chevaux l\u00e0, mais il a de la qualit\u00e9, et je pense qu&rsquo;il a le profil pour bien faire dans ce type d&rsquo;\u00e9preuve. La distance et le terrain vont lui convenir, je ne lui vois pas de point n\u00e9gatif avant le coup. Il ne demande qu&rsquo;\u00e0 progresser. \u00bb<\/p>\n<p id=\"ch_FEUILLE VERTE\" style=\"margin-bottom: 1%;\"><a href=\"https:\/\/www.equidia.fr\/chevaux\/feuille-verte?horse_uuid=6857fa2a-0a35-4054-bf4f-f4737e060260\" target=\"_blank\" rel=\"noopener\">12 &#8211; \u00a0<img decoding=\"async\" alt=\"casaque_FEUILLE VERTE\" src=\"https:\/\/www.europesays.com\/fr\/wp-content\/uploads\/2025\/04\/20250420-r1c3p12-png.png\" style=\"width: 4.5%; margin :0; vertical-align : middle;\"\/>\u00a0\u00a0FEUILLE VERTE<\/a><\/p>\n<p style=\"text-align: justify;\">Laur\u00e9ate sur le steeple de Pau cet hiver, cette concurrente de la famille Papot a ensuite r\u00e9alis\u00e9 un retour int\u00e9ressant sur la butte Mortemart en se classant troisi\u00e8me, dans une course remport\u00e9e par le bon Japon. Elle n&rsquo;a toutefois jamais pris part \u00e0 une \u00e9preuve de plus de 4000 m\u00e8tres et fait face \u00e0 un lot de qualit\u00e9. Il y a mieux.<\/p>\n<p><strong>Dominique Bressou, entra\u00eeneur : <\/strong><\/p>\n<p style=\"text-align: justify;\">\u00ab En dernier lieu, le rythme de course \u00e9tait trop \u00e9lev\u00e9 et la distance un peu courte pour Feuille Verte (12). Je n&rsquo;ai pas de courses faciles en ce moment pour elle, c&rsquo;est pourquoi nous tentons quelque chose d&rsquo;extravagant en l&rsquo;alignant au d\u00e9part de cette \u00e9preuve. Un terrain un peu porteur pourrait \u00eatre un atout, car elle n&rsquo;aime pas trop les pistes lourdes. C&rsquo;est un test \u00e0 ce niveau, il faudra voir comment elle se comporte. \u00bb<\/p>\n<p id=\"ch_KARNAVAL POINT\" style=\"margin-bottom: 1%;\"><a href=\"https:\/\/www.equidia.fr\/chevaux\/karnaval-point?horse_uuid=05297e20-a03e-420e-9668-c666cf9a619f\" target=\"_blank\" rel=\"noopener\">13 &#8211; \u00a0<img decoding=\"async\" alt=\"casaque_KARNAVAL POINT\" src=\"https:\/\/www.europesays.com\/fr\/wp-content\/uploads\/2025\/04\/20250420-r1c3p13-png.png\" style=\"width: 4.5%; margin :0; vertical-align : middle;\"\/>\u00a0\u00a0KARNAVAL POINT<\/a><\/p>\n<p style=\"text-align: justify;\">Lors de l&rsquo;automne, ce cheval de Renato Bruni s&rsquo;est principalement illustr\u00e9 sur cette piste face \u00e0 ses contemporains. Largement domin\u00e9 pour sa premi\u00e8re tentative face \u00e0 ses a\u00een\u00e9s, il a toutefois r\u00e9alis\u00e9 quelques progr\u00e8s dans le Prix Lutteur III. M\u00eame s&rsquo;il n&rsquo;a pas beaucoup de marge \u00e0 ce niveau, peut se placer. Notre regret.<\/p>\n<p><strong>Hugo M\u00e9rienne, entra\u00eeneur : <\/strong><\/p>\n<p style=\"text-align: justify;\">\u00ab Karnaval Point (13) est un cheval honn\u00eate qui fait toutes ses courses. Il est mont\u00e9 en condition sur sa derni\u00e8re course mais il a \u00e9t\u00e9 p\u00e9nalis\u00e9, ce qui n&rsquo;est jamais \u00e9vident. Hormis cela, le parcours devrait lui correspondre et il aura l&rsquo;avantage de porter un petit poids. Il peut prendre une quatri\u00e8me ou cinqui\u00e8me place, voire mieux si tout se passe bien. \u00bb<\/p>\n<p id=\"ch_JOYEUSE ALLEN\" style=\"margin-bottom: 1%;\"><a href=\"https:\/\/www.equidia.fr\/chevaux\/joyeuse-allen?horse_uuid=5172df59-64a1-46ab-abfc-c2bb7ae2e420\" target=\"_blank\" rel=\"noopener\">14 &#8211; \u00a0<img decoding=\"async\" alt=\"casaque_JOYEUSE ALLEN\" src=\"https:\/\/www.europesays.com\/fr\/wp-content\/uploads\/2025\/04\/20250420-r1c3p14-png.png\" style=\"width: 4.5%; margin :0; vertical-align : middle;\"\/>\u00a0\u00a0JOYEUSE ALLEN<\/a><\/p>\n<p style=\"text-align: justify;\">Deuxi\u00e8me du Prix Karcimont, cette concurrente d&rsquo;Etienne d&rsquo;Andign\u00e9 n&rsquo;a toutefois pas pu se mettre en \u00e9vidence dans un Quint\u00e9+ en haies depuis. Elle devrait grandement appr\u00e9cier le fait de revenir sur le steeple-chase. Elle ne fait toutefois pas face \u00e0 un bel engagement, puisqu&rsquo;elle porte quatre kilos de plus que ce qu&rsquo;elle aurait d\u00fb.<\/p>\n<p><strong>Etienne d&rsquo;Andign\u00e9, entra\u00eeneur : <\/strong><\/p>\n<p style=\"text-align: justify;\">\u00ab Joyeuse Allen (14) s&rsquo;\u00e9tait tr\u00e8s bien comport\u00e9e lors de son avant-derni\u00e8re sortie sur le steeple d&rsquo;Auteuil. Par la suite, nous l&rsquo;avons maintenue en conditions en haies, o\u00f9 elle a couru proprement en retrait. La jument est rest\u00e9e en forme, les pluies annonc\u00e9es et la distance vont grandement l&rsquo;avantager ce dimanche. Son petit poids est \u00e9galement un atout. C&rsquo;est une bonne chance \u00e0 mes yeux. Je serai d\u00e9\u00e7u de ne pas la voir figurer \u00e0 l&rsquo;arriv\u00e9e. \u00bb<\/p>\n<p id=\"ch_GRAFITY BAIE\" style=\"margin-bottom: 1%;\"><a href=\"https:\/\/www.equidia.fr\/chevaux\/grafity-baie?horse_uuid=65ac8621-2eda-42be-821b-3c6684fbc942\" target=\"_blank\" rel=\"noopener\">15 &#8211; \u00a0<img decoding=\"async\" alt=\"casaque_GRAFITY BAIE\" src=\"https:\/\/www.europesays.com\/fr\/wp-content\/uploads\/2025\/04\/20250420-r1c3p15-png.png\" style=\"width: 4.5%; margin :0; vertical-align : middle;\"\/>\u00a0\u00a0GRAFITY BAIE<\/a><\/p>\n<p style=\"text-align: justify;\">Ce cheval d&rsquo;Apolline Rault vient de remporter avec autorit\u00e9 un handicap sur 3500 m\u00e8tres, mais monte s\u00e9rieusement de cat\u00e9gorie pour l&rsquo;occasion. Il est \u00ab\u00a0\u00e9cras\u00e9\u00a0\u00bb de neuf kilos au poids et fait face \u00e0 une opposition de taille. Malgr\u00e9 sa forme, il causerait une vive surprise en prenant l&rsquo;une des cinq premi\u00e8res places.<\/p>\n<p><strong>Patrice Quinton, entra\u00eeneur : <\/strong><\/p>\n<p style=\"text-align: justify;\">\u00ab Grafity Bay (15) a brill\u00e9 d&#8217;embl\u00e9e pour ses d\u00e9buts \u00e0 Auteuil. Je suis satisfait, il affrontait un petit lot mais il l&rsquo;a fait de belle mani\u00e8re. Je tente le coup, car de toute fa\u00e7on je n&rsquo;ai plus trop le choix des engagements. Cependant, le cheval est dans une forme resplendissante et nous avons d\u00e9j\u00e0 vu des chevaux disputer l&rsquo;arriv\u00e9e dans cette \u00e9preuve, \u00e0 petit poids. Je n&rsquo;ai pas la pr\u00e9tention de gagner, mais il a les moyens de disputer les places. \u00bb<\/p>\n<p><strong>Les favoris de la presse<\/strong><\/p>\n<p class=\"synthese\"><strong>SYNTH\u00c8SE \u00a0\u00a0\u00a0\u00a010\u00a0\u00a0&#8211;\u00a0\u00a08\u00a0\u00a0&#8211;\u00a0\u00a05\u00a0\u00a0&#8211;\u00a0\u00a02\u00a0\u00a0&#8211;\u00a0\u00a03\u00a0\u00a0&#8211;\u00a0\u00a06\u00a0\u00a0&#8211;\u00a0\u00a01\u00a0\u00a0&#8211;\u00a0\u00a07<\/strong><\/p>\n<p><a href=\"https:\/\/servedby.revive-adserver.net\/ck.php?n=aa10a822&amp;cb=1234\" target=\"_blank\" rel=\"noopener\"><img decoding=\"async\" alt=\"\" border=\"0\" src=\"https:\/\/www.europesays.com\/fr\/wp-content\/uploads\/2025\/04\/1745146284_394_avw\"\/><\/a><\/p>\n<p><strong>Les stats du jour<\/strong><\/p>\n<p><img decoding=\"async\" src=\"https:\/\/www.europesays.com\/fr\/wp-content\/uploads\/2025\/04\/stats-president-jpg\"\/><\/p>\n<p><strong>Nos \u00e9missions de pronos<\/strong><a href=\"https:\/\/www.equidia.fr\/emissions\/3-mn-q-2023\" target=\"_blank\" rel=\"noopener\"><img decoding=\"async\" alt=\"3min-pronos\" class=\"img_prono\" src=\"https:\/\/www.europesays.com\/fr\/wp-content\/uploads\/2025\/04\/vignette-article-3min-pronos-jpg-1.jpeg\"\/><\/a>3 mn PRONOS du 20\/04<br \/>(Disponible samedi 19 avril 2025, \u00e0 partir de 17h55)<a href=\"https:\/\/www.equidia.fr\/emissions\/ticket-gagnant-2023\" target=\"_blank\" rel=\"noopener\"><img decoding=\"async\" alt=\"ticket-gagnant\" class=\"img_prono\" src=\"https:\/\/www.europesays.com\/fr\/wp-content\/uploads\/2025\/04\/vignette-article-ticket-gagnant-jpg-1.jpeg\"\/><\/a>TICKET GAGNANT du 20\/04<br \/>(Disponible samedi 19 avril 2025, \u00e0 partir de 18h00)<\/p>\n","protected":false},"excerpt":{"rendered":"Les partants du Quint\u00e9+ de ce dimanche 20 avrilPRIX DU PRESIDENT DE LA REPUBLIQUE (GROUPE III)DIMANCHE 20 AVRILAUTEUIL&hellip;\n","protected":false},"author":2,"featured_media":38691,"comment_status":"","ping_status":"","sticky":false,"template":"","format":"standard","meta":{"footnotes":""},"categories":[1888],"tags":[11,1777,674,1011,27,3014,12,626,1821,3015,25,12135],"class_list":{"0":"post-38690","1":"post","2":"type-post","3":"status-publish","4":"format-standard","5":"has-post-thumbnail","7":"category-paris","8":"tag-actualites","9":"tag-eu","10":"tag-europe","11":"tag-fr","12":"tag-france","13":"tag-galop","14":"tag-news","15":"tag-paris","16":"tag-pronostics","17":"tag-qrcode","18":"tag-republique-francaise","19":"tag-steeple-chase"},"share_on_mastodon":{"url":"https:\/\/pubeurope.com\/@fr\/114369914102134545","error":""},"_links":{"self":[{"href":"https:\/\/www.europesays.com\/fr\/wp-json\/wp\/v2\/posts\/38690","targetHints":{"allow":["GET"]}}],"collection":[{"href":"https:\/\/www.europesays.com\/fr\/wp-json\/wp\/v2\/posts"}],"about":[{"href":"https:\/\/www.europesays.com\/fr\/wp-json\/wp\/v2\/types\/post"}],"author":[{"embeddable":true,"href":"https:\/\/www.europesays.com\/fr\/wp-json\/wp\/v2\/users\/2"}],"replies":[{"embeddable":true,"href":"https:\/\/www.europesays.com\/fr\/wp-json\/wp\/v2\/comments?post=38690"}],"version-history":[{"count":0,"href":"https:\/\/www.europesays.com\/fr\/wp-json\/wp\/v2\/posts\/38690\/revisions"}],"wp:featuredmedia":[{"embeddable":true,"href":"https:\/\/www.europesays.com\/fr\/wp-json\/wp\/v2\/media\/38691"}],"wp:attachment":[{"href":"https:\/\/www.europesays.com\/fr\/wp-json\/wp\/v2\/media?parent=38690"}],"wp:term":[{"taxonomy":"category","embeddable":true,"href":"https:\/\/www.europesays.com\/fr\/wp-json\/wp\/v2\/categories?post=38690"},{"taxonomy":"post_tag","embeddable":true,"href":"https:\/\/www.europesays.com\/fr\/wp-json\/wp\/v2\/tags?post=38690"}],"curies":[{"name":"wp","href":"https:\/\/api.w.org\/{rel}","templated":true}]}}