{"id":386900,"date":"2025-09-13T03:44:16","date_gmt":"2025-09-13T03:44:16","guid":{"rendered":"https:\/\/www.europesays.com\/fr\/386900\/"},"modified":"2025-09-13T03:44:16","modified_gmt":"2025-09-13T03:44:16","slug":"deux-nouveaux-departs-au-stade-rennais-france-stade-rennais","status":"publish","type":"post","link":"https:\/\/www.europesays.com\/fr\/386900\/","title":{"rendered":"Deux nouveaux d\u00e9parts au Stade rennais &#8211; France &#8211; Stade rennais"},"content":{"rendered":"<p>Le mercato n\u2019est jamais termin\u00e9 quand il faut d\u00e9graisser.<\/p>\n<p>Le Stade rennais aura \u00e9t\u00e9 tr\u00e8s actif dans le sens des d\u00e9parts cet \u00e9t\u00e9 et le club breton a profit\u00e9 du march\u00e9 rallong\u00e9 en Turquie pour trouver une porte de sortie \u00e0 Bertu\u011f Yildirim et Do\u011fan Alemdar, qui rebondissent tous les deux en Turquie, \u00e0 l\u2019Istanbul Ba\u015fak\u015fehir FK, les deux clubs ayant trouv\u00e9 un accord pour leur transfert d\u00e9finitif.<\/p>\n<blockquote class=\"twitter-tweet\">\n<p lang=\"fr\" dir=\"ltr\">Do\u011fan Alemdar et Bertu\u011f Yildirim rejoignent Istanbul Ba\u015fak\u015fehir, 5e du championnat turc la saison pass\u00e9e.<br \/>\nLe SRFC tient \u00e0 remercier le gardien et l&rsquo;attaquant pour leur engagement et leur \u00e9tat d&rsquo;esprit. Bonne route Messieurs \u270a <a target=\"_blank\" href=\"https:\/\/t.co\/gpBZPNJPl7\" rel=\"nofollow\">pic.twitter.com\/gpBZPNJPl7<\/a><\/p>\n<p>\u2014 Stade Rennais F.C. (@staderennais) <a target=\"_blank\" href=\"https:\/\/twitter.com\/staderennais\/status\/1966535008895590845?ref_src=twsrc%5Etfw\" rel=\"nofollow noopener\">September 12, 2025<\/a><\/p><\/blockquote>\n<p>28 d\u00e9parts \u00e0 Rennes cet \u00e9t\u00e9<\/p>\n<p>Ce sont les 27e et 28e d\u00e9parts depuis le d\u00e9but de l\u2019\u00e9t\u00e9 \u00e0 Rennes, dont les dirigeants et Habib Beye avaient rapidement annonc\u00e9 leur envie de resserrer un effectif dont le coach rennais s\u2019est dit satisfait, ce vendredi en conf\u00e9rence de presse.<\/p>\n<p>Arriv\u00e9 en 2021, Alemdar a disput\u00e9 23 matchs sous le maillot rouge et noir, sans parvenir \u00e0 s\u2019imposer comme une \u00e9vidence pour prendre la succession de Steve Mandanda. Le portier avait \u00e9galement \u00e9t\u00e9 frein\u00e9 par une grave blessure apr\u00e8s un pr\u00eat \u00e0 Troyes, en Ligue 2.<\/p>\n<p>Yildirim, lui, compte 29 apparitions et un but contre le Maccabi Ha\u00effa \u00e0 ses d\u00e9buts. Il avait \u00e9t\u00e9 pr\u00eat\u00e9 \u00e0 Getafe la saison derni\u00e8re et Lo\u00efc D\u00e9sir\u00e9 n\u2019avait pas cach\u00e9 qu\u2019il appr\u00e9ciait son profil, mais l\u2019attaquant n\u2019aurait pas eu beaucoup de temps de jeu apr\u00e8s les arriv\u00e9es de Breel Embolo et d\u2019Est\u00e9ban Lepaul.<\/p>\n<p>Glen Kamara et Gauthier Gallon sont toujours sur le march\u00e9, si jamais Rennes souhaite atteindre la barre des 30 d\u00e9parts.<\/p>\n<p>\t\t\t\t\t\t\t\t\t\t<a class=\"lien-connexe\" href=\"https:\/\/www.sofoot.com\/breves\/une-treve-internationale-plus-longue-plutot-que-deux-a-lautomne-2026\" rel=\"nofollow noopener\" target=\"_blank\">Une tr\u00eave internationale plus longue plut\u00f4t que deux \u00e0 l\u2019automne 2026\u202f?<\/a>\t\t\t\t\t<script async src=\"https:\/\/platform.twitter.com\/widgets.js\" charset=\"utf-8\"><\/script><\/p>\n","protected":false},"excerpt":{"rendered":"Le mercato n\u2019est jamais termin\u00e9 quand il faut d\u00e9graisser. Le Stade rennais aura \u00e9t\u00e9 tr\u00e8s actif dans le&hellip;\n","protected":false},"author":2,"featured_media":386901,"comment_status":"","ping_status":"","sticky":false,"template":"","format":"standard","meta":{"footnotes":""},"categories":[9],"tags":[47,61,69,65,64,63,1011,27,68,66,62,70,67,60],"class_list":{"0":"post-386900","1":"post","2":"type-post","3":"status-publish","4":"format-standard","5":"has-post-thumbnail","7":"category-sports","8":"tag-actualite","9":"tag-actus-football","10":"tag-bundesliga","11":"tag-championnats-europeens","12":"tag-equipe-de-france","13":"tag-football","14":"tag-fr","15":"tag-france","16":"tag-ligua","17":"tag-ligue-1","18":"tag-news-foot","19":"tag-premier-league","20":"tag-serie-a","21":"tag-sports"},"share_on_mastodon":{"url":"https:\/\/pubeurope.com\/@fr\/115194931918414771","error":""},"_links":{"self":[{"href":"https:\/\/www.europesays.com\/fr\/wp-json\/wp\/v2\/posts\/386900","targetHints":{"allow":["GET"]}}],"collection":[{"href":"https:\/\/www.europesays.com\/fr\/wp-json\/wp\/v2\/posts"}],"about":[{"href":"https:\/\/www.europesays.com\/fr\/wp-json\/wp\/v2\/types\/post"}],"author":[{"embeddable":true,"href":"https:\/\/www.europesays.com\/fr\/wp-json\/wp\/v2\/users\/2"}],"replies":[{"embeddable":true,"href":"https:\/\/www.europesays.com\/fr\/wp-json\/wp\/v2\/comments?post=386900"}],"version-history":[{"count":0,"href":"https:\/\/www.europesays.com\/fr\/wp-json\/wp\/v2\/posts\/386900\/revisions"}],"wp:featuredmedia":[{"embeddable":true,"href":"https:\/\/www.europesays.com\/fr\/wp-json\/wp\/v2\/media\/386901"}],"wp:attachment":[{"href":"https:\/\/www.europesays.com\/fr\/wp-json\/wp\/v2\/media?parent=386900"}],"wp:term":[{"taxonomy":"category","embeddable":true,"href":"https:\/\/www.europesays.com\/fr\/wp-json\/wp\/v2\/categories?post=386900"},{"taxonomy":"post_tag","embeddable":true,"href":"https:\/\/www.europesays.com\/fr\/wp-json\/wp\/v2\/tags?post=386900"}],"curies":[{"name":"wp","href":"https:\/\/api.w.org\/{rel}","templated":true}]}}