{"id":386902,"date":"2025-09-13T03:45:21","date_gmt":"2025-09-13T03:45:21","guid":{"rendered":"https:\/\/www.europesays.com\/fr\/386902\/"},"modified":"2025-09-13T03:45:21","modified_gmt":"2025-09-13T03:45:21","slug":"prince-harry-rabiboche-avec-charles-iii-cette-arme-secrete-ramenee-par-le-duc-a-clarence-house","status":"publish","type":"post","link":"https:\/\/www.europesays.com\/fr\/386902\/","title":{"rendered":"Prince Harry rabiboch\u00e9 avec Charles III : cette arme secr\u00e8te ramen\u00e9e par le duc \u00e0 Clarence House"},"content":{"rendered":"<p>Le mercredi 10 septembre dernier \u00e9tait une date \u00e0 marquer d\u2019une<br \/>\npierre blanche pour la famille royale. Apr\u00e8s tout, elle marque le<br \/>\nretour du <a href=\"https:\/\/www.closermag.fr\/royautes\/prince-harry-sitot-les-retrouvailles-scellees-avec-charles-iii-il-ne-rentre-pas-voir-meghan-mais-va-en-zone-de-guerre-3578980\" target=\"_blank\" rel=\"noopener\"><br \/>\nprince Harry<\/a> au Royaume-Uni, mais surtout sa rencontre avec son<br \/>\np\u00e8re, <strong>le roi Charles III<\/strong>. C\u2019est la premi\u00e8re fois<br \/>\nque <a href=\"https:\/\/www.closermag.fr\/royautes\/charles-iii-moins-irrite-par-harry-que-par-william-ces-tensions-insoupconnables-entre-le-roi-et-son-fils-aine-3579032\" target=\"_blank\" rel=\"noopener\"><br \/>\np\u00e8re et fils<\/a> se rencontrent depuis f\u00e9vrier 2024. Rappelons que<br \/>\nle mari de <strong>Meghan Markle<\/strong> avait fait un voyage<br \/>\nexpress au Royaume-Uni apr\u00e8s l\u2019annonce du <strong>diagnostic de<br \/>\ncancer<\/strong> du roi Charles III.<\/p>\n<p>Le mercredi 10 septembre dernier, le duc de Sussex a pass\u00e9<br \/>\n<strong>55 minutes<\/strong> en t\u00eate \u00e0 t\u00eate avec son p\u00e8re.<br \/>\nContrairement \u00e0 la rencontre du mois de f\u00e9vrier 2024, la <a href=\"https:\/\/www.closermag.fr\/royautes\/camilla-parker-bowles-ou-est-passee-la-reine-consort-elle-se-retire-pendant-un-petit-bout-de-temps-3569693\" target=\"_blank\" rel=\"noopener\"><br \/>\nreine Camilla<\/a> n\u2019\u00e9tait pas pr\u00e9sente. Le prince Harry \u00e9tait venu<br \/>\nau \u00ab\u00a0<strong>th\u00e9 priv\u00e9<\/strong>\u00a0\u00bb \u00e0 Clarence House, la<br \/>\nr\u00e9sidence londonienne du <a href=\"https:\/\/www.closermag.fr\/royautes\/charles-iii-a-fait-une-grave-erreur-en-se-rabibochant-avec-harry-ca-a-a-voir-avec-kate-et-camilla-3579024\" target=\"_blank\" rel=\"noopener\"><br \/>\nroi Charles III<\/a>. Un moment qui a visiblement ravi le fils cadet<br \/>\ndu monarque.<\/p>\n<p><img loading=\"lazy\" decoding=\"async\" itemprop=\"thumbnailUrl\" class=\"aligncenter size-large wp-image-3552179 img-responsive\" src=\"https:\/\/www.europesays.com\/fr\/wp-content\/uploads\/2025\/09\/bestimage_00616076_000018-643x1024.jpg\" alt=\"\" width=\"643\" height=\"1024\"\/> \u00a9<br \/>\nBestimage<\/p>\n<p>Prince Harry : des photos de famille pour Charles III !<\/p>\n<p>Lors de sa rencontre avec le <strong>roi Charles III<\/strong>,<br \/>\nle prince Harry n\u2019\u00e9tait pas venu les mains vides. En effet, il a<br \/>\napport\u00e9 de nombreuses <strong>photos de famille<\/strong> ainsi<br \/>\nqu\u2019<strong>une vid\u00e9o<\/strong> sur son t\u00e9l\u00e9phone, selon Page<br \/>\nSix. Un cadeau de poids venant du fr\u00e8re du <a href=\"https:\/\/www.closermag.fr\/royautes\/prince-william-en-negociation-avec-prince-louis-cette-video-a-se-damner-damour-3539737\" target=\"_blank\" rel=\"noopener\"><br \/>\nprince William<\/a>. Surtout que le monarque n\u2019a vu <strong>le<br \/>\nprince Archie<\/strong>, 6 ans, qu\u2019\u00e0 seulement quelques<br \/>\nreprises.<\/p>\n<blockquote class=\"twitter-tweet\"><p><a class=\"twitter-link\" rel=\"noindex, nofollow noopener\" href=\"https:\/\/twitter.com\/PageSix\/status\/1966180794658959753\" target=\"_blank\"><\/p><\/blockquote>\n<p>Quant \u00e0 la petite derni\u00e8re de <strong>Harry et Meghan<\/strong>,<br \/>\n<strong>la princesse Lilibet<\/strong>, 4 ans, le roi Charles III ne<br \/>\nl\u2019a vu qu\u2019une seule fois. C\u2019\u00e9tait lors du jubil\u00e9 de platine de la<br \/>\nreine Elizabeth II, en juin 2022. A l\u2019\u00e9poque, le <strong>prince<br \/>\nHarry<\/strong> et <strong>Meghan Markle<\/strong> avaient invit\u00e9 la<br \/>\nfamille royale \u00e0 la f\u00eate du premier anniversaire de Lilibet au<br \/>\nFrogmore Cottage. Seulement, ni le roi Charles III, ni le prince<br \/>\nWilliam n\u2019avaient r\u00e9pondu pr\u00e9sent \u00e0 l\u2019invitation.<\/p>\n<p>Prince Harry : tout sourire apr\u00e8s avoir<br \/>\nrencontr\u00e9 son p\u00e8re !<\/p>\n<p>En f\u00e9vrier 2024, <strong>le roi Charles III<\/strong> n\u2019avait<br \/>\naccord\u00e9 que 30 minutes au <strong>prince Harry<\/strong>. Le<br \/>\nmercredi 10 septembre dernier, p\u00e8re et fils ont \u00e9t\u00e9 ensemble<br \/>\npendant 55 minutes. Comme l\u2019a rapport\u00e9 Page Six, la papa d\u2019<a href=\"https:\/\/www.closermag.fr\/royautes\/harry-et-charles-iii-le-role-darchie-et-lilibet-et-meme-de-meghan-dans-les-negociations-de-leurs-retrouvailles-3578867\" target=\"_blank\" rel=\"noopener\">Archie<br \/>\net Lilibet<\/a> \u00e9tait tout sourire apr\u00e8s cette rencontre.<br \/>\nD\u2019ailleurs, le duc de Sussex avait affirm\u00e9 que son p\u00e8re \u00ab\u00a0va<br \/>\ntr\u00e8s bien\u00a0\u00bb.<\/p>\n<blockquote class=\"twitter-tweet\"><p><a class=\"twitter-link\" rel=\"noindex, nofollow noopener\" href=\"https:\/\/twitter.com\/DailyMail\/status\/1965990700282990796\" target=\"_blank\"><\/p><\/blockquote>\n<p>Visiblement ravi de retourner au Royaume-Uni, cette bonne humeur<br \/>\navait accompagn\u00e9 le prince Harry tout au long de ses visites au<br \/>\npays. R\u00e9ception pour les <strong>Invictus Games<\/strong>,<br \/>\ndiscours lors de la remise des prix<br \/>\n<strong>WellChild<\/strong>, une source a affirm\u00e9 au m\u00e9dia<br \/>\nque le prince royal \u00e9tait aussi ravi de retrouver de vieux amis et<br \/>\ncoll\u00e8gues.<\/p>\n<p><script async src=\"https:\/\/platform.twitter.com\/widgets.js\" charset=\"utf-8\"><\/script><\/p>\n","protected":false},"excerpt":{"rendered":"Le mercredi 10 septembre dernier \u00e9tait une date \u00e0 marquer d\u2019une pierre blanche pour la famille royale. Apr\u00e8s&hellip;\n","protected":false},"author":2,"featured_media":386903,"comment_status":"","ping_status":"","sticky":false,"template":"","format":"standard","meta":{"footnotes":""},"categories":[8],"tags":[548,58,59,1011,27,267],"class_list":{"0":"post-386902","1":"post","2":"type-post","3":"status-publish","4":"format-standard","5":"has-post-thumbnail","7":"category-divertissement","8":"tag-article-simple","9":"tag-divertissement","10":"tag-entertainment","11":"tag-fr","12":"tag-france","13":"tag-prince-harry"},"share_on_mastodon":{"url":"https:\/\/pubeurope.com\/@fr\/115194935674405323","error":""},"_links":{"self":[{"href":"https:\/\/www.europesays.com\/fr\/wp-json\/wp\/v2\/posts\/386902","targetHints":{"allow":["GET"]}}],"collection":[{"href":"https:\/\/www.europesays.com\/fr\/wp-json\/wp\/v2\/posts"}],"about":[{"href":"https:\/\/www.europesays.com\/fr\/wp-json\/wp\/v2\/types\/post"}],"author":[{"embeddable":true,"href":"https:\/\/www.europesays.com\/fr\/wp-json\/wp\/v2\/users\/2"}],"replies":[{"embeddable":true,"href":"https:\/\/www.europesays.com\/fr\/wp-json\/wp\/v2\/comments?post=386902"}],"version-history":[{"count":0,"href":"https:\/\/www.europesays.com\/fr\/wp-json\/wp\/v2\/posts\/386902\/revisions"}],"wp:featuredmedia":[{"embeddable":true,"href":"https:\/\/www.europesays.com\/fr\/wp-json\/wp\/v2\/media\/386903"}],"wp:attachment":[{"href":"https:\/\/www.europesays.com\/fr\/wp-json\/wp\/v2\/media?parent=386902"}],"wp:term":[{"taxonomy":"category","embeddable":true,"href":"https:\/\/www.europesays.com\/fr\/wp-json\/wp\/v2\/categories?post=386902"},{"taxonomy":"post_tag","embeddable":true,"href":"https:\/\/www.europesays.com\/fr\/wp-json\/wp\/v2\/tags?post=386902"}],"curies":[{"name":"wp","href":"https:\/\/api.w.org\/{rel}","templated":true}]}}