{"id":386908,"date":"2025-09-13T03:48:16","date_gmt":"2025-09-13T03:48:16","guid":{"rendered":"https:\/\/www.europesays.com\/fr\/386908\/"},"modified":"2025-09-13T03:48:16","modified_gmt":"2025-09-13T03:48:16","slug":"on-la-eu-lassassin-presume-de-charlie-kirk-arrete-13-09-2025-a-0336","status":"publish","type":"post","link":"https:\/\/www.europesays.com\/fr\/386908\/","title":{"rendered":"\u00ab\u00a0On l&rsquo;a eu\u00a0\u00bb: l&rsquo;assassin pr\u00e9sum\u00e9 de Charlie Kirk arr\u00eat\u00e9 &#8211; 13\/09\/2025 \u00e0 03:36"},"content":{"rendered":"<p>        <img fetchpriority=\"high\" decoding=\"async\" src=\"https:\/\/www.europesays.com\/fr\/wp-content\/uploads\/2025\/09\/ce6b7c605ea95810803b1b2b9b22f3fa-760x506.jpg\" alt=\"Une photo du suspect du meurtre de Charlie Kirk, Tyler Robinson, le 12 septembre 2025, dans l'Utah ( AFP \/ Patrick T. Fallon )\" loading=\"eager\" width=\"760\" height=\"506\" style=\"max-width: 100%!important; height: auto;\"\/><\/p>\n<p class=\"c-image-news__legend\">Une photo du suspect du meurtre de Charlie Kirk, Tyler Robinson, le 12 septembre 2025, dans l&rsquo;Utah ( AFP \/ Patrick T. Fallon )<\/p>\n<p>\n Un homme soup\u00e7onn\u00e9 d&rsquo;avoir assassin\u00e9 l&rsquo;influenceur conservateur Charlie Kirk a \u00e9t\u00e9 arr\u00eat\u00e9 apr\u00e8s une chasse \u00e0 l&rsquo;homme effr\u00e9n\u00e9e, ont annonc\u00e9 vendredi les autorit\u00e9s, deux jours apr\u00e8s le meurtre du porte-drapeau de la jeunesse trumpiste qui a choqu\u00e9 des Etats-Unis profond\u00e9ment polaris\u00e9s.\n<\/p>\n<p>\n L&rsquo;arrestation a \u00e9t\u00e9 annonc\u00e9e vendredi matin par Donald Trump et confirm\u00e9e par les autorit\u00e9s lors d&rsquo;une conf\u00e9rence de presse \u00e0 Orem, la ville de l&rsquo;Utah o\u00f9 Charlie Kirk, 31 ans, a \u00e9t\u00e9 tu\u00e9 d&rsquo;une balle dans le cou mercredi lors d&rsquo;un d\u00e9bat public sur un campus universitaire.\n<\/p>\n<p>        <img decoding=\"async\" src=\"https:\/\/www.europesays.com\/fr\/wp-content\/uploads\/2025\/09\/6ccd01e69c758a8c01e4da43dd9f41f2-760x506.jpg\" alt=\"Le gouverneur de l'Utah Spencer Cox s'exprime au micro lors d'une conf\u00e9rence de presse \u00e0 Orem (Utah), avec notamment le directeur du FBI Kash Patel (tout \u00e0 droite), le 12 septembre 2025 ( AFP \/ Patrick T. Fallon )\" loading=\"eager\" width=\"760\" height=\"506\" style=\"max-width: 100%!important; height: auto;\"\/><\/p>\n<p class=\"c-image-news__legend\">Le gouverneur de l&rsquo;Utah Spencer Cox s&rsquo;exprime au micro lors d&rsquo;une conf\u00e9rence de presse \u00e0 Orem (Utah), avec notamment le directeur du FBI Kash Patel (tout \u00e0 droite), le 12 septembre 2025 ( AFP \/ Patrick T. Fallon )<\/p>\n<p>\n \u00ab\u00a0On l&rsquo;a eu\u00a0\u00bb, a lanc\u00e9 le gouverneur r\u00e9publicain de l&rsquo;Utah, Spencer Cox, identifiant le suspect comme \u00e9tant Tyler Robinson.\n<\/p>\n<p>\n Le directeur de la police f\u00e9d\u00e9rale (FBI) Kash Patel a expliqu\u00e9 que l&rsquo;assassin pr\u00e9sum\u00e9, \u00e2g\u00e9 de 22 ans, avait \u00e9t\u00e9 appr\u00e9hend\u00e9 jeudi soir vers 22h00 locales (04H00 GMT vendredi) apr\u00e8s 33 heures de traque.\n<\/p>\n<p>\n Dans une d\u00e9claration diffus\u00e9e en direct sur les r\u00e9seaux sociaux vendredi soir et \u00e9maill\u00e9e de multiples r\u00e9f\u00e9rences religieuses, Erika Kirk a rendu hommage \u00e0 son mari mort en \u00ab\u00a0martyr\u00a0\u00bb, visiblement boulevers\u00e9e, debout \u00e0 c\u00f4t\u00e9 de la chaise depuis laquelle il animait son podcast tr\u00e8s \u00e9cout\u00e9.\n<\/p>\n<p> &#8211; \u00ab\u00a0Cri de guerre\u00a0\u00bb &#8211;<\/p>\n<p>\n \u00ab\u00a0Ceux qui font le mal et sont responsables de l&rsquo;assassinat de mon mari n&rsquo;ont aucune id\u00e9e de ce qu&rsquo;ils ont fait. (&#8230;) Vous n&rsquo;avez aucune id\u00e9e de ce que vous venez de d\u00e9clencher dans ce pays tout entier, dans ce monde. (&#8230;) Vous n&rsquo;avez aucune id\u00e9e du feu que vous avez allum\u00e9 (&#8230;). Les larmes de cette veuve vont r\u00e9sonner dans le monde entier comme un cri de guerre\u00a0\u00bb, a-t-elle d\u00e9clar\u00e9.\n<\/p>\n<p>\n Donald Trump avait expliqu\u00e9 sur la cha\u00eene Fox News que \u00ab\u00a0quelqu&rsquo;un de tr\u00e8s proche\u00a0\u00bb du tueur pr\u00e9sum\u00e9 \u00ab\u00a0l&rsquo;avait d\u00e9nonc\u00e9\u00a0\u00bb, ajoutant que le p\u00e8re du suspect lui-m\u00eame ainsi qu&rsquo;un pasteur avaient jou\u00e9 un r\u00f4le.\n<\/p>\n<p>\n Selon le gouverneur de l&rsquo;Utah, un membre de la famille de Tyler Robinson a contact\u00e9 une connaissance qui a d\u00e9march\u00e9 un membre des forces de l&rsquo;ordre, pour dire que Robinson \u00ab\u00a0s&rsquo;\u00e9tait confi\u00e9 \u00e0 eux ou avait laiss\u00e9 entendre qu&rsquo;il \u00e9tait l&rsquo;auteur du tir\u00a0\u00bb.\n<\/p>\n<p>\n Les autorit\u00e9s, qui \u00e9voquaient un acte \u00ab\u00a0cibl\u00e9\u00a0\u00bb depuis le jour du drame, n&rsquo;ont pas fourni de mobile \u00e0 l&rsquo;assassinat.\n<\/p>\n<p>\n Mais elles ont dit que des messages, parfois confus, avaient \u00e9t\u00e9 \u00e9crits sur des munitions retrouv\u00e9es, comme \u00ab\u00a0Eh fasciste! Attrape \u00e7a!\u00a0\u00bb ou \u00ab\u00a0Oh Bella Ciao, Bella Ciao, Bella Ciao\u00a0\u00bb, du nom de la c\u00e9l\u00e8bre chanson antifasciste italienne. Un autre dit: \u00ab\u00a0Si tu lis \u00e7a, tu es gay LMAO (mort de rire en anglais, ndlr)\u00a0\u00bb.\n<\/p>\n<p>        <img decoding=\"async\" src=\"https:\/\/www.europesays.com\/fr\/wp-content\/uploads\/2025\/09\/344e44586059b4f38dc86b2b992fb607-760x490.jpg\" alt=\"Images publi\u00e9es par le FBI montrant un suspect dans l'enqu\u00eate sur la fusillade mortelle de l'influenceur conservateur Charlie Kirk survenue le 10 septembre 2025 \u00e0 l'Utah Valley University \u00e0 Orem ( AFP \/ HANDOUT )\" loading=\"eager\" width=\"760\" height=\"490\" style=\"max-width: 100%!important; height: auto;\"\/><\/p>\n<p class=\"c-image-news__legend\">Images publi\u00e9es par le FBI montrant un suspect dans l&rsquo;enqu\u00eate sur la fusillade mortelle de l&rsquo;influenceur conservateur Charlie Kirk survenue le 10 septembre 2025 \u00e0 l&rsquo;Utah Valley University \u00e0 Orem ( AFP \/ HANDOUT )<\/p>\n<p>\n La veille, le FBI avait publi\u00e9 plusieurs photos et vid\u00e9os du suspect : un jeune homme svelte, habill\u00e9 d&rsquo;un tee-shirt sombre orn\u00e9 d&rsquo;un drapeau am\u00e9ricain.\n<\/p>\n<p>\n Plus de 7.000 signalements avaient \u00e9t\u00e9 re\u00e7us par la police jeudi soir.\n<\/p>\n<p> &#8211; Climat de violence politique &#8211;<\/p>\n<p>\n La d\u00e9pouille de Charlie Kirk a \u00e9t\u00e9 transport\u00e9 jeudi dans l&rsquo;avion du vice-pr\u00e9sident JD Vance vers Phoenix, dans l&rsquo;Arizona, le si\u00e8ge de son association Turning point USA qu&rsquo;il avait cofond\u00e9e en 2012, \u00e0 l&rsquo;\u00e2ge de 18 ans, et devenue en une d\u00e9cennie le plus important groupe de jeunes conservateurs aux Etats-Unis.\n<\/p>\n<p>\n Originaire de la banlieue de Chicago, chr\u00e9tien et d\u00e9fenseur du port d&rsquo;armes \u00e0 feu, ce p\u00e8re de deux enfants avait abandonn\u00e9 ses \u00e9tudes tr\u00e8s t\u00f4t pour se consacrer au militantisme.\n<\/p>\n<p>        <img decoding=\"async\" src=\"https:\/\/www.europesays.com\/fr\/wp-content\/uploads\/2025\/09\/2a21d1ca0e686e6601a2181366a241b5-760x507.jpg\" alt=\"Des personnes d\u00e9posent des fleurs en hommage \u00e0 l'influenceur conservateur Charlie Kirk lors d'une veill\u00e9e dans un m\u00e9morial improvis\u00e9 \u00e0 Orem, le 11 septembre 2025 dans l'Utah ( AFP \/ Melissa MAJCHRZAK )\" loading=\"eager\" width=\"760\" height=\"507\" style=\"max-width: 100%!important; height: auto;\"\/><\/p>\n<p class=\"c-image-news__legend\">Des personnes d\u00e9posent des fleurs en hommage \u00e0 l&rsquo;influenceur conservateur Charlie Kirk lors d&rsquo;une veill\u00e9e dans un m\u00e9morial improvis\u00e9 \u00e0 Orem, le 11 septembre 2025 dans l&rsquo;Utah ( AFP \/ Melissa MAJCHRZAK )<\/p>\n<p>\n Donald Trump, qui a pr\u00e9vu d&rsquo;assister \u00e0 ses fun\u00e9railles, avait d\u00e8s le jour du drame mis en cause la responsabilit\u00e9 de la \u00ab\u00a0gauche radicale\u00a0\u00bb avant d&rsquo;appeler \u00e0 la retenue.\n<\/p>\n<p>\n Mais vendredi sur Fox News, le pr\u00e9sident am\u00e9ricain, lui-m\u00eame vis\u00e9 par deux tentatives d&rsquo;assassinat lors de la derni\u00e8re campagne \u00e9lectorale, a lanc\u00e9 une attaque en r\u00e8gle contre les \u00ab\u00a0extr\u00e9mistes\u00a0\u00bb de gauche et ses cibles de pr\u00e9dilection, dont l&rsquo;ancien pr\u00e9sident Joe Biden et le milliardaire George Soros.\n<\/p>\n<p>\n Les Etats-Unis, un pays o\u00f9 il y a plus d&rsquo;armes \u00e0 feu en circulation que d&rsquo;habitants, ont connu une recrudescence de la violence politique ces derni\u00e8res ann\u00e9es.\n<\/p>\n<p>\n Cette ann\u00e9e d\u00e9j\u00e0, Melissa Hortman, \u00e9lue locale d\u00e9mocrate du Minnesota, et son \u00e9poux ont \u00e9t\u00e9 tu\u00e9s, et un autre \u00e9lu local a \u00e9t\u00e9 gri\u00e8vement bless\u00e9.\n<\/p>\n<p>\n Sur le campus d&rsquo;Orem, des centaines de personnes portant des casquettes rouges MAGA (\u00ab\u00a0Make America great again\u00a0\u00bb, le slogan de Donald Trump) et tenant des drapeaux am\u00e9ricains, avaient pri\u00e9es jeudi soir en m\u00e9moire de Charlie Kirk. \u00ab\u00a0Ca semble toujours insens\u00e9 que \u00e7a soit arriv\u00e9, a dit \u00e0 l&rsquo;AFP Jonathan Silva, 35 ans. C&rsquo;est totalement surr\u00e9aliste.\u00a0\u00bb<\/p>\n","protected":false},"excerpt":{"rendered":"Une photo du suspect du meurtre de Charlie Kirk, Tyler Robinson, le 12 septembre 2025, dans l&rsquo;Utah (&hellip;\n","protected":false},"author":2,"featured_media":386909,"comment_status":"","ping_status":"","sticky":false,"template":"","format":"standard","meta":{"footnotes":""},"categories":[5],"tags":[400,11,398,408,405,1011,27,403,14,402,399,404,12,401,406,407,28],"class_list":{"0":"post-386908","1":"post","2":"type-post","3":"status-publish","4":"format-standard","5":"has-post-thumbnail","7":"category-international","8":"tag-action-cac-40","9":"tag-actualites","10":"tag-bourse-de-paris","11":"tag-boursorama","12":"tag-cotations","13":"tag-fr","14":"tag-france","15":"tag-indices-devises","16":"tag-international","17":"tag-investir","18":"tag-investissement","19":"tag-marche-boursier","20":"tag-news","21":"tag-sicav","22":"tag-trackers","23":"tag-warrants","24":"tag-world"},"share_on_mastodon":{"url":"https:\/\/pubeurope.com\/@fr\/115194947806593549","error":""},"_links":{"self":[{"href":"https:\/\/www.europesays.com\/fr\/wp-json\/wp\/v2\/posts\/386908","targetHints":{"allow":["GET"]}}],"collection":[{"href":"https:\/\/www.europesays.com\/fr\/wp-json\/wp\/v2\/posts"}],"about":[{"href":"https:\/\/www.europesays.com\/fr\/wp-json\/wp\/v2\/types\/post"}],"author":[{"embeddable":true,"href":"https:\/\/www.europesays.com\/fr\/wp-json\/wp\/v2\/users\/2"}],"replies":[{"embeddable":true,"href":"https:\/\/www.europesays.com\/fr\/wp-json\/wp\/v2\/comments?post=386908"}],"version-history":[{"count":0,"href":"https:\/\/www.europesays.com\/fr\/wp-json\/wp\/v2\/posts\/386908\/revisions"}],"wp:featuredmedia":[{"embeddable":true,"href":"https:\/\/www.europesays.com\/fr\/wp-json\/wp\/v2\/media\/386909"}],"wp:attachment":[{"href":"https:\/\/www.europesays.com\/fr\/wp-json\/wp\/v2\/media?parent=386908"}],"wp:term":[{"taxonomy":"category","embeddable":true,"href":"https:\/\/www.europesays.com\/fr\/wp-json\/wp\/v2\/categories?post=386908"},{"taxonomy":"post_tag","embeddable":true,"href":"https:\/\/www.europesays.com\/fr\/wp-json\/wp\/v2\/tags?post=386908"}],"curies":[{"name":"wp","href":"https:\/\/api.w.org\/{rel}","templated":true}]}}