{"id":386910,"date":"2025-09-13T03:49:15","date_gmt":"2025-09-13T03:49:15","guid":{"rendered":"https:\/\/www.europesays.com\/fr\/386910\/"},"modified":"2025-09-13T03:49:15","modified_gmt":"2025-09-13T03:49:15","slug":"les-controleurs-aeriens-annulent-leur-preavis-faute-dinterlocuteur-au-gouvernement","status":"publish","type":"post","link":"https:\/\/www.europesays.com\/fr\/386910\/","title":{"rendered":"Les contr\u00f4leurs a\u00e9riens annulent leur pr\u00e9avis faute d\u2019interlocuteur au gouvernement"},"content":{"rendered":"<p>Le 18 septembre, la mobilisation g\u00e9n\u00e9rale des <a href=\"https:\/\/www.20minutes.fr\/dossier\/syndicat\" class=\"c-link c-link--is-underlined\" target=\"_blank\" rel=\"noopener\">syndicats <\/a>devra finalement faire sans les <a href=\"https:\/\/www.20minutes.fr\/societe\/greve-controleurs-aeriens\/\" class=\"c-link c-link--is-underlined\" target=\"_blank\" rel=\"noopener\">contr\u00f4leurs <\/a>a\u00e9riens, dont le principal syndicat vient de reporter son pr\u00e9avis de <a href=\"https:\/\/www.20minutes.fr\/dossier\/greve\" class=\"c-link c-link--is-underlined\" target=\"_blank\" rel=\"noopener\">gr\u00e8ve<\/a>, faute d\u2019avoir pu trouver un interlocuteur au gouvernement pour faire entendre ses revendications. Ils entendent cependant poursuivre le mouvement quelques semaines plus tard, du 7 au 9\u00a0octobre.<\/p>\n<p>\u00ab\u00a0Compte tenu du fait qu\u2019un nouveau Premier ministre a \u00e9t\u00e9 nomm\u00e9 et qu\u2019un certain temps va \u00eatre laiss\u00e9 pour composer le gouvernement, on n\u2019a pas d\u2019interlocuteur pour r\u00e9ussir \u00e0 aboutir sur les revendications du niveau minist\u00e9riel d\u2019ici le 18\u00a0septembre\u00a0\u00bb, a d\u00e9clar\u00e9 \u00e0 l\u2019AFP Guillaume Sintes du syndicat SNCTA.<\/p>\n<p>Ne pas \u00ab\u00a0faire gr\u00e8ve pour faire gr\u00e8ve\u00a0\u00bb<\/p>\n<p>Le SNCTA (60\u00a0% des voix dans la profession) \u00ab\u00a0n\u2019a pas pour politique de faire gr\u00e8ve pour faire gr\u00e8ve. Donc, dans ces conditions, on l\u00e8ve le pr\u00e9avis du 18\u00a0septembre et on continue le mouvement tel qu\u2019on l\u2019envisageait si on n\u2019avait pas eu gain de cause sur le 18\u00a0septembre\u00a0\u00bb, a-t-il ajout\u00e9.<\/p>\n<\/p>\n<p>Il a rappel\u00e9 que le syndicat posait \u00ab\u00a0traditionnellement un jour de gr\u00e8ve, puis trois jours de gr\u00e8ve un peu plus tard\u00a0\u00bb. Un pr\u00e9avis de gr\u00e8ve du 7 au 9\u00a0octobre a ainsi \u00e9t\u00e9 d\u00e9pos\u00e9 \u00e0 la lev\u00e9e du pr\u00e9vis du 18\u00a0septembre. Plusieurs a\u00e9roports fran\u00e7ais comme Montpellier ou Perpignan avaient \u00e9t\u00e9 paralys\u00e9s le 17\u00a0d\u00e9cembre 2024 apr\u00e8s un appel \u00e0 la gr\u00e8ve du SNCTA.<\/p>\n<p><a href=\"https:\/\/www.20minutes.fr\/dossier\/syndicat\" class=\"c-link c-btn c-btn--primary\" target=\"_blank\" rel=\"noopener\">Plus d&rsquo;informations sur les mouvement syndicaux \u00e0 venir<\/a><\/p>\n<p>Mais le syndicat majoritaire n\u2019avait pas appel\u00e9 \u00e0 la gr\u00e8ve lors de la mobilisation des 3 et 4\u00a0juillet, \u00e0 l\u2019appel de l\u2019UNSA-ICNA et de l\u2019USAC-CGT. Celle-ci avait provoqu\u00e9 l\u2019annulation de pr\u00e8s de 3.000 vols et de nombreux retards, affectant des centaines de milliers de personnes en France et dans le reste de l\u2019Europe.<\/p>\n","protected":false},"excerpt":{"rendered":"Le 18 septembre, la mobilisation g\u00e9n\u00e9rale des syndicats devra finalement faire sans les contr\u00f4leurs a\u00e9riens, dont le principal&hellip;\n","protected":false},"author":2,"featured_media":386911,"comment_status":"","ping_status":"","sticky":false,"template":"","format":"standard","meta":{"footnotes":""},"categories":[4],"tags":[47,11,37,35823,1011,27,6151,36029,12,25,104],"class_list":{"0":"post-386910","1":"post","2":"type-post","3":"status-publish","4":"format-standard","5":"has-post-thumbnail","7":"category-france","8":"tag-actualite","9":"tag-actualites","10":"tag-avion","11":"tag-controleurs-aeriens","12":"tag-fr","13":"tag-france","14":"tag-greve","15":"tag-greve-des-controleurs-aeriens","16":"tag-news","17":"tag-republique-francaise","18":"tag-societe"},"share_on_mastodon":{"url":"https:\/\/pubeurope.com\/@fr\/115194951512349679","error":""},"_links":{"self":[{"href":"https:\/\/www.europesays.com\/fr\/wp-json\/wp\/v2\/posts\/386910","targetHints":{"allow":["GET"]}}],"collection":[{"href":"https:\/\/www.europesays.com\/fr\/wp-json\/wp\/v2\/posts"}],"about":[{"href":"https:\/\/www.europesays.com\/fr\/wp-json\/wp\/v2\/types\/post"}],"author":[{"embeddable":true,"href":"https:\/\/www.europesays.com\/fr\/wp-json\/wp\/v2\/users\/2"}],"replies":[{"embeddable":true,"href":"https:\/\/www.europesays.com\/fr\/wp-json\/wp\/v2\/comments?post=386910"}],"version-history":[{"count":0,"href":"https:\/\/www.europesays.com\/fr\/wp-json\/wp\/v2\/posts\/386910\/revisions"}],"wp:featuredmedia":[{"embeddable":true,"href":"https:\/\/www.europesays.com\/fr\/wp-json\/wp\/v2\/media\/386911"}],"wp:attachment":[{"href":"https:\/\/www.europesays.com\/fr\/wp-json\/wp\/v2\/media?parent=386910"}],"wp:term":[{"taxonomy":"category","embeddable":true,"href":"https:\/\/www.europesays.com\/fr\/wp-json\/wp\/v2\/categories?post=386910"},{"taxonomy":"post_tag","embeddable":true,"href":"https:\/\/www.europesays.com\/fr\/wp-json\/wp\/v2\/tags?post=386910"}],"curies":[{"name":"wp","href":"https:\/\/api.w.org\/{rel}","templated":true}]}}