{"id":386912,"date":"2025-09-13T03:50:19","date_gmt":"2025-09-13T03:50:19","guid":{"rendered":"https:\/\/www.europesays.com\/fr\/386912\/"},"modified":"2025-09-13T03:50:19","modified_gmt":"2025-09-13T03:50:19","slug":"la-ministre-demissionnaire-du-travail-soupconnee-davoir-permis-a-une-entreprise-deviter-un-redressement-fiscal","status":"publish","type":"post","link":"https:\/\/www.europesays.com\/fr\/386912\/","title":{"rendered":"La ministre d\u00e9missionnaire du Travail soup\u00e7onn\u00e9e d\u2019avoir permis \u00e0 une entreprise d\u2019\u00e9viter un redressement fiscal"},"content":{"rendered":"<p>L\u2019association anticorruption \u00ab\u00a0AC\u00a0!! \u00bb accuse la <a href=\"https:\/\/www.20minutes.fr\/dossier\/ministre_du_travail\" class=\"c-link c-link--is-underlined\" target=\"_blank\" rel=\"noopener\">ministre <\/a>d\u00e9missionnaire du <a href=\"https:\/\/www.20minutes.fr\/dossier\/travail\" class=\"c-link c-link--is-underlined\" target=\"_blank\" rel=\"noopener\">Travail <\/a><a href=\"https:\/\/www.20minutes.fr\/politique\/astrid-panosyan-bouvet\/\" class=\"c-link c-link--is-underlined\" target=\"_blank\" rel=\"noopener\">Astrid Panosyan-Bouvet<\/a> d\u2019avoir \u00e9vit\u00e9 un redressement fiscal au sp\u00e9cialiste de la forge et de l\u2019usinage Setforge. Une plainte a \u00e9t\u00e9 d\u00e9pos\u00e9e au Parquet national financier.<\/p>\n<p>Sollicit\u00e9s, ni le cabinet de la ministre, ni la soci\u00e9t\u00e9 ni le PNF n\u2019ont r\u00e9pondu dans l\u2019imm\u00e9diat \u00e0 l\u2019AFP. Cette plainte contre X d\u00e9nonce plusieurs infractions possibles comme la prise ill\u00e9gale d\u2019int\u00e9r\u00eats, le d\u00e9tournement de fonds publics ou la concussion, mais aussi l\u2019abus d\u2019autorit\u00e9, l\u2019abus de biens sociaux ou la pr\u00e9sentation inexacte des comptes annuels.<\/p>\n<p>Une d\u00e9cision \u00ab\u00a0sans base l\u00e9gale\u00a0\u00bb<\/p>\n<p>Le document cible notamment un redressement fiscal que la ministre du Travail Astrid Panosyan-Bouvet aurait \u00e9vit\u00e9 \u00e0 la soci\u00e9t\u00e9 Setforge, et ce possiblement contre l\u2019avis de la justice, comme l\u2019avait \u00e9crit <a href=\"https:\/\/www.mediapart.fr\/journal\/france\/010925\/la-ministre-du-travail-efface-l-ardoise-d-une-entreprise-au-prejudice-de-la-securite-sociale\" target=\"_blank\" class=\"c-link c-link--is-underlined\" rel=\"noopener\">Mediapart <\/a>d\u00e9but septembre.<\/p>\n<p>D\u2019apr\u00e8s la plainte, l\u2019Urssaf a engag\u00e9 contre Setforge \u00ab\u00a0un redressement significatif portant sur plusieurs exercices de cotisations sociales impay\u00e9es. Ce redressement avait \u00e9t\u00e9 notifi\u00e9, accept\u00e9 par les services comp\u00e9tents et \u00e9tait en voie de recouvrement.\u00a0\u00bb Mediapart soulignait que la d\u00e9cision aurait en outre fait l\u2019objet d\u2019une d\u00e9cision de justice d\u00e9favorable \u00e0 Setforge.<\/p>\n<p>\u00ab\u00a0Or, contre toute attente\u00a0\u00bb, accuse AC\u00a0!! Anti-corruption, \u00ab\u00a0la ministre du Travail est intervenue personnellement pour faire annuler purement et simplement ce redressement.\u00a0\u00bb<\/p>\n<\/p>\n<p>\u00ab\u00a0Cette d\u00e9cision, prise sans base l\u00e9gale identifiable et contre l\u2019avis des organismes charg\u00e9s du recouvrement, a eu pour cons\u00e9quence directe de soustraire \u00e0 la S\u00e9curit\u00e9 sociale des sommes qui lui \u00e9taient dues et de faire b\u00e9n\u00e9ficier Setforge d\u2019un effacement de dette sociale injustifi\u00e9\u00a0\u00bb, d\u00e9nonce encore l\u2019association.<\/p>\n<p>A Mediapart, le cabinet de la ministre d\u00e9missionnaire avait confirm\u00e9 le redressement, \u00e9voquant un \u00ab\u00a0acte de gestion tr\u00e8s exceptionnel et (qui) a vocation \u00e0 le rester\u00a0\u00bb, qui serait justifi\u00e9 par la situation particuli\u00e8re de la soci\u00e9t\u00e9.<\/p>\n<p>La plainte vise par ailleurs la \u00ab\u00a0disproportion manifeste\u00a0\u00bb entre \u00ab\u00a0l\u2019activit\u00e9 r\u00e9elle\u00a0\u00bb de Setforge \u00ab\u00a0et les masses financi\u00e8res qu\u2019elle manipule\u00a0\u00bb. Pour AC\u00a0!! Anti-corruption, cette \u00ab\u00a0soci\u00e9t\u00e9 structurellement d\u00e9ficitaire et financi\u00e8rement artificialis\u00e9e a d\u00e9tourn\u00e9 ou employ\u00e9 de fa\u00e7on suspecte des financements publics et priv\u00e9s\u00a0\u00bb.<\/p>\n<p><a href=\"https:\/\/www.20minutes.fr\/politique\/\" class=\"c-link c-btn c-btn--primary\" target=\"_blank\" rel=\"noopener\">Suivez le reste de l&rsquo;actualit\u00e9 politique<\/a><\/p>\n<p>\u00ab\u00a0Quand nous voyons la situation de la France et surtout la situation de la S\u00e9curit\u00e9 sociale, nous ne pouvons comprendre la d\u00e9cision d\u2019une ministre, \u00e0 contre-courant d\u2019une d\u00e9cision de justice. Nous esp\u00e9rons qu\u2019une enqu\u00eate permettra de nous dire pourquoi une telle d\u00e9cision\u00a0\u00bb a r\u00e9agi aupr\u00e8s de l\u2019AFP Marcel Claude, pr\u00e9sident d\u2019AC\u00a0!! Anti-corruption.<\/p>\n","protected":false},"excerpt":{"rendered":"L\u2019association anticorruption \u00ab\u00a0AC\u00a0!! \u00bb accuse la ministre d\u00e9missionnaire du Travail Astrid Panosyan-Bouvet d\u2019avoir \u00e9vit\u00e9 un redressement fiscal au&hellip;\n","protected":false},"author":2,"featured_media":386913,"comment_status":"","ping_status":"","sticky":false,"template":"","format":"standard","meta":{"footnotes":""},"categories":[2],"tags":[47,11,32209,1770,1011,27,303,21026,32208,12,316],"class_list":{"0":"post-386912","1":"post","2":"type-post","3":"status-publish","4":"format-standard","5":"has-post-thumbnail","7":"category-actualites","8":"tag-actualite","9":"tag-actualites","10":"tag-astrid-panosyan-bouvet","11":"tag-corruption","12":"tag-fr","13":"tag-france","14":"tag-justice","15":"tag-mediapart","16":"tag-ministre-du-travail","17":"tag-news","18":"tag-politique"},"share_on_mastodon":{"url":"https:\/\/pubeurope.com\/@fr\/115194955304388549","error":""},"_links":{"self":[{"href":"https:\/\/www.europesays.com\/fr\/wp-json\/wp\/v2\/posts\/386912","targetHints":{"allow":["GET"]}}],"collection":[{"href":"https:\/\/www.europesays.com\/fr\/wp-json\/wp\/v2\/posts"}],"about":[{"href":"https:\/\/www.europesays.com\/fr\/wp-json\/wp\/v2\/types\/post"}],"author":[{"embeddable":true,"href":"https:\/\/www.europesays.com\/fr\/wp-json\/wp\/v2\/users\/2"}],"replies":[{"embeddable":true,"href":"https:\/\/www.europesays.com\/fr\/wp-json\/wp\/v2\/comments?post=386912"}],"version-history":[{"count":0,"href":"https:\/\/www.europesays.com\/fr\/wp-json\/wp\/v2\/posts\/386912\/revisions"}],"wp:featuredmedia":[{"embeddable":true,"href":"https:\/\/www.europesays.com\/fr\/wp-json\/wp\/v2\/media\/386913"}],"wp:attachment":[{"href":"https:\/\/www.europesays.com\/fr\/wp-json\/wp\/v2\/media?parent=386912"}],"wp:term":[{"taxonomy":"category","embeddable":true,"href":"https:\/\/www.europesays.com\/fr\/wp-json\/wp\/v2\/categories?post=386912"},{"taxonomy":"post_tag","embeddable":true,"href":"https:\/\/www.europesays.com\/fr\/wp-json\/wp\/v2\/tags?post=386912"}],"curies":[{"name":"wp","href":"https:\/\/api.w.org\/{rel}","templated":true}]}}