{"id":386919,"date":"2025-09-13T03:54:22","date_gmt":"2025-09-13T03:54:22","guid":{"rendered":"https:\/\/www.europesays.com\/fr\/386919\/"},"modified":"2025-09-13T03:54:22","modified_gmt":"2025-09-13T03:54:22","slug":"ligue-2-las-nancy-lorraine-en-a-logiquement-pris-trois-a-troyes","status":"publish","type":"post","link":"https:\/\/www.europesays.com\/fr\/386919\/","title":{"rendered":"Ligue 2. L\u2019AS Nancy Lorraine en a logiquement pris trois \u00e0 Troyes"},"content":{"rendered":"<p>Troyes &#8211; Nancy<\/p>\n<p>3-0<\/p>\n<p>On l\u2019avait dit, on l\u2019avait \u00e9crit aussi, ce court d\u00e9placement au Stade de l\u2019Aube en cette mi-septembre, apr\u00e8s la rentr\u00e9e scolaire, avait tout d\u2019un test grandeur nature pour le promu nanc\u00e9ien, auteur d\u2019un mois d\u2019ao\u00fbt \u00e9patant. On ne conna\u00eet pas encore pr\u00e9cis\u00e9ment la valeur des \u00e9quipes dans cette Ligue 2, ni ce qu\u2019elles seront amen\u00e9es \u00e0 jouer sur l\u2019ensemble du championnat, mais&#8230;<\/p>\n","protected":false},"excerpt":{"rendered":"Troyes &#8211; Nancy 3-0 On l\u2019avait dit, on l\u2019avait \u00e9crit aussi, ce court d\u00e9placement au Stade de l\u2019Aube&hellip;\n","protected":false},"author":2,"featured_media":386920,"comment_status":"","ping_status":"","sticky":false,"template":"","format":"standard","meta":{"footnotes":""},"categories":[9635],"tags":[1111,11,3703,1707,1704,1706,1705,1777,674,107,1701,63,1011,27,775,1702,1703,12,25,517,1700],"class_list":{"0":"post-386919","1":"post","2":"type-post","3":"status-publish","4":"format-standard","5":"has-post-thumbnail","7":"category-nancy","8":"tag-actu","9":"tag-actualites","10":"tag-asnl","11":"tag-edition-luneville","12":"tag-edition-nancy-et-agglomeration","13":"tag-edition-pont-a-mousson","14":"tag-edition-toul","15":"tag-eu","16":"tag-europe","17":"tag-fil-info","18":"tag-fil-info-sport","19":"tag-football","20":"tag-fr","21":"tag-france","22":"tag-grand-est","23":"tag-nancy","24":"tag-nancy-ville-54b","25":"tag-news","26":"tag-republique-francaise","27":"tag-sport","28":"tag-sport-lorrain"},"share_on_mastodon":{"url":"https:\/\/pubeurope.com\/@fr\/115194971051661171","error":""},"_links":{"self":[{"href":"https:\/\/www.europesays.com\/fr\/wp-json\/wp\/v2\/posts\/386919","targetHints":{"allow":["GET"]}}],"collection":[{"href":"https:\/\/www.europesays.com\/fr\/wp-json\/wp\/v2\/posts"}],"about":[{"href":"https:\/\/www.europesays.com\/fr\/wp-json\/wp\/v2\/types\/post"}],"author":[{"embeddable":true,"href":"https:\/\/www.europesays.com\/fr\/wp-json\/wp\/v2\/users\/2"}],"replies":[{"embeddable":true,"href":"https:\/\/www.europesays.com\/fr\/wp-json\/wp\/v2\/comments?post=386919"}],"version-history":[{"count":0,"href":"https:\/\/www.europesays.com\/fr\/wp-json\/wp\/v2\/posts\/386919\/revisions"}],"wp:featuredmedia":[{"embeddable":true,"href":"https:\/\/www.europesays.com\/fr\/wp-json\/wp\/v2\/media\/386920"}],"wp:attachment":[{"href":"https:\/\/www.europesays.com\/fr\/wp-json\/wp\/v2\/media?parent=386919"}],"wp:term":[{"taxonomy":"category","embeddable":true,"href":"https:\/\/www.europesays.com\/fr\/wp-json\/wp\/v2\/categories?post=386919"},{"taxonomy":"post_tag","embeddable":true,"href":"https:\/\/www.europesays.com\/fr\/wp-json\/wp\/v2\/tags?post=386919"}],"curies":[{"name":"wp","href":"https:\/\/api.w.org\/{rel}","templated":true}]}}