{"id":386921,"date":"2025-09-13T03:55:12","date_gmt":"2025-09-13T03:55:12","guid":{"rendered":"https:\/\/www.europesays.com\/fr\/386921\/"},"modified":"2025-09-13T03:55:12","modified_gmt":"2025-09-13T03:55:12","slug":"sanary-soiree-stand-up","status":"publish","type":"post","link":"https:\/\/www.europesays.com\/fr\/386921\/","title":{"rendered":"Sanary : Soir\u00e9e Stand Up"},"content":{"rendered":"<p>        <a href=\"https:\/\/www.tv83.info\/wp-content\/uploads\/2025\/09\/Soiree-Stand-Up-scaled-1.jpg\" data-caption=\"\" rel=\"nofollow noopener\" target=\"_blank\"><img loading=\"lazy\" decoding=\"async\" width=\"696\" height=\"984\" class=\"entry-thumb td-modal-image\" src=\"https:\/\/www.europesays.com\/fr\/wp-content\/uploads\/2025\/09\/Soiree-Stand-Up-scaled-1-696x984.jpg\"   alt=\"\" title=\"Soiree-Stand-Up-scaled\"\/><\/a><\/p>\n<p><strong>samedi 4 octobre 2025<\/strong> \u00e0 20h30<br \/>Th\u00e9\u00e2tre Galli<br \/>80 Avenue Raoul Henry<br \/>83110 Sanary-sur-Mer<br \/>T\u00e9l : (+33) 4 94 88 53 90<\/p>\n<p>Pr\u00e9parez-vous \u00e0 une soir\u00e9e de rires et d\u2019impertinence avec Amandine Lourdel, Arnaud Demanche, Yacine Belhousse et S\u00e9bastian Wust !<\/p>\n<p>Quatre humoristes, quatre styles, une seule mission : vous faire rire !<br \/>Entre punchlines aff\u00fbt\u00e9es, autod\u00e9rision d\u00e9capante et regards d\u00e9cal\u00e9s sur le monde, cette sc\u00e8ne va trembler sous le poids de l\u2019humour !<\/p>\n<p>Tarif plein 28\u20ac<br \/>Tarif abonn\u00e9 &amp; CE 24\u20ac<\/p>\n<p><a href=\"https:\/\/www.restosducoeur.org\/associations-departementales\/les-restos-du-coeur-du-var\/\" rel=\"nofollow noopener\" target=\"_blank\"><img decoding=\"async\" style=\"height:70px;width:140px\" src=\"https:\/\/www.europesays.com\/fr\/wp-content\/uploads\/2025\/04\/restos-du-coeur.jpg\"\/><\/a>        <\/p>\n","protected":false},"excerpt":{"rendered":"samedi 4 octobre 2025 \u00e0 20h30Th\u00e9\u00e2tre Galli80 Avenue Raoul Henry83110 Sanary-sur-MerT\u00e9l : (+33) 4 94 88 53 90&hellip;\n","protected":false},"author":2,"featured_media":386922,"comment_status":"","ping_status":"","sticky":false,"template":"","format":"standard","meta":{"footnotes":""},"categories":[9619],"tags":[1111,11,1777,674,1011,27,12,882,25,2310],"class_list":{"0":"post-386921","1":"post","2":"type-post","3":"status-publish","4":"format-standard","5":"has-post-thumbnail","7":"category-toulon","8":"tag-actu","9":"tag-actualites","10":"tag-eu","11":"tag-europe","12":"tag-fr","13":"tag-france","14":"tag-news","15":"tag-provence-alpes-cote-dazur","16":"tag-republique-francaise","17":"tag-toulon"},"share_on_mastodon":{"url":"https:\/\/pubeurope.com\/@fr\/115194975564437331","error":""},"_links":{"self":[{"href":"https:\/\/www.europesays.com\/fr\/wp-json\/wp\/v2\/posts\/386921","targetHints":{"allow":["GET"]}}],"collection":[{"href":"https:\/\/www.europesays.com\/fr\/wp-json\/wp\/v2\/posts"}],"about":[{"href":"https:\/\/www.europesays.com\/fr\/wp-json\/wp\/v2\/types\/post"}],"author":[{"embeddable":true,"href":"https:\/\/www.europesays.com\/fr\/wp-json\/wp\/v2\/users\/2"}],"replies":[{"embeddable":true,"href":"https:\/\/www.europesays.com\/fr\/wp-json\/wp\/v2\/comments?post=386921"}],"version-history":[{"count":0,"href":"https:\/\/www.europesays.com\/fr\/wp-json\/wp\/v2\/posts\/386921\/revisions"}],"wp:featuredmedia":[{"embeddable":true,"href":"https:\/\/www.europesays.com\/fr\/wp-json\/wp\/v2\/media\/386922"}],"wp:attachment":[{"href":"https:\/\/www.europesays.com\/fr\/wp-json\/wp\/v2\/media?parent=386921"}],"wp:term":[{"taxonomy":"category","embeddable":true,"href":"https:\/\/www.europesays.com\/fr\/wp-json\/wp\/v2\/categories?post=386921"},{"taxonomy":"post_tag","embeddable":true,"href":"https:\/\/www.europesays.com\/fr\/wp-json\/wp\/v2\/tags?post=386921"}],"curies":[{"name":"wp","href":"https:\/\/api.w.org\/{rel}","templated":true}]}}