{"id":386923,"date":"2025-09-13T03:56:13","date_gmt":"2025-09-13T03:56:13","guid":{"rendered":"https:\/\/www.europesays.com\/fr\/386923\/"},"modified":"2025-09-13T03:56:13","modified_gmt":"2025-09-13T03:56:13","slug":"toulon-au-grand-jamais-de-jakuta-alikavazovic","status":"publish","type":"post","link":"https:\/\/www.europesays.com\/fr\/386923\/","title":{"rendered":"TOULON : \u00ab\u00a0Au grand jamais\u00a0\u00bb, de Jakuta ALIKAVAZOVIC"},"content":{"rendered":"<p style=\"text-align: left;\"><strong>Cette semaine, La Grande Librairie s\u2019empare de la question qui obs\u00e8de cette rentr\u00e9e litt\u00e9raire \u2013 et qui nous concerne toutes et tous : que sait-on de nos m\u00e8res ?<\/strong><\/p>\n<p style=\"text-align: left;\">Retrouvez les livres de l\u2019\u00e9mission dans notre librairie !<\/p>\n<p style=\"text-align: left;\">Il est aussi question de r\u00e9cits, de secrets et de fant\u00f4mes chez la romanci\u00e8re et traductrice Jakuta Alikavazovic. Laur\u00e9ate du Goncourt du premier roman pour Corps volatils et du Prix M\u00e9dicis essai pour Comme un ciel entre nous, son nouveau roman, Au grand jamais sonde le parcours d\u2019une m\u00e8re disparue. C\u2019est le portrait d\u2019une po\u00e9tesse exil\u00e9e qui renonce \u00e0 la po\u00e9sie. Une r\u00e9flexion sur la mani\u00e8re dont les fictions fa\u00e7onnent nos existences. Et la cartographie, enfin, d\u2019une relation m\u00e8re\/fille plac\u00e9e sous le signe du silence, de la litt\u00e9rature, de l\u2019\u00e9criture.<\/p>\n<p style=\"text-align: left;\"><a href=\"https:\/\/www.librairiecharlemagne.com\/livre\/24485322-au-grand-jamais-jakuta-alikavazovic-gallimard\" rel=\"nofollow noopener\" target=\"_blank\">Commander sur le site<\/a><\/p>\n<p style=\"text-align: left;\"><strong>SOURCE : La Grande Librairie du 10 septembre de la Librairie Charlemagne Toulon.<\/strong><\/p>\n","protected":false},"excerpt":{"rendered":"Cette semaine, La Grande Librairie s\u2019empare de la question qui obs\u00e8de cette rentr\u00e9e litt\u00e9raire \u2013 et qui nous&hellip;\n","protected":false},"author":2,"featured_media":386924,"comment_status":"","ping_status":"","sticky":false,"template":"","format":"standard","meta":{"footnotes":""},"categories":[9619],"tags":[1111,11,1777,674,1011,27,12,882,25,2310],"class_list":{"0":"post-386923","1":"post","2":"type-post","3":"status-publish","4":"format-standard","5":"has-post-thumbnail","7":"category-toulon","8":"tag-actu","9":"tag-actualites","10":"tag-eu","11":"tag-europe","12":"tag-fr","13":"tag-france","14":"tag-news","15":"tag-provence-alpes-cote-dazur","16":"tag-republique-francaise","17":"tag-toulon"},"share_on_mastodon":{"url":"https:\/\/pubeurope.com\/@fr\/115194978888860546","error":""},"_links":{"self":[{"href":"https:\/\/www.europesays.com\/fr\/wp-json\/wp\/v2\/posts\/386923","targetHints":{"allow":["GET"]}}],"collection":[{"href":"https:\/\/www.europesays.com\/fr\/wp-json\/wp\/v2\/posts"}],"about":[{"href":"https:\/\/www.europesays.com\/fr\/wp-json\/wp\/v2\/types\/post"}],"author":[{"embeddable":true,"href":"https:\/\/www.europesays.com\/fr\/wp-json\/wp\/v2\/users\/2"}],"replies":[{"embeddable":true,"href":"https:\/\/www.europesays.com\/fr\/wp-json\/wp\/v2\/comments?post=386923"}],"version-history":[{"count":0,"href":"https:\/\/www.europesays.com\/fr\/wp-json\/wp\/v2\/posts\/386923\/revisions"}],"wp:featuredmedia":[{"embeddable":true,"href":"https:\/\/www.europesays.com\/fr\/wp-json\/wp\/v2\/media\/386924"}],"wp:attachment":[{"href":"https:\/\/www.europesays.com\/fr\/wp-json\/wp\/v2\/media?parent=386923"}],"wp:term":[{"taxonomy":"category","embeddable":true,"href":"https:\/\/www.europesays.com\/fr\/wp-json\/wp\/v2\/categories?post=386923"},{"taxonomy":"post_tag","embeddable":true,"href":"https:\/\/www.europesays.com\/fr\/wp-json\/wp\/v2\/tags?post=386923"}],"curies":[{"name":"wp","href":"https:\/\/api.w.org\/{rel}","templated":true}]}}