{"id":386925,"date":"2025-09-13T03:57:15","date_gmt":"2025-09-13T03:57:15","guid":{"rendered":"https:\/\/www.europesays.com\/fr\/386925\/"},"modified":"2025-09-13T03:57:15","modified_gmt":"2025-09-13T03:57:15","slug":"montpellier-dans-le-top-5-des-villes-ou-il-fait-bon-travailler","status":"publish","type":"post","link":"https:\/\/www.europesays.com\/fr\/386925\/","title":{"rendered":"Montpellier dans le top 5 des villes o\u00f9 il fait bon travailler"},"content":{"rendered":"<p>\t\t\t\t\t\t\t\tMerci au soleil<\/p>\n<p>Les sondages se suivent et se ressemblent pour Montpellier. Le chef lieu H\u00e9raultais se hisse \u00e0 la cinqui\u00e8me place des villes fran\u00e7aises o\u00f9 <strong>les employ\u00e9s se sentent les plus sereins au boulot<\/strong>.<\/p>\n<p>Alors que la France affiche un des taux de burn-out les plus \u00e9lev\u00e9s en Europe, un nouveau sondage effectu\u00e9 par <a href=\"https:\/\/www.adobe.com\/fr\/express\/learn\/blog\/happiest-industries\" target=\"_blank\" rel=\"noopener nofollow\" data-saferedirecturl=\"https:\/\/www.google.com\/url?q=https:\/\/www.adobe.com\/fr\/express\/learn\/blog\/happiest-industries&amp;source=gmail&amp;ust=1757762625715000&amp;usg=AOvVaw1GMHKl_1ZAo3O1mBRjl1uM\">Adobe Express<\/a> r\u00e9v\u00e8le les villes de France o\u00f9 les employ\u00e9s sont les plus enthousiastes d\u2019aller au travail.<\/p>\n<p>Un positionnement unique, ax\u00e9 sur la qualit\u00e9 de vie au travail.<\/p>\n<p>Loin des m\u00e9tropoles o\u00f9 le stress est omnipr\u00e9sent, la capitale de l\u2019H\u00e9rault se distingue par sa capacit\u00e9 \u00e0 conjuguer dynamisme et bien-\u00eatre.<\/p>\n<p>Pr\u00e8s de deux Montpelli\u00e9rains sur trois se sentent enthousiastes d\u2019aller au travail tous les matins.<\/p>\n<p>Seuls <b>8 %<\/b> des salari\u00e9s montpelli\u00e9rains d\u00e9clarent ressentir du stress ou de l\u2019appr\u00e9hension au travail, un taux exceptionnellement bas qui t\u00e9moigne d\u2019un climat professionnel apais\u00e9. En parall\u00e8le, une \u00e9crasante majorit\u00e9, soit <b>65 %<\/b>, se montre positive dans son rapport \u00e0 l\u2019emploi. Ce chiffre est le reflet d\u2019une ambiance stimulante mais d\u00e9nu\u00e9e de pression excessive.<\/p>\n<p>Ce cocktail de s\u00e9r\u00e9nit\u00e9 et d\u2019efficacit\u00e9 attire de plus en plus de professionnels. La ville b\u00e9n\u00e9ficie d\u2019un dynamisme \u00e9conomique port\u00e9 par les secteurs de la sant\u00e9, des biotechnologies et du num\u00e9rique. En combinant ces atouts professionnels avec un cadre de vie ensoleill\u00e9, Montpellier offre une v\u00e9ritable alternative aux villes traditionnellement plus stressantes, prouvant que l\u2019\u00e9panouissement professionnel est avant tout une question d\u2019\u00e9quilibre.<\/p>\n<p>Toulouse est en t\u00eate.<\/p>\n<p>Le classement <a href=\"https:\/\/www.adobe.com\/fr\/express\/learn\/blog\/happiest-industries\" target=\"_blank\" rel=\"noopener nofollow\"><strong>ici<\/strong><\/a><\/p>\n<tr>\n<td width=\"23%\">1<\/td>\n<td width=\"34%\">Toulouse<\/td>\n<td width=\"41%\">5%<\/td>\n<\/tr>\n<tr>\n<td width=\"23%\">2<\/td>\n<td width=\"34%\">Orl\u00e9ans<\/td>\n<td width=\"41%\">6%<\/td>\n<\/tr>\n<tr>\n<td width=\"23%\">3<\/td>\n<td width=\"34%\">Rennes<\/td>\n<td width=\"41%\">6%<\/td>\n<\/tr>\n<tr>\n<td width=\"23%\">4<\/td>\n<td width=\"34%\">Nice<\/td>\n<td width=\"41%\">7%<\/td>\n<\/tr>\n<tr>\n<td width=\"23%\">5<\/td>\n<td width=\"34%\">Montpellier<\/td>\n<td width=\"41%\">7%<\/td>\n<\/tr>\n<tr>\n<td width=\"23%\">6<\/td>\n<td width=\"34%\">Clermont-Ferrand<\/td>\n<td width=\"41%\">8%<\/td>\n<\/tr>\n<tr>\n<td width=\"23%\">7<\/td>\n<td width=\"34%\">Reims<\/td>\n<td width=\"41%\">8%<\/td>\n<\/tr>\n<tr>\n<td width=\"23%\">8<\/td>\n<td width=\"34%\">Strasbourg<\/td>\n<td width=\"41%\">9%<\/td>\n<\/tr>\n<tr>\n<td width=\"23%\">9<\/td>\n<td width=\"34%\">Nantes<\/td>\n<td width=\"41%\">10%<\/td>\n<\/tr>\n<tr>\n<td width=\"23%\"\/>\n<td width=\"34%\"\/>\n<\/tr>\n","protected":false},"excerpt":{"rendered":"Merci au soleil Les sondages se suivent et se ressemblent pour Montpellier. Le chef lieu H\u00e9raultais se hisse&hellip;\n","protected":false},"author":2,"featured_media":386926,"comment_status":"","ping_status":"","sticky":false,"template":"","format":"standard","meta":{"footnotes":""},"categories":[9599],"tags":[1111,11,1777,674,1011,27,2208,12,2680,25],"class_list":{"0":"post-386925","1":"post","2":"type-post","3":"status-publish","4":"format-standard","5":"has-post-thumbnail","7":"category-montpellier","8":"tag-actu","9":"tag-actualites","10":"tag-eu","11":"tag-europe","12":"tag-fr","13":"tag-france","14":"tag-montpellier","15":"tag-news","16":"tag-occitanie","17":"tag-republique-francaise"},"share_on_mastodon":{"url":"https:\/\/pubeurope.com\/@fr\/115194982785947173","error":""},"_links":{"self":[{"href":"https:\/\/www.europesays.com\/fr\/wp-json\/wp\/v2\/posts\/386925","targetHints":{"allow":["GET"]}}],"collection":[{"href":"https:\/\/www.europesays.com\/fr\/wp-json\/wp\/v2\/posts"}],"about":[{"href":"https:\/\/www.europesays.com\/fr\/wp-json\/wp\/v2\/types\/post"}],"author":[{"embeddable":true,"href":"https:\/\/www.europesays.com\/fr\/wp-json\/wp\/v2\/users\/2"}],"replies":[{"embeddable":true,"href":"https:\/\/www.europesays.com\/fr\/wp-json\/wp\/v2\/comments?post=386925"}],"version-history":[{"count":0,"href":"https:\/\/www.europesays.com\/fr\/wp-json\/wp\/v2\/posts\/386925\/revisions"}],"wp:featuredmedia":[{"embeddable":true,"href":"https:\/\/www.europesays.com\/fr\/wp-json\/wp\/v2\/media\/386926"}],"wp:attachment":[{"href":"https:\/\/www.europesays.com\/fr\/wp-json\/wp\/v2\/media?parent=386925"}],"wp:term":[{"taxonomy":"category","embeddable":true,"href":"https:\/\/www.europesays.com\/fr\/wp-json\/wp\/v2\/categories?post=386925"},{"taxonomy":"post_tag","embeddable":true,"href":"https:\/\/www.europesays.com\/fr\/wp-json\/wp\/v2\/tags?post=386925"}],"curies":[{"name":"wp","href":"https:\/\/api.w.org\/{rel}","templated":true}]}}