{"id":386927,"date":"2025-09-13T03:58:11","date_gmt":"2025-09-13T03:58:11","guid":{"rendered":"https:\/\/www.europesays.com\/fr\/386927\/"},"modified":"2025-09-13T03:58:11","modified_gmt":"2025-09-13T03:58:11","slug":"montpellier-palavas-la-petite-ligne-reprend-vie","status":"publish","type":"post","link":"https:\/\/www.europesays.com\/fr\/386927\/","title":{"rendered":"Montpellier-Palavas, la petite ligne reprend vie"},"content":{"rendered":"<p>\u00c0 l\u2019occasion des Journ\u00e9es du Patrimoine, samedi 20 et dimanche 21 septembre, la section Histoire et patrimoine de Lattes Loisirs et Culture propose une immersion dans l\u2019histoire de la ligne de chemin de fer Montpellier-Palavas.<\/p>\n<p>Une gare \u00e9ph\u00e9m\u00e8re est install\u00e9e \u00e0 l\u2019entr\u00e9e de la m\u00e9diath\u00e8que de l\u2019Espace Lattara, point de d\u00e9part des \u00ab\u00a0trains\u00a0\u00bb en rosalie \u00e0 10 h 30, 14 h 30 et 15 h 30. Les places sont limit\u00e9es \u00e0 40 participants par d\u00e9part, avec r\u00e9servation sur place \u00e0 partir de 10 h le samedi 20 septembre. Le hall de la m\u00e9diath\u00e8que accueille \u00e9galement une exposition de photos et trois maquettes des anciennes gares, compl\u00e9t\u00e9e par la projection d\u2019un film qui ravive les souvenirs ou permet de d\u00e9couvrir cette voie ferr\u00e9e l\u00e9gendaire, illustr\u00e9e par Albert Dubout. Toujours samedi \u00e0 18 h, l\u2019historien Philippe Marasse racontera l\u2019histoire de cette ligne embl\u00e9matique.<\/p>\n<p>Correspondante Midi libre : 07 49 09 32 01.<\/p>\n","protected":false},"excerpt":{"rendered":"\u00c0 l\u2019occasion des Journ\u00e9es du Patrimoine, samedi 20 et dimanche 21 septembre, la section Histoire et patrimoine de&hellip;\n","protected":false},"author":2,"featured_media":386928,"comment_status":"","ping_status":"","sticky":false,"template":"","format":"standard","meta":{"footnotes":""},"categories":[9599],"tags":[1111,11,1777,674,1011,27,2208,12,2680,25],"class_list":{"0":"post-386927","1":"post","2":"type-post","3":"status-publish","4":"format-standard","5":"has-post-thumbnail","7":"category-montpellier","8":"tag-actu","9":"tag-actualites","10":"tag-eu","11":"tag-europe","12":"tag-fr","13":"tag-france","14":"tag-montpellier","15":"tag-news","16":"tag-occitanie","17":"tag-republique-francaise"},"share_on_mastodon":{"url":"https:\/\/pubeurope.com\/@fr\/115194986645994643","error":""},"_links":{"self":[{"href":"https:\/\/www.europesays.com\/fr\/wp-json\/wp\/v2\/posts\/386927","targetHints":{"allow":["GET"]}}],"collection":[{"href":"https:\/\/www.europesays.com\/fr\/wp-json\/wp\/v2\/posts"}],"about":[{"href":"https:\/\/www.europesays.com\/fr\/wp-json\/wp\/v2\/types\/post"}],"author":[{"embeddable":true,"href":"https:\/\/www.europesays.com\/fr\/wp-json\/wp\/v2\/users\/2"}],"replies":[{"embeddable":true,"href":"https:\/\/www.europesays.com\/fr\/wp-json\/wp\/v2\/comments?post=386927"}],"version-history":[{"count":0,"href":"https:\/\/www.europesays.com\/fr\/wp-json\/wp\/v2\/posts\/386927\/revisions"}],"wp:featuredmedia":[{"embeddable":true,"href":"https:\/\/www.europesays.com\/fr\/wp-json\/wp\/v2\/media\/386928"}],"wp:attachment":[{"href":"https:\/\/www.europesays.com\/fr\/wp-json\/wp\/v2\/media?parent=386927"}],"wp:term":[{"taxonomy":"category","embeddable":true,"href":"https:\/\/www.europesays.com\/fr\/wp-json\/wp\/v2\/categories?post=386927"},{"taxonomy":"post_tag","embeddable":true,"href":"https:\/\/www.europesays.com\/fr\/wp-json\/wp\/v2\/tags?post=386927"}],"curies":[{"name":"wp","href":"https:\/\/api.w.org\/{rel}","templated":true}]}}