{"id":386929,"date":"2025-09-13T04:02:21","date_gmt":"2025-09-13T04:02:21","guid":{"rendered":"https:\/\/www.europesays.com\/fr\/386929\/"},"modified":"2025-09-13T04:02:21","modified_gmt":"2025-09-13T04:02:21","slug":"la-chasse-a-la-coupe-reprend","status":"publish","type":"post","link":"https:\/\/www.europesays.com\/fr\/386929\/","title":{"rendered":"la chasse \u00e0 la Coupe reprend"},"content":{"rendered":"<p style=\"text-align: justify;\"><strong>Sacr\u00e9s en avril dernier face \u00e0 Angers, Grenoble a marqu\u00e9 de son empreinte la saison 2024-2025 de la Synerglace Ligue Magnus. Alors que le coup d\u2019envoi de la nouvelle saison approche, les 12 clubs de l\u2019\u00e9lite s\u2019appr\u00eatent \u00e0 relancer la course \u00e0 la Coupe Magnus.<\/strong><\/p>\n<p style=\"text-align: justify;\">Les Br\u00fbleurs de Loups ont confirm\u00e9 leur statut de r\u00e9f\u00e9rence en hockey fran\u00e7ais. En avril dernier, les Is\u00e9rois ont d\u00e9croch\u00e9 leur neuvi\u00e8me titre de champion en dominant les Ducs d\u2019Angers (4-1) en finale. D\u00e9j\u00e0 vainqueurs du Troph\u00e9e Jacques Lacarr\u00e8re, r\u00e9compensant la meilleure \u00e9quipe de <a href=\"https:\/\/liguemagnus.com\/\" rel=\"nofollow noopener\" target=\"_blank\">saison r\u00e9guli\u00e8re de la Synerglace Ligue Magnus<\/a>, les Grenoblois ont sign\u00e9 une saison quasi parfaite, ponctu\u00e9e par une Coupe Magnus soulev\u00e9e devant un public conquis.<\/p>\n<p style=\"text-align: justify;\">La saison 2024-2025 a \u00e9galement mis en avant plusieurs individualit\u00e9s. Anthony Rech (meilleur joueur fran\u00e7ais), Quentin Papillon (meilleur gardien) et Jonathan Paredes (meilleur entra\u00eeneur) ont tous confirm\u00e9 en remportant leur troph\u00e9e pour la deuxi\u00e8me fois cons\u00e9cutive. \u00c0 noter aussi l\u2019initiative soci\u00e9tale r\u00e9compens\u00e9e de <a href=\"https:\/\/lesjokers.fr\/decouvrir\/jokengagements\/salle-sensorielle\/\" rel=\"nofollow noopener\" target=\"_blank\">Cergy-Pontoise avec sa salle sensorielle offrant aux personnes atteintes de troubles cognitifs une nouvelle mani\u00e8re de vivre le hockey.<\/a><\/p>\n<p style=\"text-align: justify;\"><a href=\"https:\/\/www.sportmag.fr\/abonnement\/\" rel=\"nofollow noopener\" target=\"_blank\"><img loading=\"lazy\" decoding=\"async\" class=\"size-medium wp-image-165816 alignleft\" src=\"data:image\/svg+xml,%3Csvg%20xmlns=\" http:=\"\" alt=\"\" width=\"212\" height=\"300\" data-lazy- data-lazy- data-lazy-src=\"https:\/\/www.europesays.com\/fr\/wp-content\/uploads\/2025\/09\/Sans-titre-212x300.png\"\/><\/a><\/p>\n<p><strong>Une discipline en pleine ascension<\/strong><\/p>\n<p style=\"text-align: justify;\">Avec 850 000 spectateurs cumul\u00e9s sur la saison et un taux de remplissage d\u00e9passant les 97 % en playoffs, la Ligue Magnus confirme sa place de deuxi\u00e8me sport indoor d\u2019\u00e9lite le plus suivi en France, derri\u00e8re le basket mais devant le handball. La progression constante de l\u2019affluence t\u00e9moigne de l\u2019engouement grandissant autour de la discipline. L\u2019implication environnementale des clubs n\u2019est pas en reste : six d\u2019entre eux ont \u00e9t\u00e9 labellis\u00e9s Fair Play For Planet, renfor\u00e7ant l\u2019image d\u2019un championnat moderne et responsable.<\/p>\n<p><strong>Une saison \u00e0 suspense en perspective<\/strong><\/p>\n<p style=\"text-align: justify;\">La saison r\u00e9guli\u00e8re 2025-2026 d\u00e9butera le 12 septembre et s\u2019\u00e9tendra jusqu\u2019au 6 mars. Place ensuite aux playoffs, programm\u00e9s du 13 mars au 22 avril, avec une finale pr\u00e9vue en sept manches maximum. Douze clubs brigueront le titre : Angers, finaliste malheureux l\u2019an pass\u00e9, tentera de prendre sa revanche, tandis que Rouen, Bordeaux ou encore Amiens voudront bousculer la hi\u00e9rarchie. Derri\u00e8re Grenoble, favori naturel, chaque formation nourrit l\u2019ambition de cr\u00e9er la surprise.<\/p>\n<p style=\"text-align: justify;\">Synerglace prolonge son r\u00f4le de partenaire titre et, avec un calendrier charg\u00e9, la Ligue Magnus s\u2019appr\u00eate \u00e0 lancer une saison prometteuse. Entre spectacle sportif, ferveur populaire et engagement soci\u00e9tal, le hockey fran\u00e7ais confirme qu\u2019il a plus que jamais gagn\u00e9 sa place au c\u0153ur du paysage sportif national.<\/p>\n<p><a class=\"gofollow\" data-track=\"MTg4LDgsMSw2MA==\" href=\"https:\/\/www.sportmag.fr\/abonnement\/\" rel=\"nofollow noopener\" target=\"_blank\"><img loading=\"lazy\" decoding=\"async\" width=\"970\" height=\"90\" src=\"data:image\/svg+xml,%3Csvg%20xmlns=\" http:=\"\" data-lazy-src=\"https:\/\/www.europesays.com\/fr\/wp-content\/uploads\/2025\/09\/Abonnement_970X90.jpg\"\/><\/a>\t\t\t\t\t\t\t\t<\/p>\n","protected":false},"excerpt":{"rendered":"Sacr\u00e9s en avril dernier face \u00e0 Angers, Grenoble a marqu\u00e9 de son empreinte la saison 2024-2025 de la&hellip;\n","protected":false},"author":2,"featured_media":386930,"comment_status":"","ping_status":"","sticky":false,"template":"","format":"standard","meta":{"footnotes":""},"categories":[9566],"tags":[1111,11,2430,1777,674,1011,27,2731,12,25],"class_list":{"0":"post-386929","1":"post","2":"type-post","3":"status-publish","4":"format-standard","5":"has-post-thumbnail","7":"category-grenoble","8":"tag-actu","9":"tag-actualites","10":"tag-auvergne-rhone-alpes","11":"tag-eu","12":"tag-europe","13":"tag-fr","14":"tag-france","15":"tag-grenoble","16":"tag-news","17":"tag-republique-francaise"},"share_on_mastodon":{"url":"https:\/\/pubeurope.com\/@fr\/115195002903500395","error":""},"_links":{"self":[{"href":"https:\/\/www.europesays.com\/fr\/wp-json\/wp\/v2\/posts\/386929","targetHints":{"allow":["GET"]}}],"collection":[{"href":"https:\/\/www.europesays.com\/fr\/wp-json\/wp\/v2\/posts"}],"about":[{"href":"https:\/\/www.europesays.com\/fr\/wp-json\/wp\/v2\/types\/post"}],"author":[{"embeddable":true,"href":"https:\/\/www.europesays.com\/fr\/wp-json\/wp\/v2\/users\/2"}],"replies":[{"embeddable":true,"href":"https:\/\/www.europesays.com\/fr\/wp-json\/wp\/v2\/comments?post=386929"}],"version-history":[{"count":0,"href":"https:\/\/www.europesays.com\/fr\/wp-json\/wp\/v2\/posts\/386929\/revisions"}],"wp:featuredmedia":[{"embeddable":true,"href":"https:\/\/www.europesays.com\/fr\/wp-json\/wp\/v2\/media\/386930"}],"wp:attachment":[{"href":"https:\/\/www.europesays.com\/fr\/wp-json\/wp\/v2\/media?parent=386929"}],"wp:term":[{"taxonomy":"category","embeddable":true,"href":"https:\/\/www.europesays.com\/fr\/wp-json\/wp\/v2\/categories?post=386929"},{"taxonomy":"post_tag","embeddable":true,"href":"https:\/\/www.europesays.com\/fr\/wp-json\/wp\/v2\/tags?post=386929"}],"curies":[{"name":"wp","href":"https:\/\/api.w.org\/{rel}","templated":true}]}}