{"id":386931,"date":"2025-09-13T04:03:45","date_gmt":"2025-09-13T04:03:45","guid":{"rendered":"https:\/\/www.europesays.com\/fr\/386931\/"},"modified":"2025-09-13T04:03:45","modified_gmt":"2025-09-13T04:03:45","slug":"saint-jean-23-infos-14-septembre-2025-fete-de-la-croix-glorieuse-c","status":"publish","type":"post","link":"https:\/\/www.europesays.com\/fr\/386931\/","title":{"rendered":"Saint Jean 23 infos 14 septembre 2025 F\u00eate de la Croix Glorieuse C"},"content":{"rendered":"<blockquote><p>\nIl faut que le Fils de l\u2019homme soit \u00e9lev\u00e9\n<\/p><\/blockquote>\n<p><img loading=\"lazy\" decoding=\"async\" class=\"aligncenter size-full wp-image-443495\" src=\"https:\/\/www.europesays.com\/fr\/wp-content\/uploads\/2025\/09\/il-faut-que-le-fils-de-lhomme-soit-eleve.jpg\" alt=\"\" width=\"601\" height=\"337\"  \/><br \/>\n(Jean 3, 13-17)<br \/>\n<a href=\"https:\/\/liturgie.catholique.fr\/celebrer-dans-le-temps\/le-temps-ordinaire\/291575-fete-de-croix-glorieuse-14-septembre\/\" target=\"_blank\" rel=\"noopener nofollow\"><img loading=\"lazy\" decoding=\"async\" class=\"sFlh5c FyHeAf iPVvYb aligncenter\" src=\"https:\/\/www.europesays.com\/fr\/wp-content\/uploads\/2025\/09\/cq5dam.thumbnail.cropped.750.422.png\" alt=\"La Croix glorieuse - Vatican News\" width=\"286\" height=\"161\"\/><\/a><br \/>\n\u2192 Vie de la paroisse<br \/>\n<strong>Suppression de messes !<\/strong><\/p>\n<p>Le P\u00e8re Gu\u00e9na\u00ebl se retrouve seul depuis le d\u00e9part du P\u00e8re Nestor. Des modifications d\u2019horaires s\u2019imposent donc afin de pr\u00e9server la sant\u00e9 de notre cur\u00e9. Ainsi, la messe du lundi soir \u00e0 Saint-Paul est supprim\u00e9e, de m\u00eame que celle du vendredi soir (le P\u00e8re c\u00e9l\u00e9brant l\u2019Eucharistie 3 vendredis par mois en EHPADs). L\u2019adoration du vendredi \u00e0 Saint-Paul est aussi supprim\u00e9e et sera peut-\u00eatre d\u00e9plac\u00e9e. Des messes et offices pourraient \u00eatre rajout\u00e9s au dernier moment : consultez r\u00e9guli\u00e8rement <a href=\"https:\/\/messes.info\/communaute\/rn\/35\/paroisse-saint-jean-xxiii-de-rennes\" target=\"_blank\" rel=\"noopener nofollow\"><strong>MessesInfo<\/strong><\/a>, et pensez \u00e0 <a href=\"https:\/\/chat.whatsapp.com\/BEjlCdHIv8PDatTu8DJdY3?mode=ems_copy_c\" target=\"_blank\" rel=\"noopener nofollow\"><strong>rejoindre la communaut\u00e9 Whatsapp<\/strong><\/a> de la paroisse pour les infos de derni\u00e8re minutes !<\/p>\n<p><img loading=\"lazy\" decoding=\"async\" class=\"sFlh5c FyHeAf iPVvYb aligncenter\" src=\"https:\/\/www.europesays.com\/fr\/wp-content\/uploads\/2025\/09\/image_large.jpeg\" alt=\"L'eucharistie \u2014 Paroisse Saint-Paul d'Agon-Coutainville\" width=\"157\" height=\"242\"\/><\/p>\n<p><img loading=\"lazy\" decoding=\"async\" class=\"entry-img-link wp-post-image aligncenter\" src=\"https:\/\/www.europesays.com\/fr\/wp-content\/uploads\/2025\/09\/veronique-le-guen.jpg\" alt=\"\" width=\"258\" height=\"119\"\/><\/p>\n<ul style=\"list-style-type: disc\">\n<li><strong>Mardi 16 septembre : Messe \u00e0 12h \u00e0 Saint-Paul<\/strong> (et non pas \u00e0 18h30)<\/li>\n<li><strong>Tous les mercredis 18h30 : Chapelet<\/strong> devant l\u2019\u00e9glise <strong>Saint-Martin<\/strong>.<\/li>\n<li><strong>Samedi 20 septembre<\/strong> 9h30 : <strong>M\u00e9nage\/balayage<\/strong> de l\u2019\u00e9glise <strong>Saint-Paul<\/strong><\/li>\n<li><strong>Dimanche 21 septembre<\/strong> 16h \u00e9glise Saint Paul : <a href=\"https:\/\/www.jeanreneandre.com\/\" target=\"_blank\" rel=\"noopener nofollow\"><strong>Concert de pr\u00e9sentation du nouveau CD de Jean-Ren\u00e9 Andr\u00e9 \u00ab\u00a0Escale armoricaine\u00a0\u00bb<\/strong><\/a><strong>.<\/strong> \u00a0Jean-Ren\u00e9 Andr\u00e9 est titulaire des Grandes Orgues de la cath\u00e9drale de Rennes. Vous \u00eates tr\u00e8s cordialement invit\u00e9s ! Ce CD est disponible au prix de 12\u20ac \u00e0 l\u2019accueil du presbyt\u00e8re de la cath\u00e9drale (2 rue Saint Sauveur) du lundi au vendredi, de 9h \u00e0 midi et de 14h \u00e0 17h.<\/li>\n<\/ul>\n<p><a href=\"https:\/\/rennes.catholique.fr\/services\/catechese\/431627-jubile-le-bas-relief\/\" target=\"_blank\" rel=\"noopener nofollow\"><strong data-wp-editing=\"1\"><img loading=\"lazy\" decoding=\"async\" class=\"aligncenter wp-image-442333\" src=\"https:\/\/www.europesays.com\/fr\/wp-content\/uploads\/2025\/09\/cd-escale-armoricaine.jpg\" alt=\"\" width=\"260\" height=\"227\"  \/><\/strong><\/a><\/p>\n<ul>\n<li><strong>Dimanche 28 septembre<\/strong> : Qu\u00eate pour l\u2019\u00e9vang\u00e9lisation des enfants et la cat\u00e9ch\u00e8se.<\/li>\n<li><strong>La messe en espagnol reprendra \u00e0 Saint-Martin le dimanche 28 septembre \u00e0 18h. <\/strong>Exceptionnellement, c\u2019est le 4e dimanche du mois \u00e0 cause de la braderie jeunesse Saint-Martin du dimanche 21. A partir d\u2019octobre, cela revient traditionnellement au 3e dimanche du mois.<\/li>\n<\/ul>\n<p><a href=\"https:\/\/rennes.catholique.fr\/services\/catechese\/431627-jubile-le-bas-relief\/\" target=\"_blank\" rel=\"noopener nofollow\"><strong data-wp-editing=\"1\">Le bas-relief du Jubil\u00e9<\/strong><\/a><\/p>\n<p>Signe du Jubil\u00e9 pour notre dioc\u00e8se, un bas-relief de la Sainte Famille est pr\u00e9sent dans chaque paroisse, et donc bien s\u00fbr dans notre paroisse Saint Jean XXIII. <strong>Si vous souhaitez le recevoir chez vous, merci de vous adresser \u00e0 l\u2019accueil (horaires et coordonn\u00e9es sur la page d\u2019accueil du site internet de la paroisse) ou de vous inscrire sur la feuille lors des messes dominicales<\/strong>. Celui-ci est accompagn\u00e9 d\u2019un <a href=\"https:\/\/rennes.catholique.fr\/jubile-2025-dans-le-diocese\/430425-le-guide-du-jubile\/\" target=\"_blank\" rel=\"noopener nofollow\">guide<\/a> du jubil\u00e9, ainsi qu\u2019un signet-pri\u00e8re.<\/p>\n<p><a href=\"https:\/\/www.europesays.com\/fr\/wp-content\/uploads\/2025\/04\/bas-relief-jubile-2025.jpg\" target=\"_blank\" rel=\"noopener\"><img loading=\"lazy\" decoding=\"async\" class=\"wp-image-431655\" src=\"https:\/\/www.europesays.com\/fr\/wp-content\/uploads\/2025\/04\/bas-relief-jubile-2025.jpg\" alt=\"\" width=\"165\" height=\"202\"  \/><\/a>La Sainte Famille : bas-relief paroissial de l\u2019ann\u00e9e jubilaire 2025<\/p>\n<p><img loading=\"lazy\" decoding=\"async\" class=\"aligncenter wp-image-431656 size-full\" src=\"https:\/\/www.europesays.com\/fr\/wp-content\/uploads\/2025\/04\/bouton-jubile-2025.jpg\" alt=\"\" width=\"300\" height=\"42\"\/><\/p>\n<p><strong>Nos pr\u00eatres c\u00e9l\u00e8brent la messe tous les jours, en communion avec nous, et \u00e0 nos intentions<\/strong><\/p>\n<ul>\n<li>Samedi 13 septembre 18h Saint-Martin : Les d\u00e9funts de la famille Boucher, \u00a0Madeleine Leport+ et les d\u00e9funts de la famille<\/li>\n<li>Dimanche 14 septembre 10h30 Saint-Paul : Mr Hugues Elima+<\/li>\n<li>Mardi 16 septembre 18h30 Saint-Paul : Mr Bernard Leroy+ et les d\u00e9funts des famille Delezoide-Lonte et Leroy-Dyczek<\/li>\n<li>Samedi 20 septembre 18h Saint-Martin : Mr Jean Guillonnet+, Les d\u00e9funts de la famille Mauny<\/li>\n<li>Dimanche 21 septembre 10h30 Saint-Paul : Mr Georges Norbert+, Les d\u00e9funts des familles St\u00e9phan\/Baudais\/Morand<\/li>\n<\/ul>\n<p><strong>Obs\u00e8ques<\/strong><\/p>\n<ul>\n<li><strong>Mercredi 10 septembre : Mr Hugues Elima (Saint-Paul)<\/strong><\/li>\n<li>Lundi 15 septembre : Mr Jean-Claude Mess (Saint-Martin 10h)<\/li>\n<\/ul>\n<p><strong>Mariage<\/strong><\/p>\n<ul>\n<li>Samedi 13 septembre : Pamela Kebey et Ga\u00ebtan Morin (Saint-Paul)<\/li>\n<\/ul>\n<p>\u00a0<\/p>\n<p>\u2192 Dans le dioc\u00e8se, et au-del\u00e0\u2026<\/p>\n<p><strong>Du 1er septembre au 4 octobre : <\/strong><a href=\"https:\/\/eglise.catholique.fr\/sengager-dans-la-societe\/ecologie-integrale\/temps-pour-la-creation\/\" target=\"_blank\" rel=\"noopener nofollow\"><strong>Temps pour la Cr\u00e9ation<\/strong><\/a>. Institu\u00e9e par le Pape Fran\u00e7ois en 2015, la Journ\u00e9e Mondiale de Pri\u00e8re pour la Sauvegarde de la Cr\u00e9ation, d\u2019abord appel\u00e9e \u00abSaison de la Cr\u00e9ation\u00bb (2019-2020) s\u2019est transform\u00e9 en \u00abTemps pour la Cr\u00e9ation\u00bb d\u00e8s 2021. Cette journ\u00e9e est c\u00e9l\u00e9br\u00e9e dans le monde entier par les communaut\u00e9s chr\u00e9tiennes du 1er septembre au 4 octobre.<\/p>\n<p><img loading=\"lazy\" decoding=\"async\" class=\"attachment-rect-260-146 size-rect-260-146 wp-post-image aligncenter\" src=\"https:\/\/www.europesays.com\/fr\/wp-content\/uploads\/2025\/09\/temps-pour-la-creation-v-260x146.jpg\" alt=\"\" width=\"260\" height=\"146\"\/><\/p>\n<p><strong>Samedi 13 septembre<\/strong> 10h30-22h Rennes, 14 rue des arts : <a href=\"https:\/\/rennes.catholique.fr\/actualite\/agenda-diocesain\/440763-70-ans-de-lecole-maria-montessori-de-rennes\/\" target=\"_blank\" rel=\"noopener nofollow\"><strong>70 ans de l\u2019\u00e9cole Maria Montessori<\/strong><\/a>. Tout au long de la journ\u00e9e, visite de l\u2019\u00e9cole, jeux et animations pour les enfants, tables rondes, forums avec des \u00e9ducateurs Montessori, des universitaires, des \u00e9l\u00e8ves actuels et anciens. Inscription recommand\u00e9e.<\/p>\n<p><img loading=\"lazy\" decoding=\"async\" class=\"attachment-rect-260-146 size-rect-260-146 wp-post-image aligncenter\" src=\"https:\/\/www.europesays.com\/fr\/wp-content\/uploads\/2025\/09\/70-ans-ecole-montessori-260x146.jpg\" alt=\"\" width=\"260\" height=\"146\"\/><\/p>\n<p><a href=\"https:\/\/rennes.catholique.fr\/actualite\/agenda-diocesain\/438982-fete-de-rentree-du-diocese-lesperance-un-tresor-pour-nos-familles\/\" target=\"_blank\" rel=\"noopener nofollow\"><img loading=\"lazy\" decoding=\"async\" class=\"aligncenter wp-image-439457\" src=\"https:\/\/www.europesays.com\/fr\/wp-content\/uploads\/2025\/06\/affiche-rentree-diocesaine-2025-727x1024.png\" alt=\"\" width=\"352\" height=\"496\"  \/><\/a><\/p>\n<p>\u00a0<\/p>\n<p><a href=\"https:\/\/rennes.catholique.fr\/actualite\/agenda-diocesain\/440578-theocampus-la-rentree-des-etudiants-rennais\/\" target=\"_blank\" rel=\"noopener nofollow\"><img loading=\"lazy\" decoding=\"async\" class=\"wp-image-440588\" src=\"https:\/\/www.europesays.com\/fr\/wp-content\/uploads\/2025\/09\/affiche-theocampus-721x1024.png\" alt=\"\" width=\"433\" height=\"615\"  \/><\/a>Cliquez sur l\u2019image pour plus d\u2019informations<\/p>\n<p>\u00a0<\/p>\n<p><a href=\"https:\/\/www.mej.fr\/\" target=\"_blank\" rel=\"noopener nofollow\"><img loading=\"lazy\" decoding=\"async\" class=\"wp-image-442859\" src=\"https:\/\/www.europesays.com\/fr\/wp-content\/uploads\/2025\/09\/mej-rentree-2025.jpg\" alt=\"\" width=\"446\" height=\"345\"  \/><\/a>Cliquez sur l\u2019image pour infos et inscriptions<\/p>\n<p><strong>Mardi 23 septembre<\/strong> 9h30-16h Rennes, Maison dioc\u00e9saine : <a href=\"https:\/\/rennes.catholique.fr\/actualite\/agenda-diocesain\/442679-formation-biblique-2025-2026\/\" target=\"_blank\" rel=\"noopener nofollow\"><strong>Formation biblique<\/strong><\/a>. Journ\u00e9e anim\u00e9e par Marie-France Oberthur et le P\u00e8re Daniel Bou\u00e9. Un texte biblique est propos\u00e9 chaque journ\u00e9e, qui se termine par une Eucharistie. Par le MCR (Mouvement Chr\u00e9tien des Retrait\u00e9s). Prochaine date : 14 octobre.<\/p>\n<p><img loading=\"lazy\" decoding=\"async\" class=\"attachment-rect-260-146 size-rect-260-146 wp-post-image aligncenter\" src=\"https:\/\/www.europesays.com\/fr\/wp-content\/uploads\/2025\/09\/171113-Logo-MCR35-1.jpg\" alt=\"\" width=\"260\" height=\"146\"\/><\/p>\n<p><strong>Mardi 23 septembre<\/strong> 20h Rennes, \u00e9glise Sainte-Th\u00e9r\u00e8se : <a href=\"https:\/\/rennes.catholique.fr\/actualite\/agenda-diocesain\/443131-conference-a-rennes-afflux-de-jeunes-catechumenes-leglise-est-elle-a-laube-dune-revolution\/\" target=\"_blank\" rel=\"noopener nofollow\"><strong>Afflux de jeunes cat\u00e9chum\u00e8nes : l\u2019\u00c9glise est-elle \u00e0 l\u2019aube d\u2019une r\u00e9volution ?<\/strong><\/a>. Antoine Pasquier, journaliste et auteur, viendra pr\u00e9senter une r\u00e9flexion autour de son enqu\u00eate sur les jeunes qui veulent devenir chr\u00e9tiens. Entr\u00e9e libre.<\/p>\n<p><img loading=\"lazy\" decoding=\"async\" class=\"vc_single_image-img attachment-full aligncenter\" title=\"Conf\u00e9rence Antoine Pasquier 23 septembre-min\" src=\"https:\/\/www.europesays.com\/fr\/wp-content\/uploads\/2025\/09\/conference-antoine-pasquier-23-septembre-min.jpg\" alt=\"\" width=\"300\" height=\"424\"\/><\/p>\n<p><strong>Jusqu\u2019au 30 septembre<\/strong> dans les 14 \u00e9glises des paroisses de Dinard-Pleurtuit et de Ploubalay : <a href=\"https:\/\/paroissedinardpleurtuit.fr\/expo-carlo-acutis\/\" target=\"_blank\" rel=\"noopener nofollow\"><strong>Exposition de Carlo Acutis sur les miracles eucharistiques<\/strong><\/a>. Cette exposition, mont\u00e9e par Carlo lui-m\u00eame, se compose de 162 panneaux pr\u00e9sentant chacun un miracle eucharistique. Venez retirer \u00e0 la Maison paroissiale ou au presbyt\u00e8re de Pleurtuit, une carte sp\u00e9ciale pour cette expo. Dans chaque \u00e9glise,\u00a0 vous pourrez tamponner votre carte comme une cr\u00e9denciale \u2026<\/p>\n<p><a href=\"https:\/\/www.europesays.com\/fr\/wp-content\/uploads\/2025\/05\/expo-carlo-acutis2-paroisse-dinard-pleurtuit.jpg\" target=\"_blank\" rel=\"noopener\"><img loading=\"lazy\" decoding=\"async\" class=\"wp-image-437298\" src=\"https:\/\/www.europesays.com\/fr\/wp-content\/uploads\/2025\/05\/expo-carlo-acutis2-paroisse-dinard-pleurtuit.jpg\" alt=\"\" width=\"350\" height=\"496\"  \/><\/a>Cliquez pour agrandir l\u2019image, ou scannez le QR-Code<\/p>\n<p>\u00a0<\/p>\n<p><a href=\"https:\/\/congresmission.com\/congres-mission-2025\/\" target=\"_blank\" rel=\"noopener nofollow\"><img loading=\"lazy\" decoding=\"async\" class=\"attachment-large wp-image-7030\" src=\"https:\/\/www.europesays.com\/fr\/wp-content\/uploads\/2025\/05\/Capture-decran-2025-04-29-111948.png\" alt=\"\" width=\"335\" height=\"419\"\/><\/a>Cliquez sur l\u2019image pour acc\u00e9der au site<br \/>\n<a href=\"https:\/\/rennes.catholique.fr\/services\/pelerinages-diocesains\/437564-pelerinage-a-rome-jubile-2025\/\" target=\"_blank\" rel=\"noopener nofollow\"><img loading=\"lazy\" decoding=\"async\" class=\"vc_single_image-img attachment-full\" title=\"P\u00e9l\u00e9 Rome - Couv dossier\" src=\"https:\/\/www.europesays.com\/fr\/wp-content\/uploads\/2025\/05\/pele-rome-couv-dossier.jpg\" alt=\"\" width=\"500\" height=\"709\"\/><\/a>Cliquez sur l\u2019image pour infos et inscriptions. Date limite d\u2019inscription : mercredi 10 septembre !<\/p>\n<p>\u00a0<\/p>\n<p><img loading=\"lazy\" decoding=\"async\" class=\"aligncenter size-full wp-image-333310\" src=\"https:\/\/www.europesays.com\/fr\/wp-content\/uploads\/2025\/04\/Ligne-galets.jpg\" alt=\"galet\" width=\"526\" height=\"35\"  \/><\/p>\n","protected":false},"excerpt":{"rendered":"Il faut que le Fils de l\u2019homme soit \u00e9lev\u00e9 (Jean 3, 13-17) \u2192 Vie de la paroisse Suppression&hellip;\n","protected":false},"author":2,"featured_media":386932,"comment_status":"","ping_status":"","sticky":false,"template":"","format":"standard","meta":{"footnotes":""},"categories":[2821],"tags":[1111,11,829,1777,674,1011,27,12,584,25],"class_list":{"0":"post-386931","1":"post","2":"type-post","3":"status-publish","4":"format-standard","5":"has-post-thumbnail","7":"category-rennes","8":"tag-actu","9":"tag-actualites","10":"tag-bretagne","11":"tag-eu","12":"tag-europe","13":"tag-fr","14":"tag-france","15":"tag-news","16":"tag-rennes","17":"tag-republique-francaise"},"share_on_mastodon":{"url":"https:\/\/pubeurope.com\/@fr\/115195007650948546","error":""},"_links":{"self":[{"href":"https:\/\/www.europesays.com\/fr\/wp-json\/wp\/v2\/posts\/386931","targetHints":{"allow":["GET"]}}],"collection":[{"href":"https:\/\/www.europesays.com\/fr\/wp-json\/wp\/v2\/posts"}],"about":[{"href":"https:\/\/www.europesays.com\/fr\/wp-json\/wp\/v2\/types\/post"}],"author":[{"embeddable":true,"href":"https:\/\/www.europesays.com\/fr\/wp-json\/wp\/v2\/users\/2"}],"replies":[{"embeddable":true,"href":"https:\/\/www.europesays.com\/fr\/wp-json\/wp\/v2\/comments?post=386931"}],"version-history":[{"count":0,"href":"https:\/\/www.europesays.com\/fr\/wp-json\/wp\/v2\/posts\/386931\/revisions"}],"wp:featuredmedia":[{"embeddable":true,"href":"https:\/\/www.europesays.com\/fr\/wp-json\/wp\/v2\/media\/386932"}],"wp:attachment":[{"href":"https:\/\/www.europesays.com\/fr\/wp-json\/wp\/v2\/media?parent=386931"}],"wp:term":[{"taxonomy":"category","embeddable":true,"href":"https:\/\/www.europesays.com\/fr\/wp-json\/wp\/v2\/categories?post=386931"},{"taxonomy":"post_tag","embeddable":true,"href":"https:\/\/www.europesays.com\/fr\/wp-json\/wp\/v2\/tags?post=386931"}],"curies":[{"name":"wp","href":"https:\/\/api.w.org\/{rel}","templated":true}]}}