{"id":386933,"date":"2025-09-13T04:04:20","date_gmt":"2025-09-13T04:04:20","guid":{"rendered":"https:\/\/www.europesays.com\/fr\/386933\/"},"modified":"2025-09-13T04:04:20","modified_gmt":"2025-09-13T04:04:20","slug":"bloquons-tout-a-rennes-apres-lincendie-du-bus-sur-la-rocade-un-appel-a-temoins-et-des-investigations-qui-vont-durer","status":"publish","type":"post","link":"https:\/\/www.europesays.com\/fr\/386933\/","title":{"rendered":"\u00ab\u00a0Bloquons tout\u00a0\u00bb \u00e0 Rennes. Apr\u00e8s l&rsquo;incendie du bus sur la rocade, un appel \u00e0 t\u00e9moins et des investigations qui vont durer"},"content":{"rendered":"<p class=\"article__intro\">Suite \u00e0 l&rsquo;incendie volontaire d&rsquo;un bus mercredi matin 10 septembre 2025 pendant le blocage de la rocade sud, la police lance un appel \u00e0 t\u00e9moins. Le pont de la porte d&rsquo;Alma est tr\u00e8s ab\u00eem\u00e9 et toujours interdit \u00e0 la circulation. Les difficult\u00e9s de circulation vont se poursuivre encore quelque temps car des investigations compl\u00e9mentaires doivent \u00eatre men\u00e9es.<\/p>\n<p>\n      L\u2019actu des r\u00e9gions\n    <\/p>\n<p>\n      Chaque jour, un tour d\u2019horizon des principales infos de toutes les r\u00e9gions.\n    <\/p>\n<p>    France T\u00e9l\u00e9visions utilise votre adresse e-mail afin de vous envoyer la newsletter \u00ab\u00a0L\u2019actu des r\u00e9gions\u00a0\u00bb. Vous pouvez vous d\u00e9sinscrire \u00e0 tout moment via le lien en bas de cette newsletter. <a target=\"_blank\" href=\"https:\/\/www.francetelevisions.fr\/groupe\/confidentialite\/politique-de-confidentialite\/politique-de-confidentialite-de-france-televisions-6503\" rel=\"nofollow noopener\">Notre politique de confidentialit\u00e9<\/a><\/p>\n<p>Apr\u00e8s l&rsquo;incendie d&rsquo;un bus sur la rocade de Rennes, ce mercredi 10 septembre 2025, lors des manifestations \u00ab\u00a0Bloquons tout !\u00a0\u00bb, le pont de la porte d&rsquo;Alma, au sud de la ville, sous lequel le v\u00e9hicule a br\u00fbl\u00e9, a \u00e9t\u00e9 grandement fragilis\u00e9. Il <a href=\"https:\/\/france3-regions.franceinfo.fr\/bretagne\/ille-et-vilaine\/rennes\/apres-l-incendie-d-un-bus-sur-la-rocade-un-pont-en-partie-inaccessible-pour-combien-de-temps-3215060.html\" target=\"_blank\" rel=\"noopener nofollow\">devait rester ferm\u00e9 jusqu&rsquo;au 24 septembre<\/a>, il le restera finalement \u00ab\u00a0au moins jusqu&rsquo;au 26 septembre pour l&rsquo;ensemble des v\u00e9hicules\u00a0\u00bb, pr\u00e9cise la DIRO, la direction des routes de l&rsquo;ouest, dans un communiqu\u00e9.\u00a0<\/p>\n<p>Concernant plus sp\u00e9cifiquement les poids lourds, l&rsquo;interdiction de rouler sur le pont est d\u00e9cid\u00e9e pour plusieurs mois car l&rsquo;incendie qui a eu lieu sous le pont a provoqu\u00e9 d&rsquo;importants d\u00e9g\u00e2ts sur l&rsquo;ouvrage.\u00a0<\/p>\n<p>Pour conna\u00eetre pr\u00e9cis\u00e9ment l\u2019\u00e9tat du pont et pr\u00e9parer son programme de r\u00e9paration, la DIR Ouest,<br \/>accompagn\u00e9e du CEREMA, m\u00e8nera des investigations nocturnes du mardi 16 au jeudi 18 septembre, de 20h30 \u00e0 4h du matin, afin de r\u00e9aliser \u00ab\u00a0des pr\u00e9l\u00e8vements et des analyses du b\u00e9ton endommag\u00e9, ainsi qu&rsquo;une v\u00e9rification de la structure compl\u00e8te\u00a0\u00bb.<\/p>\n<p>Pour s\u00e9curiser ce chantier nocturne, la rocade ext\u00e9rieure sera ferm\u00e9e au niveau de la porte de Nantes durant ces travaux de nuit. Une d\u00e9viation sera mise en place par la RN 137 direction Nantes jusqu&rsquo;\u00e0 l&rsquo;\u00e9changeur de Chartres-de-Bretagne pour faire un demi-tour ou dans l&rsquo;autre sens de la RN 137 direction Rennes avec reprise de la rocade ext\u00e9rieure.<\/p>\n<p>Ces mesures vont n\u00e9cessairement entra\u00eener un allongement des temps de trajet dans le secteur.<\/p>\n<p>Les premiers r\u00e9sultats des investigations seront connus \u00e0 la fin du mois de septembre. Ils permettront de d\u00e9finir le programme de travaux de renforcement n\u00e9cessaires pour r\u00e9tablir progressivement la circulation en toute s\u00e9curit\u00e9.\u00a0<\/p>\n<p>Les enqu\u00eateurs de la Police Judiciaire de Rennes lancent, par ailleurs, un appel \u00e0 t\u00e9moins pour tenter d&rsquo;identifier le ou les mis en cause, suite \u00e0 l&rsquo;envahissement de la rocade de Rennes le 10 septembre, \u00e0 hauteur de la porte de l&rsquo;Alma, o\u00f9 le bus a \u00e9t\u00e9 incendi\u00e9.<\/p><\/p>\n","protected":false},"excerpt":{"rendered":"Suite \u00e0 l&rsquo;incendie volontaire d&rsquo;un bus mercredi matin 10 septembre 2025 pendant le blocage de la rocade sud,&hellip;\n","protected":false},"author":2,"featured_media":386934,"comment_status":"","ping_status":"","sticky":false,"template":"","format":"standard","meta":{"footnotes":""},"categories":[2821],"tags":[1111,11,829,1777,674,1011,27,12,584,25],"class_list":{"0":"post-386933","1":"post","2":"type-post","3":"status-publish","4":"format-standard","5":"has-post-thumbnail","7":"category-rennes","8":"tag-actu","9":"tag-actualites","10":"tag-bretagne","11":"tag-eu","12":"tag-europe","13":"tag-fr","14":"tag-france","15":"tag-news","16":"tag-rennes","17":"tag-republique-francaise"},"share_on_mastodon":{"url":"https:\/\/pubeurope.com\/@fr\/115195010344128300","error":""},"_links":{"self":[{"href":"https:\/\/www.europesays.com\/fr\/wp-json\/wp\/v2\/posts\/386933","targetHints":{"allow":["GET"]}}],"collection":[{"href":"https:\/\/www.europesays.com\/fr\/wp-json\/wp\/v2\/posts"}],"about":[{"href":"https:\/\/www.europesays.com\/fr\/wp-json\/wp\/v2\/types\/post"}],"author":[{"embeddable":true,"href":"https:\/\/www.europesays.com\/fr\/wp-json\/wp\/v2\/users\/2"}],"replies":[{"embeddable":true,"href":"https:\/\/www.europesays.com\/fr\/wp-json\/wp\/v2\/comments?post=386933"}],"version-history":[{"count":0,"href":"https:\/\/www.europesays.com\/fr\/wp-json\/wp\/v2\/posts\/386933\/revisions"}],"wp:featuredmedia":[{"embeddable":true,"href":"https:\/\/www.europesays.com\/fr\/wp-json\/wp\/v2\/media\/386934"}],"wp:attachment":[{"href":"https:\/\/www.europesays.com\/fr\/wp-json\/wp\/v2\/media?parent=386933"}],"wp:term":[{"taxonomy":"category","embeddable":true,"href":"https:\/\/www.europesays.com\/fr\/wp-json\/wp\/v2\/categories?post=386933"},{"taxonomy":"post_tag","embeddable":true,"href":"https:\/\/www.europesays.com\/fr\/wp-json\/wp\/v2\/tags?post=386933"}],"curies":[{"name":"wp","href":"https:\/\/api.w.org\/{rel}","templated":true}]}}