{"id":386935,"date":"2025-09-13T04:05:20","date_gmt":"2025-09-13T04:05:20","guid":{"rendered":"https:\/\/www.europesays.com\/fr\/386935\/"},"modified":"2025-09-13T04:05:20","modified_gmt":"2025-09-13T04:05:20","slug":"le-lied-une-voix-un-piano-et-plus-si-affinites-conference-a-strasbourg","status":"publish","type":"post","link":"https:\/\/www.europesays.com\/fr\/386935\/","title":{"rendered":"Le Lied : une voix, un piano et plus si affinites. : Conference a Strasbourg"},"content":{"rendered":"<p>\t\t\t\t\t\t\t\t\t<a href=\"https:\/\/www.dna.fr\/pour-sortir\/loisirs\/Rencontre-conference\/Conferences\/Alsace\/Bas-rhin\/Strasbourg\/2025\/11\/05\/javascript:history.back();\" rel=\"nofollow noopener\" class=\"backToSearch\" target=\"_blank\">Retour \u00e0 la recherche<\/a><\/p>\n<p class=\"media-desc\" itemprop=\"description\">&#13;<br \/>\n\t\t\t\t\tConf\u00e9rence de Jean-Claude Colbus, ancien ma\u00eetre de conf\u00e9rences \u00e0 la Sorbonne (Paris-IV), sp\u00e9cialiste de l\u2019historiographie dans les pays de langue allemande (15e-16e si\u00e8cle). En partenariat avec le Cercle Richard Wagner de Strasbourg.&#13;<br \/>\n\t\t\t\t\t\t\t\t\t\t\t&#13;<br \/>\n\t\t\t\t\t\t\t\t\t\tN\u00e9 au d\u00e9but du 19e si\u00e8cle, le lied romantique (\u00e0 travers ses th\u00e8mes de pr\u00e9dilection : le Voyage, l\u2019Amour, la Nuit etc) est un petit miracle de po\u00e9sie aux ingr\u00e9dients tr\u00e8s simples : un piano, une voix. Schumann, Wagner, Brahms, Strauss notamment ont laiss\u00e9 un grand nombre de ces courtes pi\u00e8ces de musique vocale \u00e0 l\u2019\u00ab alchimie \u00e9motionnelle \u00bb si singuli\u00e8re qui refl\u00e8te une partie de l\u2019\u00e2me allemande. Entre l\u2019apparente simplicit\u00e9 du Volkslied (chanson populaire) et l\u2019infinie complexit\u00e9 du Kunstlied (chant savant), ce genre musical aux multiples nuances semble jouir d\u2019une popularit\u00e9 intemporelle aupr\u00e8s d\u2019un large public.&#13;\n\t\t\t\t  <\/p>\n","protected":false},"excerpt":{"rendered":"Retour \u00e0 la recherche &#13; Conf\u00e9rence de Jean-Claude Colbus, ancien ma\u00eetre de conf\u00e9rences \u00e0 la Sorbonne (Paris-IV), sp\u00e9cialiste&hellip;\n","protected":false},"author":2,"featured_media":386936,"comment_status":"","ping_status":"","sticky":false,"template":"","format":"standard","meta":{"footnotes":""},"categories":[2820],"tags":[1111,11,1777,674,1011,27,775,12,25,640],"class_list":{"0":"post-386935","1":"post","2":"type-post","3":"status-publish","4":"format-standard","5":"has-post-thumbnail","7":"category-strasbourg","8":"tag-actu","9":"tag-actualites","10":"tag-eu","11":"tag-europe","12":"tag-fr","13":"tag-france","14":"tag-grand-est","15":"tag-news","16":"tag-republique-francaise","17":"tag-strasbourg"},"share_on_mastodon":{"url":"https:\/\/pubeurope.com\/@fr\/115195014197544376","error":""},"_links":{"self":[{"href":"https:\/\/www.europesays.com\/fr\/wp-json\/wp\/v2\/posts\/386935","targetHints":{"allow":["GET"]}}],"collection":[{"href":"https:\/\/www.europesays.com\/fr\/wp-json\/wp\/v2\/posts"}],"about":[{"href":"https:\/\/www.europesays.com\/fr\/wp-json\/wp\/v2\/types\/post"}],"author":[{"embeddable":true,"href":"https:\/\/www.europesays.com\/fr\/wp-json\/wp\/v2\/users\/2"}],"replies":[{"embeddable":true,"href":"https:\/\/www.europesays.com\/fr\/wp-json\/wp\/v2\/comments?post=386935"}],"version-history":[{"count":0,"href":"https:\/\/www.europesays.com\/fr\/wp-json\/wp\/v2\/posts\/386935\/revisions"}],"wp:featuredmedia":[{"embeddable":true,"href":"https:\/\/www.europesays.com\/fr\/wp-json\/wp\/v2\/media\/386936"}],"wp:attachment":[{"href":"https:\/\/www.europesays.com\/fr\/wp-json\/wp\/v2\/media?parent=386935"}],"wp:term":[{"taxonomy":"category","embeddable":true,"href":"https:\/\/www.europesays.com\/fr\/wp-json\/wp\/v2\/categories?post=386935"},{"taxonomy":"post_tag","embeddable":true,"href":"https:\/\/www.europesays.com\/fr\/wp-json\/wp\/v2\/tags?post=386935"}],"curies":[{"name":"wp","href":"https:\/\/api.w.org\/{rel}","templated":true}]}}