{"id":386937,"date":"2025-09-13T04:06:17","date_gmt":"2025-09-13T04:06:17","guid":{"rendered":"https:\/\/www.europesays.com\/fr\/386937\/"},"modified":"2025-09-13T04:06:17","modified_gmt":"2025-09-13T04:06:17","slug":"le-luxtrophy-un-rendez-vous-annuel","status":"publish","type":"post","link":"https:\/\/www.europesays.com\/fr\/386937\/","title":{"rendered":"Le Luxtrophy, un rendez-vous annuel"},"content":{"rendered":"<p class=\"text-align-justify chapo\" data-start=\"64\" data-end=\"617\">Une semaine apr\u00e8s avoir remport\u00e9 la Landolt Cup face aux Niners Chemnitz, nos SIGmen poursuivent leur pr\u00e9paration \u00e0 Luxeuil-les-Bains, en Haute-Sa\u00f4ne, lors du traditionnel rendez-vous de pr\u00e9-saison. Quatre \u00e9quipes vont s\u2019affronter : la SIG Strasbourg, la JDA Dijon, le Saint-Quentin Basket-Ball et l\u2019\u00c9lan Chalon.<br \/>Pour nos Strasbourgeois, ce tournoi sera un v\u00e9ritable test : les SIGmen affronteront de futurs adversaires du championnat de France, une belle occasion de concr\u00e9tiser le travail accompli durant ce d\u00e9but de pr\u00e9paration.<\/p>\n<p>Nos SIGmen d\u00e9buteront leur tournoi face \u00e0 la JDA Dijon, dont la pr\u00e9-saison appara\u00eet mitig\u00e9e (deux victoires pour deux d\u00e9faites). Mais attention : la JDA n\u2019est jamais \u00e0 prendre \u00e0 la l\u00e9g\u00e8re. Cette ann\u00e9e, le club dijonnais disputera la FIBA Europe Cup avec un effectif tr\u00e8s comp\u00e9titif.<br \/>La JDA conserve un noyau dur de la saison pass\u00e9e avec David Holston, Axel Julien, Robin Ducot\u00e9 et Gregor Hrovat. Le staff a renforc\u00e9 l\u2019\u00e9quipe avec des joueurs de renom en Betclic \u00c9LITE comme Justin Bibbins ou Williams Narace.<br \/>Ce premier match donnera un avant-go\u00fbt du spectacle auquel vous pourrez assister au Rhenus tout au long de la saison.<br \/>\nEn fonction du r\u00e9sultat, nos Strasbourgeois affronteront soit l\u2019\u00c9lan Chalon, soit le Saint-Quentin Basket-Ball le dimanche, \u00e0 14h30 ou 17h30.<br \/>\nLe tournoi annuel de Luxeuil est toujours un temps fort de la pr\u00e9paration, et cette \u00e9dition ne fait pas exception. Ce week-end s\u2019annonce intense !\u00a0<br \/>\nRendez-vous \u00e0 19h45 pour encourager nos SIGmen dans cette nouvelle \u00e9tape de leur pr\u00e9-saison sur la chaine youtube : <a href=\"https:\/\/www.youtube.com\/@ComtoiseRadio\" rel=\"nofollow noopener\" target=\"_blank\">https:\/\/www.youtube.com\/@ComtoiseRadio<\/a><\/p>\n<p class=\"text-align-justify\">\u00a0<\/p>\n<p class=\"text-align-justify titre\">La parole \u00e0 J\u0101nis Gail\u012btis :\u00a0<\/p>\n<p class=\"text-align-justify\">\u00a0<\/p><\/p>\n","protected":false},"excerpt":{"rendered":"Une semaine apr\u00e8s avoir remport\u00e9 la Landolt Cup face aux Niners Chemnitz, nos SIGmen poursuivent leur pr\u00e9paration \u00e0&hellip;\n","protected":false},"author":2,"featured_media":386938,"comment_status":"","ping_status":"","sticky":false,"template":"","format":"standard","meta":{"footnotes":""},"categories":[2820],"tags":[1111,11,3146,1777,674,1011,27,775,3145,12,25,3144,640],"class_list":{"0":"post-386937","1":"post","2":"type-post","3":"status-publish","4":"format-standard","5":"has-post-thumbnail","7":"category-strasbourg","8":"tag-actu","9":"tag-actualites","10":"tag-betclic-elite","11":"tag-eu","12":"tag-europe","13":"tag-fr","14":"tag-france","15":"tag-grand-est","16":"tag-lnb","17":"tag-news","18":"tag-republique-francaise","19":"tag-sig","20":"tag-strasbourg"},"share_on_mastodon":{"url":"https:\/\/pubeurope.com\/@fr\/115195018169594915","error":""},"_links":{"self":[{"href":"https:\/\/www.europesays.com\/fr\/wp-json\/wp\/v2\/posts\/386937","targetHints":{"allow":["GET"]}}],"collection":[{"href":"https:\/\/www.europesays.com\/fr\/wp-json\/wp\/v2\/posts"}],"about":[{"href":"https:\/\/www.europesays.com\/fr\/wp-json\/wp\/v2\/types\/post"}],"author":[{"embeddable":true,"href":"https:\/\/www.europesays.com\/fr\/wp-json\/wp\/v2\/users\/2"}],"replies":[{"embeddable":true,"href":"https:\/\/www.europesays.com\/fr\/wp-json\/wp\/v2\/comments?post=386937"}],"version-history":[{"count":0,"href":"https:\/\/www.europesays.com\/fr\/wp-json\/wp\/v2\/posts\/386937\/revisions"}],"wp:featuredmedia":[{"embeddable":true,"href":"https:\/\/www.europesays.com\/fr\/wp-json\/wp\/v2\/media\/386938"}],"wp:attachment":[{"href":"https:\/\/www.europesays.com\/fr\/wp-json\/wp\/v2\/media?parent=386937"}],"wp:term":[{"taxonomy":"category","embeddable":true,"href":"https:\/\/www.europesays.com\/fr\/wp-json\/wp\/v2\/categories?post=386937"},{"taxonomy":"post_tag","embeddable":true,"href":"https:\/\/www.europesays.com\/fr\/wp-json\/wp\/v2\/tags?post=386937"}],"curies":[{"name":"wp","href":"https:\/\/api.w.org\/{rel}","templated":true}]}}