{"id":386943,"date":"2025-09-13T04:09:18","date_gmt":"2025-09-13T04:09:18","guid":{"rendered":"https:\/\/www.europesays.com\/fr\/386943\/"},"modified":"2025-09-13T04:09:18","modified_gmt":"2025-09-13T04:09:18","slug":"kiabi-maxi-zoo-action-cinq-enseignes-ouvrent-a-la-place-dun-magasin-de-bricolage-pres-de","status":"publish","type":"post","link":"https:\/\/www.europesays.com\/fr\/386943\/","title":{"rendered":"Kiabi, Maxi Zoo, Action\u2026\u00a0cinq enseignes ouvrent \u00e0 la place d\u2019un magasin de bricolage pr\u00e8s de"},"content":{"rendered":"<p>Les clients attendaient d\u2019en savoir plus depuis des semaines. C\u2019est officiel. Action, Maxi Zoo, Besson chaussures, Kiabi et B &amp; M vont s\u2019installer \u00e0 la place du<a href=\"https:\/\/www.mr-bricolage.fr\/\" target=\"_self\" rel=\"nofollow noopener\"> Mr. Bricolage<\/a>, ferm\u00e9 depuis le printemps 2025, selon la <a href=\"https:\/\/www.galerieoceane.com\/\" target=\"_self\" rel=\"nofollow noopener\">galerie Oc\u00e9ane.<\/a>\u00a0\u00a0Cette grande cellule de 6\u00a0700\u00a0m2 a \u00e9t\u00e9 r\u00e9am\u00e9nag\u00e9e et divis\u00e9e pour accueillir ces nouvelles boutiques en ext\u00e9rieur\u00a0\u00bb, indique la galerie sur les r\u00e9seaux sociaux.<\/p>\n<p>De d\u00e9but octobre \u00e0 d\u00e9but d\u00e9cembre<\/p>\n<p>Les ouvertures vont s\u2019\u00e9taler de d\u00e9but octobre \u00e0 d\u00e9but d\u00e9cembre.<\/p>\n<\/p>\n<p>?\u00c0 lire aussi\u00a0:<a href=\"https:\/\/nantes.maville.com\/actu\/actudet_-pourquoi-mercerine-a-quitte-ce-grand-centre-commercial-a-nantes-_8-6879871_actu.Htm\" target=\"_self\" rel=\"nofollow noopener\">Pourquoi Mercerine a quitt\u00e9 ce grand centre commercial \u00e0 Nantes ?<\/a> <\/p>\n<p>Sur les r\u00e9seaux sociaux, les avis sont assez vari\u00e9s. Certains se r\u00e9jouissent\u00a0&#8211; \u00a0Trop bien, on va passer notre temps l\u00e0-bas\u00a0\u00bb, indique, sur Facebook, St\u00e9phanie, une cliente. \u00a0G\u00e9nial, \u00e7a manquait dans notre coin\u00a0\u00bb, note Chantal.<\/p>\n<p>D\u2019autres auraient aim\u00e9 des enseignes diff\u00e9rentes, comme Marine, qui regrette l\u2019implantation d\u2019une enseigne\u00a0: \u00a0Dommage, on aura pas un Cultura \u00e0 Nantes c\u2019est ce qui manque ici\u00a0\u00bb.<\/p>\n<p>Pour Malou, <strong> \u00a0cela aurait \u00e9t\u00e9 bien que ce soit le <a href=\"https:\/\/nantes.maville.com\/actu\/actudet_-deux-ans-pour-renaitre-de-ses-cendres-un-magasin-centrakor-rouvre-pres-de-nantes-_8-6776769_actu.Htm\" target=\"_self\" rel=\"nofollow noopener\">Tom &amp; co<\/a> qui a br\u00fbl\u00e9 route de Vannes<\/strong> (ndlr, Orvault)\u00a0\u00bb.<\/p>\n<p>\u00a0<\/p>\n","protected":false},"excerpt":{"rendered":"Les clients attendaient d\u2019en savoir plus depuis des semaines. C\u2019est officiel. Action, Maxi Zoo, Besson chaussures, Kiabi et&hellip;\n","protected":false},"author":2,"featured_media":386944,"comment_status":"","ping_status":"","sticky":false,"template":"","format":"standard","meta":{"footnotes":""},"categories":[2818],"tags":[631,1111,11,14386,705,1777,674,1011,27,30404,18358,51953,766,12,4931,2636,5536,3762,25,6031],"class_list":{"0":"post-386943","1":"post","2":"type-post","3":"status-publish","4":"format-standard","5":"has-post-thumbnail","7":"category-nantes","8":"tag-action","9":"tag-actu","10":"tag-actualites","11":"tag-bricolage","12":"tag-enseignes","13":"tag-eu","14":"tag-europe","15":"tag-fr","16":"tag-france","17":"tag-kiabi","18":"tag-magasin","19":"tag-maxi","20":"tag-nantes","21":"tag-news","22":"tag-ouvrent","23":"tag-pays-de-la-loire","24":"tag-place","25":"tag-pres","26":"tag-republique-francaise","27":"tag-zoo"},"share_on_mastodon":{"url":"https:\/\/pubeurope.com\/@fr\/115195029996401268","error":""},"_links":{"self":[{"href":"https:\/\/www.europesays.com\/fr\/wp-json\/wp\/v2\/posts\/386943","targetHints":{"allow":["GET"]}}],"collection":[{"href":"https:\/\/www.europesays.com\/fr\/wp-json\/wp\/v2\/posts"}],"about":[{"href":"https:\/\/www.europesays.com\/fr\/wp-json\/wp\/v2\/types\/post"}],"author":[{"embeddable":true,"href":"https:\/\/www.europesays.com\/fr\/wp-json\/wp\/v2\/users\/2"}],"replies":[{"embeddable":true,"href":"https:\/\/www.europesays.com\/fr\/wp-json\/wp\/v2\/comments?post=386943"}],"version-history":[{"count":0,"href":"https:\/\/www.europesays.com\/fr\/wp-json\/wp\/v2\/posts\/386943\/revisions"}],"wp:featuredmedia":[{"embeddable":true,"href":"https:\/\/www.europesays.com\/fr\/wp-json\/wp\/v2\/media\/386944"}],"wp:attachment":[{"href":"https:\/\/www.europesays.com\/fr\/wp-json\/wp\/v2\/media?parent=386943"}],"wp:term":[{"taxonomy":"category","embeddable":true,"href":"https:\/\/www.europesays.com\/fr\/wp-json\/wp\/v2\/categories?post=386943"},{"taxonomy":"post_tag","embeddable":true,"href":"https:\/\/www.europesays.com\/fr\/wp-json\/wp\/v2\/tags?post=386943"}],"curies":[{"name":"wp","href":"https:\/\/api.w.org\/{rel}","templated":true}]}}