{"id":386947,"date":"2025-09-13T04:11:19","date_gmt":"2025-09-13T04:11:19","guid":{"rendered":"https:\/\/www.europesays.com\/fr\/386947\/"},"modified":"2025-09-13T04:11:19","modified_gmt":"2025-09-13T04:11:19","slug":"le-cognac-festival-lance-sa-toute-premiere-edition-bordelaise","status":"publish","type":"post","link":"https:\/\/www.europesays.com\/fr\/386947\/","title":{"rendered":"Le Cognac Festival lance sa toute premi\u00e8re \u00e9dition bordelaise"},"content":{"rendered":"<p>Si tu aimes les spiritueux et que tu veux d\u00e9couvrir le cognac sous toutes ses formes, note bien cette date : samedi 15 novembre 2025. Pour sa toute premi\u00e8re \u00e9dition bordelaise, <a href=\"https:\/\/www.cognacfestival.fr\/\" target=\"_blank\" rel=\"noreferrer noopener nofollow\">le Cognac Festival<\/a> t\u2019invite \u00e0 La Grande Poste, en plein centre-ville<\/p>\n<p style=\"font-size:16px\">Le festival a pour objectif de mettre <strong>en lumi\u00e8re le cognac<\/strong>, ce tr\u00e9sor du terroir charentais. Derri\u00e8re chaque bouteille se cache un savoir-faire transmis de g\u00e9n\u00e9ration en g\u00e9n\u00e9ration, et cette journ\u00e9e est pens\u00e9e pour que tu puisses rencontrer les producteurs, poser tes questions et comprendre ce qui rend chaque cognac unique.<\/p>\n<p>Exposants et activit\u00e9s en tout genre<\/p>\n<p style=\"font-size:16px\">Pas moins de <strong>37 exposants<\/strong> seront pr\u00e9sents, allant des grandes maisons comme <strong>Martell, Hennessy, Courvoisier, Polignac ou Meukow<\/strong>, aux <strong>producteurs ind\u00e9pendants et domaines familiaux<\/strong>. C\u2019est l\u2019occasion id\u00e9ale de comparer les styles, explorer diff\u00e9rentes expressions et te laisser guider par les conseils passionn\u00e9s des exposants.<\/p>\n<p><img fetchpriority=\"high\" decoding=\"async\" width=\"760\" height=\"760\" data-id=\"83551\" src=\"https:\/\/www.europesays.com\/fr\/wp-content\/uploads\/2025\/09\/hennessy.png\" alt=\"\" class=\"wp-image-83551\"  \/>Le festival valorise le cognac, son savoir-faire ancestral, permettant rencontres, questions et d\u00e9couvertes uniques.<\/p>\n<p><img loading=\"lazy\" decoding=\"async\" width=\"819\" height=\"1024\" data-id=\"83546\" src=\"https:\/\/www.europesays.com\/fr\/wp-content\/uploads\/2025\/09\/affiche-cognac-819x1024.jpg\" alt=\"\" class=\"wp-image-83546\"  \/>Trente-sept exposants, grandes maisons et producteurs ind\u00e9pendants, seront pr\u00e9sents. \u00a9Cognac Festival<\/p>\n<p style=\"font-size:16px\">Le festival ne se limite pas \u00e0 la d\u00e9gustation. <strong>Toutes les 45 minutes, des masterclass p\u00e9dagogiques<\/strong> te permettront de mieux comprendre le cognac : son vieillissement, ses ar\u00f4mes, ses accords possibles. Si tu aimes apprendre en d\u00e9gustant, ces sessions sont faites pour toi. Tu pourras aussi tester tes talents de mixologue gr\u00e2ce \u00e0 un espace cocktail anim\u00e9 en partenariat avec <strong>l\u2019\u00e9cole MFR de Vayres<\/strong>, qui montre comment int\u00e9grer le cognac dans des cr\u00e9ations modernes et surprenantes.<\/p>\n<p><img loading=\"lazy\" decoding=\"async\" width=\"1024\" height=\"1024\" data-id=\"83547\" src=\"https:\/\/www.europesays.com\/fr\/wp-content\/uploads\/2025\/09\/amazon-1024x1024.jpg\" alt=\"\" class=\"wp-image-83547\"  \/>Le festival propose masterclass toutes 45 minutes et espace mixologie pour apprendre et cr\u00e9er avec cognac.<\/p>\n<p><img loading=\"lazy\" decoding=\"async\" width=\"819\" height=\"1024\" data-id=\"83550\" src=\"https:\/\/www.europesays.com\/fr\/wp-content\/uploads\/2025\/09\/cognac-819x1024.jpg\" alt=\"\" class=\"wp-image-83550\"  \/>Plats charentais accompagnent le cognac, valorisant gastronomie, avec cuv\u00e9e exclusive disponible uniquement le jour. \u00a9Cognac Festival<\/p>\n<p>La cuisine charentaise \u00e0 l\u2019honneur<\/p>\n<p style=\"font-size:16px\">Et pour accompagner le tout, <strong>des plats typiques charentais<\/strong> seront propos\u00e9s, afin de mettre en avant le lien entre ce spiritueux et sa gastronomie. Cerise sur le g\u00e2teau : une cuv\u00e9e exclusive, cr\u00e9\u00e9e en collaboration avec <strong>Swell de Spirits<\/strong>, sera disponible uniquement le jour du festival.<\/p>\n<p>La Grande Poste : un lieu d\u2019exception<\/p>\n<p style=\"font-size:16px\">Le lieu choisi, <strong>La Grande Poste<\/strong>, allie accessibilit\u00e9 et charme historique. Son architecture cr\u00e9e une atmosph\u00e8re \u00e0 la fois centrale et intimiste, id\u00e9ale pour ce type d\u2019\u00e9v\u00e9nement. Apr\u00e8s la journ\u00e9e, l\u2019exp\u00e9rience se prolonge avec un<strong> After au bar La Belle en Folie<\/strong>, pour siroter des cocktails sp\u00e9cialement con\u00e7us pour l\u2019occasion.<\/p>\n<p><img loading=\"lazy\" decoding=\"async\" width=\"1024\" height=\"768\" src=\"https:\/\/www.bougerabordeaux.com\/wp-content\/uploads\/2025\/09\/bx-tourisme-2-1024x768.webp\" alt=\"\" class=\"wp-image-83549\" style=\"width:558px;height:auto\"  \/>La Grande Poste, accessible et historique, offre atmosph\u00e8re centrale et intimiste.<\/p>\n<p style=\"font-size:16px\"><a href=\"https:\/\/www.cognacfestival.fr\/\" target=\"_blank\" rel=\"noreferrer noopener nofollow\">Le Cognac Festival<\/a>, imagin\u00e9 par Romain Bodenan et Lorry Arainty, fondateurs de Ma D\u00e9gustation Priv\u00e9e, veut devenir un rendez-vous annuel incontournable, accessible aux passionn\u00e9s comme aux professionnels. Entre d\u00e9couvertes, rencontres et d\u00e9gustations, c\u2019est une journ\u00e9e \u00e0 ne pas manquer. \u00c7a se passe de <strong>10h30\u201320h le 15 novembre<\/strong> et <strong><a href=\"https:\/\/www.cognacfestival.fr\/billetterie\/\" target=\"_blank\" rel=\"noreferrer noopener nofollow\">le tarif<\/a><\/strong> est de <strong>15 \u20ac pour les particuliers, gratuit pour les professionnels invit\u00e9s<\/strong>. <\/p>\n<p style=\"font-size:16px\">L\u2019abus d\u2019alcool est dangereux pour la sant\u00e9, \u00e0 consommer avec mod\u00e9ration.<\/p>\n<p style=\"font-size:16px\">\u00c0 lire aussi : <a href=\"https:\/\/www.bougerabordeaux.com\/actu\/news\/dix-chefs-organisent-un-diner-au-profit-de-la-banque-alimentaire-a-bordeaux\/\" target=\"_blank\" rel=\"noreferrer noopener nofollow\">Dix chefs organisent un d\u00eener au profit de la Banque alimentaire \u00e0 Bordeaux<\/a><\/p>\n","protected":false},"excerpt":{"rendered":"Si tu aimes les spiritueux et que tu veux d\u00e9couvrir le cognac sous toutes ses formes, note bien&hellip;\n","protected":false},"author":2,"featured_media":386948,"comment_status":"","ping_status":"","sticky":false,"template":"","format":"standard","meta":{"footnotes":""},"categories":[2817],"tags":[1111,11,1997,1777,674,1011,27,12,2219,25],"class_list":{"0":"post-386947","1":"post","2":"type-post","3":"status-publish","4":"format-standard","5":"has-post-thumbnail","7":"category-bordeaux","8":"tag-actu","9":"tag-actualites","10":"tag-bordeaux","11":"tag-eu","12":"tag-europe","13":"tag-fr","14":"tag-france","15":"tag-news","16":"tag-nouvelle-aquitaine","17":"tag-republique-francaise"},"share_on_mastodon":{"url":"https:\/\/pubeurope.com\/@fr\/115195038294093898","error":""},"_links":{"self":[{"href":"https:\/\/www.europesays.com\/fr\/wp-json\/wp\/v2\/posts\/386947","targetHints":{"allow":["GET"]}}],"collection":[{"href":"https:\/\/www.europesays.com\/fr\/wp-json\/wp\/v2\/posts"}],"about":[{"href":"https:\/\/www.europesays.com\/fr\/wp-json\/wp\/v2\/types\/post"}],"author":[{"embeddable":true,"href":"https:\/\/www.europesays.com\/fr\/wp-json\/wp\/v2\/users\/2"}],"replies":[{"embeddable":true,"href":"https:\/\/www.europesays.com\/fr\/wp-json\/wp\/v2\/comments?post=386947"}],"version-history":[{"count":0,"href":"https:\/\/www.europesays.com\/fr\/wp-json\/wp\/v2\/posts\/386947\/revisions"}],"wp:featuredmedia":[{"embeddable":true,"href":"https:\/\/www.europesays.com\/fr\/wp-json\/wp\/v2\/media\/386948"}],"wp:attachment":[{"href":"https:\/\/www.europesays.com\/fr\/wp-json\/wp\/v2\/media?parent=386947"}],"wp:term":[{"taxonomy":"category","embeddable":true,"href":"https:\/\/www.europesays.com\/fr\/wp-json\/wp\/v2\/categories?post=386947"},{"taxonomy":"post_tag","embeddable":true,"href":"https:\/\/www.europesays.com\/fr\/wp-json\/wp\/v2\/tags?post=386947"}],"curies":[{"name":"wp","href":"https:\/\/api.w.org\/{rel}","templated":true}]}}