{"id":386949,"date":"2025-09-13T04:12:10","date_gmt":"2025-09-13T04:12:10","guid":{"rendered":"https:\/\/www.europesays.com\/fr\/386949\/"},"modified":"2025-09-13T04:12:10","modified_gmt":"2025-09-13T04:12:10","slug":"cest-pas-aussi-coince-et-elitiste-quon-ne-le-croit-le-concert-de-rentree-de-lopera-projete-sur-ecrans-a-bordeaux","status":"publish","type":"post","link":"https:\/\/www.europesays.com\/fr\/386949\/","title":{"rendered":"\u00ab\u00a0C&rsquo;est pas aussi coinc\u00e9 et \u00e9litiste qu&rsquo;on ne le croit\u00a0\u00bb : le concert de rentr\u00e9e de l&rsquo;Op\u00e9ra projet\u00e9 sur \u00e9crans \u00e0 Bordeaux"},"content":{"rendered":"<p>Ce vendredi, l&rsquo;Op\u00e9ra de Bordeaux a d\u00e9cid\u00e9 de sortir de ses murs pour la 4e ann\u00e9e, en diffusant son concert de rentr\u00e9e sur onze \u00e9crans r\u00e9partis dans plusieurs quartiers de la ville. Un \u00e9v\u00e8nement suivi en son et en images par des centaines de spectateurs, pour qui ce milieu semble parfois \u00e9loign\u00e9.<\/p>\n<p>Vous les avez peut-\u00eatre entendues, ces notes de musique classique qui ont envahi les rues de Bordeaux ce vendredi soir. Pour son <strong>concert de rentr\u00e9e<\/strong>, l&rsquo;Op\u00e9ra de Bordeaux a d\u00e9cid\u00e9 de sortir de ses murs, en diffusant l&rsquo;op\u00e9ra jou\u00e9 dans son auditorium <strong>sur onze \u00e9crans r\u00e9partis dans plusieurs quartiers de la ville<\/strong>\u00a0: aux Halles de Bacalan, \u00e0 la Salle des f\u00eates de Bordeaux Grand Parc ou place Nansouty notamment. L&rsquo;hypercentre a m\u00eame eu le droit a des projections plut\u00f4t proches\u00a0: place du Parlement, place Saint Projet, promenade Sainte Catherine ou encore Place du Palais.<\/p>\n<p>Sur des caisses de vin transform\u00e9es en si\u00e8ges \u00e9ph\u00e9m\u00e8res pour l&rsquo;occasion, toutes les places de ces diff\u00e9rentes salles de concert \u00e0 ciel ouvert <strong>\u00e9taient prises<\/strong>. Et pas forc\u00e9ment par un public des plus connaisseurs, mais curieux.<\/p>\n<p>\u00ab\u00a0On n&rsquo;y va pas, \u00e0 l&rsquo;op\u00e9ra. On n&rsquo;a pas le budget\u00a0\u00bb<\/p>\n<p>C&rsquo;est avec un paquet de chips dans les mains, bien cal\u00e9 sur un banc de la place Saint-Projet, que Christophe a ressenti les \u00e9motions des premi\u00e8res notes\u00a0: \u00ab\u00a0La joie, la tristesse, l&rsquo;amour aussi. Pourtant je ne suis pas un connaisseur.\u00a0\u00bb M\u00eame s&rsquo;il n&rsquo;est pas habitu\u00e9, ses yeux restent riv\u00e9s sur les musiciens qui animent l&rsquo;\u00e9cran, parfois accompagn\u00e9s d&rsquo;un violon, de cuivres ou d&rsquo;autre instruments. \u00ab\u00a0Si le concert n&rsquo;\u00e9tait jou\u00e9 que dans un endroit clos comme l&rsquo;op\u00e9ra, sans qu&rsquo;on puisse le voir ici en ville, <strong>je n&rsquo;y serais jamais all\u00e9<\/strong>.\u00a0\u00bb<\/p>\n<p>Car pour beaucoup, l&rsquo;op\u00e9ra renvoie toujours l&rsquo;image d&rsquo;un monde <strong>pas vraiment accessible<\/strong>, ne serait-ce que financi\u00e8rement. Josette et Marie-Jeanne, deux retrait\u00e9es, ont r\u00e9ussi \u00e0 trouver avec peine une place assise parmi les plus de 200 spectateurs rassembl\u00e9s du c\u00f4t\u00e9 de la place du Parlement. \u00ab\u00a0C&rsquo;est super, qu&rsquo;au moins on puisse attraper quelques notes, puisqu&rsquo;on ne va pas y aller, \u00e0 l&rsquo;op\u00e9ra. Avant on pouvait, \u00e0 l&rsquo;\u00e9poque. Mais maintenant <strong>on n&rsquo;a plus le budget,<\/strong> avec nos petites retraites.\u00a0\u00bb<\/p>\n<p>\u00ab\u00a0C&rsquo;est aux institutions de se d\u00e9localiser pour venir jusqu&rsquo;aux gens\u00a0\u00bb<\/p>\n<p>Cet \u00e9v\u00e8nement, organis\u00e9 pour la 4e ann\u00e9e, reste donc un bon moyen de s&rsquo;ouvrir \u00e0 d&rsquo;autres publics que les habitu\u00e9s reconnait Salom\u00e9, qui travaille \u00e0 l&rsquo;Op\u00e9ra de Bordeaux. \u00ab\u00a0Effectivement, aller \u00e0 l&rsquo;op\u00e9ra \u00e7a peut co\u00fbter cher, et le plus <strong>souvent ce sont des initi\u00e9s qui y vont<\/strong>. Je pense que maintenant, c&rsquo;est aux institutions de se d\u00e9localiser pour venir jusqu&rsquo;aux gens leur montrer ce qu&rsquo;est la musique classique. Et <strong>ce n&rsquo;est pas aussi ringard, coinc\u00e9 et \u00e9litiste qu&rsquo;on ne le croit\u00a0!<\/strong>\u00ab\u00a0.<\/p>\n<p>Un avis vers lequel pourraient basculer des jeunes comme Arthur et Eve, \u00e0 peine 17 ans\u00a0: \u00ab\u00a0Moi c&rsquo;est pas mon style, je n&rsquo;aime pas trop d&rsquo;habitude mais on se laisse facilement porter par l&rsquo;ambiance, surtout en plein air, \u00e7a devient plaisant.\u00a0\u00bb Il faut aussi reconna\u00eetre qu&rsquo;\u00e9couter un concert de musique classique en ville, c&rsquo;est quand m\u00eame une ambiance plus d\u00e9contract\u00e9e que sur les traditionnels si\u00e8ges de l&rsquo;auditorium, reconna\u00eet Simon, qui mange un kebab assis sur une marche d&rsquo;escalier. \u00ab\u00a0C&rsquo;est vrai que \u00e7a semble oppos\u00e9, d&rsquo;\u00e9couter cet op\u00e9ra en baskets et avec un kebab dans les mains, mais c&rsquo;est justement aussi ce contraste qui est sympa\u00a0\u00bb. D&rsquo;ailleurs, grand amateur de musique, lui est venu ici expr\u00e8s pour f\u00eater ses 41 ans avec avec son fils de 9 ans, d&rsquo;une mani\u00e8re originale. \u00ab\u00a0J&rsquo;ai aussi envie de <strong>lui transmettre d&rsquo;autres mani\u00e8res<\/strong> d&rsquo;\u00e9couter de la musique que celle \u00e0 laquelle il s&rsquo;est habitu\u00e9e\u00a0\u00bb.<\/p>\n<p>Un concert \u00e0 ciel ouvert qui a attir\u00e9 des centaines de curieux ou des passionn\u00e9s \u00e0 Bordeaux, \u00e9galement retransmis pour les publics plus \u00e9loign\u00e9s, dans <strong>certains CHU ou maisons de retraite<\/strong>.<\/p>\n","protected":false},"excerpt":{"rendered":"Ce vendredi, l&rsquo;Op\u00e9ra de Bordeaux a d\u00e9cid\u00e9 de sortir de ses murs pour la 4e ann\u00e9e, en diffusant&hellip;\n","protected":false},"author":2,"featured_media":386950,"comment_status":"","ping_status":"","sticky":false,"template":"","format":"standard","meta":{"footnotes":""},"categories":[2817],"tags":[1111,11,1997,1777,674,1011,27,12,2219,25],"class_list":{"0":"post-386949","1":"post","2":"type-post","3":"status-publish","4":"format-standard","5":"has-post-thumbnail","7":"category-bordeaux","8":"tag-actu","9":"tag-actualites","10":"tag-bordeaux","11":"tag-eu","12":"tag-europe","13":"tag-fr","14":"tag-france","15":"tag-news","16":"tag-nouvelle-aquitaine","17":"tag-republique-francaise"},"share_on_mastodon":{"url":"https:\/\/pubeurope.com\/@fr\/115195041834472799","error":""},"_links":{"self":[{"href":"https:\/\/www.europesays.com\/fr\/wp-json\/wp\/v2\/posts\/386949","targetHints":{"allow":["GET"]}}],"collection":[{"href":"https:\/\/www.europesays.com\/fr\/wp-json\/wp\/v2\/posts"}],"about":[{"href":"https:\/\/www.europesays.com\/fr\/wp-json\/wp\/v2\/types\/post"}],"author":[{"embeddable":true,"href":"https:\/\/www.europesays.com\/fr\/wp-json\/wp\/v2\/users\/2"}],"replies":[{"embeddable":true,"href":"https:\/\/www.europesays.com\/fr\/wp-json\/wp\/v2\/comments?post=386949"}],"version-history":[{"count":0,"href":"https:\/\/www.europesays.com\/fr\/wp-json\/wp\/v2\/posts\/386949\/revisions"}],"wp:featuredmedia":[{"embeddable":true,"href":"https:\/\/www.europesays.com\/fr\/wp-json\/wp\/v2\/media\/386950"}],"wp:attachment":[{"href":"https:\/\/www.europesays.com\/fr\/wp-json\/wp\/v2\/media?parent=386949"}],"wp:term":[{"taxonomy":"category","embeddable":true,"href":"https:\/\/www.europesays.com\/fr\/wp-json\/wp\/v2\/categories?post=386949"},{"taxonomy":"post_tag","embeddable":true,"href":"https:\/\/www.europesays.com\/fr\/wp-json\/wp\/v2\/tags?post=386949"}],"curies":[{"name":"wp","href":"https:\/\/api.w.org\/{rel}","templated":true}]}}