{"id":386951,"date":"2025-09-13T04:13:16","date_gmt":"2025-09-13T04:13:16","guid":{"rendered":"https:\/\/www.europesays.com\/fr\/386951\/"},"modified":"2025-09-13T04:13:16","modified_gmt":"2025-09-13T04:13:16","slug":"meteo-le-soleil-et-la-chaleur-seront-ils-de-retour-a-toulouse-et-en-occitanie-ce-week-end","status":"publish","type":"post","link":"https:\/\/www.europesays.com\/fr\/386951\/","title":{"rendered":"M\u00e9t\u00e9o. Le soleil et la chaleur seront-ils de retour \u00e0 Toulouse et en Occitanie ce week-end\u00a0?"},"content":{"rendered":"<p>            Par<br \/>\n        <strong><br \/>\n            <a href=\"https:\/\/actu.fr\/auteur\/marie-lamarque\" title=\"Consulter tous les articles de Marie Lamarque\" target=\"_blank\" rel=\"noopener\">Marie Lamarque<\/a><br \/>\n        <\/strong><\/p>\n<p>        Publi\u00e9 le<\/p>\n<p>            13 sept. 2025 \u00e0 5h36        <\/p>\n<p>C\u2019est un week-end mi-figue, mi-raisin, qui nous attend du c\u00f4t\u00e9 de la m\u00e9t\u00e9o <a href=\"https:\/\/actu.fr\/toulouse\/\" target=\"_blank\" rel=\"noopener\">\u00e0 Toulouse<\/a> et en Occitanie. Si la grisaille pourrait bien s\u2019installer ce samedi 13 septembre 2025, le soleil devrait \u00eatre de retour dimanche, ainsi que la chaleur. Dans certaines villes, le mercure atteindra m\u00eame<strong> les 30\u00b0C<\/strong> ! Le point sur les pr\u00e9visions de M\u00e9t\u00e9o-France.<\/p>\n<p>Les pr\u00e9visions \u00e0 Toulouse\u2026<\/p>\n<p class=\" wall-content\">Il faudra s\u2019attendre \u00e0 un d\u00e9but de week-end un peu gris dans la Ville rose. <strong>Le ciel sera bien couvert<\/strong> tout au long de la journ\u00e9e et les temp\u00e9ratures encore fra\u00eeches. Il fera seulement <strong>16\u00b0C au lever du jour, puis 24\u00b0C dans l\u2019apr\u00e8s-midi<\/strong>.<\/p>\n<p>    <img   decoding=\"async\" loading=\"lazy\" src=\"https:\/\/www.europesays.com\/fr\/wp-content\/uploads\/2025\/09\/meteo-toulouse-samedi-gris-960x640.png\" alt=\"Les pr\u00e9visions \u00e0 Toulouse pour ce samedi 13 septembre 2025.\" width=\"960\" height=\"640\"\/><br \/>\n    Les pr\u00e9visions \u00e0 Toulouse pour ce samedi 13 septembre 2025. (\u00a9Capture d\u2019\u00e9cran \/ M\u00e9t\u00e9o-France)<\/p>\n<p class=\" wall-content\">Mais les habitants devraient rapidement retrouver le sourire, car<strong> le soleil sera de retour<\/strong> le lendemain, dimanche, avec des \u00e9claircies annonc\u00e9es pour toute la journ\u00e9e. De plus, on pourra profiter d\u2019un peu de chaleur. S\u2019il fera seulement <strong>16\u00b0C au lever du jour<\/strong>, le mercure montera \u00e0 <strong>27\u00b0C dans l\u2019apr\u00e8s-midi<\/strong>.<\/p>\n<p>    <img   decoding=\"async\" loading=\"lazy\" src=\"https:\/\/www.europesays.com\/fr\/wp-content\/uploads\/2025\/09\/meteo-dimanche-toulouse-soleil-960x640.png\" alt=\"Les pr\u00e9visions \u00e0 Toulouse pour ce dimanche 14 septembre 2025.\" width=\"960\" height=\"640\"\/><br \/>\n    Les pr\u00e9visions \u00e0 Toulouse pour ce dimanche 14 septembre 2025. (\u00a9Capture d\u2019\u00e9cran \/ M\u00e9t\u00e9o-France)Vid\u00e9os : en ce moment sur Actu\u2026et en Occitanie<\/p>\n<p class=\" wall-content\">Ailleurs en Occitanie, la m\u00eame tendance se dessine. <strong>Les nuages vont s\u2019installer<\/strong> tout au long de la journ\u00e9e de samedi. Le matin, <strong>quelques gouttes de pluie<\/strong> pourraient tomber sur la partie nord de la r\u00e9gion.<\/p>\n<p class=\" wall-content\">Du c\u00f4t\u00e9 des temp\u00e9ratures, on devrait fr\u00f4ler sans jamais d\u00e9passer les 25\u00b0C pour les maximales. Il fera<strong> 25\u00b0C \u00e0 Carcassonne, 24\u00b0C \u00e0 Cahors, 23\u00b0C \u00e0 Saint-Affrique et Auch ou encore 20\u00b0C \u00e0 Rodez<\/strong>.<\/p>\n<p>Votre r\u00e9gion, votre actu !<\/p>\n<p>Recevez chaque jour les infos qui comptent pour vous.<\/p>\n<p>\t<a href=\"https:\/\/actu.fr\/newsletter\" class=\"ac-btn ac-btn--corner ac-btn--medium ac-btn--blue800\" target=\"_blank\" rel=\"noopener\">S&rsquo;incrire<\/a><\/p>\n<p>    <img   decoding=\"async\" loading=\"lazy\" src=\"https:\/\/www.europesays.com\/fr\/wp-content\/uploads\/2025\/09\/meteo-occitanie-samedi-gris-960x640.png\" alt=\"Les pr\u00e9visions en Occitanie pour ce samedi 13 septembre 2025.\" width=\"960\" height=\"640\"\/><br \/>\n    Les pr\u00e9visions en Occitanie pour ce samedi 13 septembre 2025. (\u00a9Capture d\u2019\u00e9cran \/ M\u00e9t\u00e9o-France)<\/p>\n<p class=\" wall-content\">Pour dimanche, en revanche, M\u00e9t\u00e9o-France affiche <strong>du soleil partout<\/strong> dans la r\u00e9gion, en particulier dans l\u2019apr\u00e8s-midi. Les temp\u00e9ratures sont \u00e9galement en hausse, avec<strong> jusqu\u2019\u00e0 30\u00b0C<\/strong> sur la fa\u00e7ade m\u00e9diterran\u00e9enne. Ailleurs, <strong>il fera aussi 27\u00b0C \u00e0 Auch et \u00e0 Castres, 25\u00b0C \u00e0 Foix ou encore 22\u00b0C \u00e0 Rodez<\/strong>.<\/p>\n<p>    <img   decoding=\"async\" loading=\"lazy\" src=\"https:\/\/www.europesays.com\/fr\/wp-content\/uploads\/2025\/09\/occitanie-meteo-dimanche-soleil-960x640.png\" alt=\"Les pr\u00e9visions en Occitanie pour ce dimanche 14 septembre 2025.\" width=\"960\" height=\"640\"\/><br \/>\n    Les pr\u00e9visions en Occitanie pour ce dimanche 14 septembre 2025. (\u00a9Capture d\u2019\u00e9cran \/ M\u00e9t\u00e9o-France)<\/p>\n<p class=\" wall-content\">Personnalisez votre actualit\u00e9 en ajoutant vos villes et m\u00e9dias en favori avec <a href=\"https:\/\/moncompte.actu.fr\" title=\"D\u00e9couvez Mon Actu\" rel=\"nofollow noopener\" data-trk=\"{&quot;cta&quot;:{&quot;action&quot;:&quot;https:\\\/\\\/moncompte.actu.fr&quot;,&quot;category&quot;:&quot;mon compte&quot;,&quot;from&quot;:&quot;article footer&quot;,&quot;name&quot;:&quot;Mon actu&quot;,&quot;type&quot;:&quot;cta&quot;}}\" target=\"_blank\">Mon Actu<\/a>.<\/p>\n","protected":false},"excerpt":{"rendered":"Par Marie Lamarque Publi\u00e9 le 13 sept. 2025 \u00e0 5h36 C\u2019est un week-end mi-figue, mi-raisin, qui nous attend&hellip;\n","protected":false},"author":2,"featured_media":386952,"comment_status":"","ping_status":"","sticky":false,"template":"","format":"standard","meta":{"footnotes":""},"categories":[2816],"tags":[1111,11,1777,674,1011,27,2487,2357,12,2680,25,2312],"class_list":{"0":"post-386951","1":"post","2":"type-post","3":"status-publish","4":"format-standard","5":"has-post-thumbnail","7":"category-toulouse","8":"tag-actu","9":"tag-actualites","10":"tag-eu","11":"tag-europe","12":"tag-fr","13":"tag-france","14":"tag-meteo","15":"tag-meteo-france","16":"tag-news","17":"tag-occitanie","18":"tag-republique-francaise","19":"tag-toulouse"},"share_on_mastodon":{"url":"https:\/\/pubeurope.com\/@fr\/115195046122247283","error":""},"_links":{"self":[{"href":"https:\/\/www.europesays.com\/fr\/wp-json\/wp\/v2\/posts\/386951","targetHints":{"allow":["GET"]}}],"collection":[{"href":"https:\/\/www.europesays.com\/fr\/wp-json\/wp\/v2\/posts"}],"about":[{"href":"https:\/\/www.europesays.com\/fr\/wp-json\/wp\/v2\/types\/post"}],"author":[{"embeddable":true,"href":"https:\/\/www.europesays.com\/fr\/wp-json\/wp\/v2\/users\/2"}],"replies":[{"embeddable":true,"href":"https:\/\/www.europesays.com\/fr\/wp-json\/wp\/v2\/comments?post=386951"}],"version-history":[{"count":0,"href":"https:\/\/www.europesays.com\/fr\/wp-json\/wp\/v2\/posts\/386951\/revisions"}],"wp:featuredmedia":[{"embeddable":true,"href":"https:\/\/www.europesays.com\/fr\/wp-json\/wp\/v2\/media\/386952"}],"wp:attachment":[{"href":"https:\/\/www.europesays.com\/fr\/wp-json\/wp\/v2\/media?parent=386951"}],"wp:term":[{"taxonomy":"category","embeddable":true,"href":"https:\/\/www.europesays.com\/fr\/wp-json\/wp\/v2\/categories?post=386951"},{"taxonomy":"post_tag","embeddable":true,"href":"https:\/\/www.europesays.com\/fr\/wp-json\/wp\/v2\/tags?post=386951"}],"curies":[{"name":"wp","href":"https:\/\/api.w.org\/{rel}","templated":true}]}}