{"id":386953,"date":"2025-09-13T04:14:15","date_gmt":"2025-09-13T04:14:15","guid":{"rendered":"https:\/\/www.europesays.com\/fr\/386953\/"},"modified":"2025-09-13T04:14:15","modified_gmt":"2025-09-13T04:14:15","slug":"toulouse-coup-de-jeune-pour-la-caserne-de-lougnon","status":"publish","type":"post","link":"https:\/\/www.europesays.com\/fr\/386953\/","title":{"rendered":"TOULOUSE : Coup de jeune pour la caserne de Lougnon"},"content":{"rendered":"<p style=\"text-align: left;\"><strong>Apr\u00e8s pr\u00e8s de deux ans de travaux, la nouvelle caserne de Lougnon a \u00e9t\u00e9 officiellement inaugur\u00e9e le 9 septembre 2025, en pr\u00e9sence de S\u00e9bastien Vincini, pr\u00e9sident du Conseil d\u00e9partemental.<\/strong><\/p>\n<p style=\"text-align: left;\">Le b\u00e2timent construit en 1938 a \u00e9t\u00e9 int\u00e9gralement r\u00e9nov\u00e9. Avec 60 millions d\u2019euros accord\u00e9s par an, le D\u00e9partement reste le premier financeur des pompiers de la Haute-Garonne.<\/p>\n<p style=\"text-align: left;\">C\u2019est la caserne la plus ancienne de Toulouse et la plus importante de Haute-Garonne en termes d\u2019effectifs avec plus de 8000 interventions par an. Construite en 1938, le centre de secours de Toulouse Lougnon, situ\u00e9 derri\u00e8re le Port-Saint-Sauveur, n\u2019avait quasiment pas \u00e9volu\u00e9 en 85 ans d\u2019activit\u00e9s. C\u2019est donc peu dire que sa r\u00e9novation, dont le co\u00fbt avoisine les 6,5 millions d\u2019euros, \u00e9tait tr\u00e8s attendue par ses 148 membres (sapeurs professionnels, volontaires, jeunes pompiers et personnels administratifs). Durant les pr\u00e8s de deux ans de travaux, les pompiers de Lougnon ont continu\u00e9 d\u2019exercer leurs missions dans un secteur correspondant \u00e0 l\u2019hyper-centre de Toulouse, intra-boulevards, depuis la caserne Vion qui a \u00e9t\u00e9 ferm\u00e9e.<\/p>\n<p style=\"text-align: left;\"><strong>Caract\u00e8re historique<\/strong><\/p>\n<p style=\"text-align: left;\">C\u2019est en juillet dernier qu\u2019ils ont rejoint leur b\u00e2timent d\u2019origine. D\u2019ext\u00e9rieur, rien ne change mais l\u2019int\u00e9rieur a \u00e9t\u00e9 enti\u00e8rement r\u00e9nov\u00e9 pour la plus grande satisfaction des pompiers. \u00ab Sans perdre le caract\u00e8re historique du b\u00e2timent, nous avons gagn\u00e9 en efficacit\u00e9 avec des espaces agrandis ce qui facilite nos interventions. Mais aussi en confort notamment dans les espaces communs comme la salle de restauration, les logements de fonction qui ont \u00e9t\u00e9 refaits \u00e0 neuf ou les vestiaires. Une extension a \u00e9t\u00e9 cr\u00e9\u00e9e pour servir de stockage, ce qui a permis de lib\u00e9rer de l\u2019espace dans le b\u00e2timent principal. L\u2019espace sportif \u00e9tait auparavant en sous-sol, aujourd\u2019hui il est ouvert vers l\u2019ext\u00e9rieur, ce qui est bien plus agr\u00e9able \u00bb, d\u00e9taille Olivier Dufaur, commandant de la caserne depuis 2022.<\/p>\n<p style=\"text-align: left;\"><strong>R\u00e9organisation op\u00e9rationnelle<\/strong><\/p>\n<p style=\"text-align: left;\">La remise en service du centre de secours de Toulouse Lougnon parach\u00e8ve ainsi la r\u00e9organisation op\u00e9rationnelle lanc\u00e9e en 2018 sur l\u2019agglom\u00e9ration toulousaine. Avec les casernes de Lougnon, Carsalade, Delrieu, Atlanta et Aussonne, Toulouse dispose dor\u00e9navant de cinq casernes modernes et d\u2019une couverture op\u00e9rationnelle d\u2019une grande efficacit\u00e9.<\/p>\n<p style=\"text-align: left;\">En 2025, pour donner les moyens d\u2019agir aux 2 400 sapeurs-pompiers du territoire et pour r\u00e9pondre \u00e0 la constante hausse d\u00e9mographique de la Haute-Garonne, le Conseil d\u00e9partemental continue de soutenir le SDIS 31 \u00e0 hauteur de plus de 60 millions d\u2019euros, ce qui repr\u00e9sente 66 % de son budget, preuve de son engagement confirm\u00e9 aux c\u00f4t\u00e9s des pompiers de Haute-Garonne. 2 millions d\u2019investissement sont aussi pr\u00e9vus. Cet effort permet d\u2019ouvrir une \u00e0 deux casernes par an. D\u2019ici \u00e0 2027, 12 op\u00e9rations sont pr\u00e9vues, dont 9 nouveaux sites, pour un montant d\u2019investissement de 25 millions d\u2019euros.<\/p>\n<p style=\"text-align: left;\"><strong>Le saviez-vous ?<\/strong><\/p>\n<p style=\"text-align: left;\">Outre les deux principaux volets d\u2019intervention que sont le secours \u00e0 la personne et les incendies urbains, les pompiers de Toulouse-Lougnon, proches du canal du Midi, sont aussi les r\u00e9f\u00e9rents, pour la Haute-Garonne, du secours nautique. Pour mener \u00e0 bien ces missions, ils disposent d\u2019un v\u00e9hicule de secours adapt\u00e9 ainsi qu\u2019un zodiaque.<\/p>\n<p style=\"text-align: left;\"><strong>SOURCE : Conseil d\u00e9partemental de la Haute-Garonne.<\/strong><\/p>\n","protected":false},"excerpt":{"rendered":"Apr\u00e8s pr\u00e8s de deux ans de travaux, la nouvelle caserne de Lougnon a \u00e9t\u00e9 officiellement inaugur\u00e9e le 9&hellip;\n","protected":false},"author":2,"featured_media":386954,"comment_status":"","ping_status":"","sticky":false,"template":"","format":"standard","meta":{"footnotes":""},"categories":[2816],"tags":[1111,11,1777,674,1011,27,12,2680,25,2312],"class_list":{"0":"post-386953","1":"post","2":"type-post","3":"status-publish","4":"format-standard","5":"has-post-thumbnail","7":"category-toulouse","8":"tag-actu","9":"tag-actualites","10":"tag-eu","11":"tag-europe","12":"tag-fr","13":"tag-france","14":"tag-news","15":"tag-occitanie","16":"tag-republique-francaise","17":"tag-toulouse"},"share_on_mastodon":{"url":"https:\/\/pubeurope.com\/@fr\/115195049593012029","error":""},"_links":{"self":[{"href":"https:\/\/www.europesays.com\/fr\/wp-json\/wp\/v2\/posts\/386953","targetHints":{"allow":["GET"]}}],"collection":[{"href":"https:\/\/www.europesays.com\/fr\/wp-json\/wp\/v2\/posts"}],"about":[{"href":"https:\/\/www.europesays.com\/fr\/wp-json\/wp\/v2\/types\/post"}],"author":[{"embeddable":true,"href":"https:\/\/www.europesays.com\/fr\/wp-json\/wp\/v2\/users\/2"}],"replies":[{"embeddable":true,"href":"https:\/\/www.europesays.com\/fr\/wp-json\/wp\/v2\/comments?post=386953"}],"version-history":[{"count":0,"href":"https:\/\/www.europesays.com\/fr\/wp-json\/wp\/v2\/posts\/386953\/revisions"}],"wp:featuredmedia":[{"embeddable":true,"href":"https:\/\/www.europesays.com\/fr\/wp-json\/wp\/v2\/media\/386954"}],"wp:attachment":[{"href":"https:\/\/www.europesays.com\/fr\/wp-json\/wp\/v2\/media?parent=386953"}],"wp:term":[{"taxonomy":"category","embeddable":true,"href":"https:\/\/www.europesays.com\/fr\/wp-json\/wp\/v2\/categories?post=386953"},{"taxonomy":"post_tag","embeddable":true,"href":"https:\/\/www.europesays.com\/fr\/wp-json\/wp\/v2\/tags?post=386953"}],"curies":[{"name":"wp","href":"https:\/\/api.w.org\/{rel}","templated":true}]}}