{"id":386955,"date":"2025-09-13T04:16:29","date_gmt":"2025-09-13T04:16:29","guid":{"rendered":"https:\/\/www.europesays.com\/fr\/386955\/"},"modified":"2025-09-13T04:16:29","modified_gmt":"2025-09-13T04:16:29","slug":"un-incendie-dans-linternat-du-college-miriam-makeba-de-lille-les-eleves-evacues","status":"publish","type":"post","link":"https:\/\/www.europesays.com\/fr\/386955\/","title":{"rendered":"Un incendie dans l\u2019internat du coll\u00e8ge Miriam Makeba de Lille, les \u00e9l\u00e8ves \u00e9vacu\u00e9s"},"content":{"rendered":"<p>Les \u00e9l\u00e8ves et le personnel du coll\u00e8ge Miriam Makeba de Lille ont \u00e9t\u00e9 \u00e9vacu\u00e9s et mis \u00e0 l&rsquo;abri ce vendredi matin. L&rsquo;\u00e9tablissement scolaire restera ferm\u00e9 toute la journ\u00e9e.<\/p>\n<p><strong>Un incendie s&rsquo;est d\u00e9clar\u00e9<\/strong>\u00a0dans l\u2019internat du coll\u00e8ge Miriam Makeba de Lille ce vendredi 12 septembre 2025.\u00a0Le feu a d\u00e9marr\u00e9 du c\u00f4t\u00e9 de la cour de l&rsquo;\u00e9tablissement scolaire sur la fa\u00e7ade ext\u00e9rieure du b\u00e2timent, qui abrite l&rsquo;internat o\u00f9 dorment les \u00e9l\u00e8ves, vers 4h du matin. Pour l&rsquo;instant, la cause de l&rsquo;incendie n&rsquo;est pas connue.<\/p>\n<p>43 coll\u00e9giens et le personnel de l&rsquo;internat ont \u00e9t\u00e9 \u00e9vacu\u00e9s\u00a0par la soixantaine de sapeurs-pompiers mobilis\u00e9s ce matin.\u00a0<strong>Ils sont tous sains et saufs<\/strong> et ont \u00e9t\u00e9 mis \u00e0 l\u2019abri dans une salle municipale.\u00a0<strong>Le coll\u00e8ge restera ferm\u00e9<\/strong> toute la journ\u00e9e, l&rsquo;ensemble des parents des 500 \u00e9l\u00e8ves de l&rsquo;\u00e9tablissement ont d\u00e9j\u00e0 \u00e9t\u00e9 pr\u00e9venus.<\/p>\n<p>Une r\u00e9union entre le rectorat et le d\u00e9partement doit se tenir ce vendredi matin pour d\u00e9cider de l&rsquo;endroit o\u00f9 placer les \u00e9l\u00e8ves de l&rsquo;internat la semaine prochaine et savoir si le coll\u00e8ge peut rouvrir ses portes ce lundi 15 septembre.<\/p>\n<p> <img loading=\"lazy\" decoding=\"async\" class=\"VisualPreview svelte-1rldrkz\" src=\"data:image\/jpeg;base64,\/9j\/2wBDACgcHiMeGSgjISMtKygwPGRBPDc3PHtYXUlkkYCZlo+AjIqgtObDoKrarYqMyP\/L2u71\/\/\/\/m8H\/\/\/\/6\/+b9\/\/j\/2wBDASstLTw1PHZBQXb4pYyl+Pj4+Pj4+Pj4+Pj4+Pj4+Pj4+Pj4+Pj4+Pj4+Pj4+Pj4+Pj4+Pj4+Pj4+Pj4+Pj4+Pj\/wAARCAAfACoDASIAAhEBAxEB\/8QAFgABAQEAAAAAAAAAAAAAAAAAAgMB\/8QAFxABAQEBAAAAAAAAAAAAAAAAAAECEf\/EABcBAQEBAQAAAAAAAAAAAAAAAAEAAgP\/xAAWEQEBAQAAAAAAAAAAAAAAAAAAARH\/2gAMAwEAAhEDEQA\/AKYVzUoXQlbpPWhugukcbdD0bR6G5FmjK0ubKFp1PQI2j1tEta\/\/2Q==\" alt=\"Une soixantaine de pompiers mobilis\u00e9s au coll\u00e8ge Miriam Makeba touch\u00e9 par un incendie\" width=\"600\" height=\"450\"\/>  Une soixantaine de pompiers mobilis\u00e9s au coll\u00e8ge Miriam Makeba touch\u00e9 par un incendie \u00a9 Radio France &#8211; St\u00e9phane Barbereau<\/p>\n","protected":false},"excerpt":{"rendered":"Les \u00e9l\u00e8ves et le personnel du coll\u00e8ge Miriam Makeba de Lille ont \u00e9t\u00e9 \u00e9vacu\u00e9s et mis \u00e0 l&rsquo;abri&hellip;\n","protected":false},"author":2,"featured_media":386956,"comment_status":"","ping_status":"","sticky":false,"template":"","format":"standard","meta":{"footnotes":""},"categories":[2815],"tags":[1111,11,1777,674,1011,27,811,1307,12,25],"class_list":{"0":"post-386955","1":"post","2":"type-post","3":"status-publish","4":"format-standard","5":"has-post-thumbnail","7":"category-lille","8":"tag-actu","9":"tag-actualites","10":"tag-eu","11":"tag-europe","12":"tag-fr","13":"tag-france","14":"tag-hauts-de-france","15":"tag-lille","16":"tag-news","17":"tag-republique-francaise"},"share_on_mastodon":{"url":"https:\/\/pubeurope.com\/@fr\/115195057494749494","error":""},"_links":{"self":[{"href":"https:\/\/www.europesays.com\/fr\/wp-json\/wp\/v2\/posts\/386955","targetHints":{"allow":["GET"]}}],"collection":[{"href":"https:\/\/www.europesays.com\/fr\/wp-json\/wp\/v2\/posts"}],"about":[{"href":"https:\/\/www.europesays.com\/fr\/wp-json\/wp\/v2\/types\/post"}],"author":[{"embeddable":true,"href":"https:\/\/www.europesays.com\/fr\/wp-json\/wp\/v2\/users\/2"}],"replies":[{"embeddable":true,"href":"https:\/\/www.europesays.com\/fr\/wp-json\/wp\/v2\/comments?post=386955"}],"version-history":[{"count":0,"href":"https:\/\/www.europesays.com\/fr\/wp-json\/wp\/v2\/posts\/386955\/revisions"}],"wp:featuredmedia":[{"embeddable":true,"href":"https:\/\/www.europesays.com\/fr\/wp-json\/wp\/v2\/media\/386956"}],"wp:attachment":[{"href":"https:\/\/www.europesays.com\/fr\/wp-json\/wp\/v2\/media?parent=386955"}],"wp:term":[{"taxonomy":"category","embeddable":true,"href":"https:\/\/www.europesays.com\/fr\/wp-json\/wp\/v2\/categories?post=386955"},{"taxonomy":"post_tag","embeddable":true,"href":"https:\/\/www.europesays.com\/fr\/wp-json\/wp\/v2\/tags?post=386955"}],"curies":[{"name":"wp","href":"https:\/\/api.w.org\/{rel}","templated":true}]}}