{"id":386959,"date":"2025-09-13T04:18:10","date_gmt":"2025-09-13T04:18:10","guid":{"rendered":"https:\/\/www.europesays.com\/fr\/386959\/"},"modified":"2025-09-13T04:18:10","modified_gmt":"2025-09-13T04:18:10","slug":"marseille-ce-concert-de-jul-bientot-diffuse-au-cinema-comment-avoir-ses-places","status":"publish","type":"post","link":"https:\/\/www.europesays.com\/fr\/386959\/","title":{"rendered":"Marseille. Ce concert de Jul bient\u00f4t diffus\u00e9 au cin\u00e9ma, comment avoir ses places\u00a0?"},"content":{"rendered":"<p>            Par<br \/>\n        <strong><br \/>\n            <a href=\"https:\/\/actu.fr\/auteur\/thibault-nadal-actu-fr\" title=\"Consulter tous les articles de Thibault Nadal\" rel=\"nofollow noopener\" target=\"_blank\">Thibault Nadal<\/a><br \/>\n        <\/strong><\/p>\n<p>        Publi\u00e9 le<\/p>\n<p>            13 sept. 2025 \u00e0 6h04        <\/p>\n<p><a href=\"https:\/\/actu.fr\/tag\/jul\" rel=\"nofollow noopener\" target=\"_blank\">Jul<\/a> se diversifie. <strong>Plus gros vendeur de disque depuis Johnny Hallyday<\/strong>, le rappeur marseillais va tester sa popularit\u00e9 au <a href=\"https:\/\/actu.fr\/cinema\" rel=\"nofollow noopener\" target=\"_blank\">cin\u00e9ma<\/a>. Il y a plusieurs jours, il avait annonc\u00e9 que son concert au Stade de France le 26\u00a0avril dernier allait \u00eatre diffus\u00e9 sur grands \u00e9crans.<\/p>\n<p class=\" wall-content\">Ce vendredi 12\u00a0septembre 2025, Jul a pr\u00e9cis\u00e9 les modalit\u00e9s et les cin\u00e9mas partenaires.<\/p>\n<p class=\" wall-content\">Voici tout ce qu\u2019il faut savoir.<\/p>\n<p>\u00ab\u2009Un cadeau\u2009\u00bb \u00e0 ses fans<\/p>\n<p class=\" wall-content\">Il y a moins de six mois, le chanteur enflammait l\u2019enceinte de r\u00e9gion parisienne avant de livrer <a href=\"https:\/\/actu.fr\/provence-alpes-cote-d-azur\/marseille_13055\/marseille-jul-met-le-feu-au-velodrome-et-bat-un-nouveau-record-merci-la-zone_62682842.html\" rel=\"nofollow noopener\" target=\"_blank\">deux concerts m\u00e9morables<\/a> au <a href=\"https:\/\/actu.fr\/tag\/stade-velodrome\" rel=\"nofollow noopener\" target=\"_blank\">stade V\u00e9lodrome<\/a> \u00e0 <a href=\"https:\/\/actu.fr\/marseille\/\" rel=\"nofollow noopener\" target=\"_blank\">Marseille<\/a> (8e).<\/p>\n<p class=\" wall-content\">Mais de tr\u00e8s (tr\u00e8s) nombreuses personnes <strong>n\u2019ont pas eu la chance d\u2019assister \u00e0 ces moments rares<\/strong>. Alors Jul a d\u00e9cid\u00e9 de faire un cadeau \u00ab\u2009\u00e0 sa team\u2009\u00bb en diffusant son concert parisien au cin\u00e9ma. \u00ab\u2009\u00c7a va fissurer les cin\u00e9s\u2009\u00bb, promet le rappeur.<\/p>\n<p class=\" wall-content\"><a href=\"https:\/\/www.instagram.com\/p\/DOaxUK4DMFW\/embed\" title=\"Ouvrir le lien sur Instagram\" rel=\"nofollow noopener\" target=\"_blank\">Visualiser le contenu sur Instagram<\/a><\/p>\n<p>Trois jours de projection<\/p>\n<p class=\" wall-content\">Les projections auront lieu dans toute la France et m\u00eame en Suisse et au Luxembourg. Trois jours ont \u00e9t\u00e9 retenus par les \u00e9quipes du rappeur\u2009: <strong>jeudi 30\u00a0octobre et vendredi\u00a01er et samedi 2\u00a0novembre<\/strong>.<\/p>\n<p class=\" wall-content\">\u00c0 Marseille et dans les Bouches-du-Rh\u00f4ne, la diffusion promet de se transformer en petit showcase.<\/p>\n<p>Votre r\u00e9gion, votre actu !<\/p>\n<p>Recevez chaque jour les infos qui comptent pour vous.<\/p>\n<p>\t<a href=\"https:\/\/actu.fr\/newsletter\" class=\"ac-btn ac-btn--corner ac-btn--medium ac-btn--blue800\" rel=\"nofollow noopener\" target=\"_blank\">S&rsquo;incrire<\/a><\/p>\n<p class=\" wall-content\"><strong>Voici la liste des cin\u00e9mas partenaires<\/strong>\u2009:<\/p>\n<ul class=\" wall-content\">\n<li>Path\u00e9 La Joliette (2e),<\/li>\n<li>Path\u00e9 Madeleine (4e),<\/li>\n<li>Les 3 Palmes (11e),<\/li>\n<li>Path\u00e9 Marseille Plan-de-Campagne aux Pennes-Mirabeau,<\/li>\n<li>CGR Vitrolles,<\/li>\n<li>CGR Le Spot La Ciotat,<\/li>\n<li>Le C\u00e9zanne \u00e0 Aix-en-Provence,<\/li>\n<li>Mutliplexe Le Palace \u00e0 Martigues,<\/li>\n<li>Cin\u00e9planet \u00e0 Salon-de-Provence.<\/li>\n<\/ul>\n<p class=\" wall-content\">Chaque jour, les horaires sont diff\u00e9rents. Pour r\u00e9server sa place, il suffit de se rendre <strong>sur le site de Jul<\/strong> <a href=\"https:\/\/www.doretdeplatineshop.com\/fr-fr\/jul-au-cinema\" rel=\"nofollow noopener\" target=\"_blank\">doretdeplatineshop.com<\/a>. <strong>ou directement sur celui du cin\u00e9ma<\/strong> o\u00f9 vous souhaitez vous rendre.<\/p>\n<p class=\" wall-content\"><a href=\"https:\/\/www.instagram.com\/p\/DOf0dfGDBSe\/embed\" title=\"Ouvrir le lien sur Instagram\" rel=\"nofollow noopener\" target=\"_blank\">Visualiser le contenu sur Instagram<\/a><\/p>\n<p class=\" wall-content\">Niveau prix, <strong>la place est affich\u00e9e \u00e0 22\u00a0euros<\/strong> et 16\u00a0euros pour les moins de 14\u00a0ans. Nul doute que les billets devraient rapidement trouver preneurs.<\/p>\n<p class=\" wall-content\">Personnalisez votre actualit\u00e9 en ajoutant vos villes et m\u00e9dias en favori avec <a href=\"https:\/\/moncompte.actu.fr\" title=\"D\u00e9couvez Mon Actu\" rel=\"nofollow noopener\" data-trk=\"{&quot;cta&quot;:{&quot;action&quot;:&quot;https:\\\/\\\/moncompte.actu.fr&quot;,&quot;category&quot;:&quot;mon compte&quot;,&quot;from&quot;:&quot;article footer&quot;,&quot;name&quot;:&quot;Mon actu&quot;,&quot;type&quot;:&quot;cta&quot;}}\" target=\"_blank\">Mon Actu<\/a>.<\/p>\n<p>                    <script async src=\"\/\/www.instagram.com\/embed.js\"><\/script><\/p>\n","protected":false},"excerpt":{"rendered":"Par Thibault Nadal Publi\u00e9 le 13 sept. 2025 \u00e0 6h04 Jul se diversifie. Plus gros vendeur de disque&hellip;\n","protected":false},"author":2,"featured_media":123114,"comment_status":"","ping_status":"","sticky":false,"template":"","format":"standard","meta":{"footnotes":""},"categories":[2814],"tags":[1111,11,650,1697,1777,674,1011,27,1279,1652,884,12,882,25],"class_list":{"0":"post-386959","1":"post","2":"type-post","3":"status-publish","4":"format-standard","5":"has-post-thumbnail","7":"category-marseille","8":"tag-actu","9":"tag-actualites","10":"tag-cinema","11":"tag-concert","12":"tag-eu","13":"tag-europe","14":"tag-fr","15":"tag-france","16":"tag-jul","17":"tag-loisirs-culture","18":"tag-marseille","19":"tag-news","20":"tag-provence-alpes-cote-dazur","21":"tag-republique-francaise"},"share_on_mastodon":{"url":"https:\/\/pubeurope.com\/@fr\/115195065395572322","error":""},"_links":{"self":[{"href":"https:\/\/www.europesays.com\/fr\/wp-json\/wp\/v2\/posts\/386959","targetHints":{"allow":["GET"]}}],"collection":[{"href":"https:\/\/www.europesays.com\/fr\/wp-json\/wp\/v2\/posts"}],"about":[{"href":"https:\/\/www.europesays.com\/fr\/wp-json\/wp\/v2\/types\/post"}],"author":[{"embeddable":true,"href":"https:\/\/www.europesays.com\/fr\/wp-json\/wp\/v2\/users\/2"}],"replies":[{"embeddable":true,"href":"https:\/\/www.europesays.com\/fr\/wp-json\/wp\/v2\/comments?post=386959"}],"version-history":[{"count":0,"href":"https:\/\/www.europesays.com\/fr\/wp-json\/wp\/v2\/posts\/386959\/revisions"}],"wp:featuredmedia":[{"embeddable":true,"href":"https:\/\/www.europesays.com\/fr\/wp-json\/wp\/v2\/media\/123114"}],"wp:attachment":[{"href":"https:\/\/www.europesays.com\/fr\/wp-json\/wp\/v2\/media?parent=386959"}],"wp:term":[{"taxonomy":"category","embeddable":true,"href":"https:\/\/www.europesays.com\/fr\/wp-json\/wp\/v2\/categories?post=386959"},{"taxonomy":"post_tag","embeddable":true,"href":"https:\/\/www.europesays.com\/fr\/wp-json\/wp\/v2\/tags?post=386959"}],"curies":[{"name":"wp","href":"https:\/\/api.w.org\/{rel}","templated":true}]}}