{"id":386960,"date":"2025-09-13T04:19:08","date_gmt":"2025-09-13T04:19:08","guid":{"rendered":"https:\/\/www.europesays.com\/fr\/386960\/"},"modified":"2025-09-13T04:19:08","modified_gmt":"2025-09-13T04:19:08","slug":"pres-de-lyon-mort-suspecte-dun-homme-chez-lui-qui-succombe-a-des-coups-tres-violents","status":"publish","type":"post","link":"https:\/\/www.europesays.com\/fr\/386960\/","title":{"rendered":"Pr\u00e8s de Lyon. Mort suspecte d&rsquo;un homme chez lui qui succombe \u00e0 des coups tr\u00e8s violents"},"content":{"rendered":"<p>            Par<br \/>\n        <strong><br \/>\n            <a href=\"https:\/\/actu.fr\/auteur\/redaction-lyon\" title=\"Consulter tous les articles de R\u00e9daction Lyon\" target=\"_blank\" rel=\"noopener\">R\u00e9daction Lyon<\/a><br \/>\n        <\/strong><\/p>\n<p>        Publi\u00e9 le<\/p>\n<p>            13 sept. 2025 \u00e0 6h04        <\/p>\n<p>Encore une mort violente dans la m\u00e9tropole de <a href=\"https:\/\/actu.fr\/auvergne-rhone-alpes\/lyon_69123\" target=\"_blank\" rel=\"noopener\">Lyon<\/a>, la troisi\u00e8me en une semaine. Un homme de 39 ans a \u00e9t\u00e9 retrouv\u00e9 mort dans un appartement de <a href=\"https:\/\/actu.fr\/auvergne-rhone-alpes\/villeurbanne_69266\" target=\"_blank\" rel=\"noopener\">Villeurbanne<\/a> mardi 9 septembre 2025 rue de France pr\u00e8s du quartier des Gratte-Ciel dans le centre-ville. Des \u00e9l\u00e9ments montrent que le d\u00e9c\u00e8s de la victime est li\u00e9 \u00e0 des coups.<\/p>\n<p class=\" wall-content\">Le parquet de Lyon a ouvert une enqu\u00eate du chef d\u2019homicide volontaire, confi\u00e9e Division de la criminalit\u00e9 territoriale, a appris actu Lyon. Les derni\u00e8res investigations montrent, selon nos confr\u00e8res du <a href=\"https:\/\/c.leprogres.fr\/faits-divers-justice\/2025\/09\/12\/mort-suspecte-a-villeurbanne-la-victime-a-succombe-a-des-coups-violents?at_content=link&amp;at_term=leprogreslyon&amp;at_campaign=Twitter&amp;at_medium=Social&amp;at_source=nonli\" target=\"_blank\" rel=\"noopener\">Progr\u00e8s<\/a>, qu\u2019il s\u2019agirait d\u2019une mort li\u00e9e \u00e0 des coups. Les r\u00e9sultats de l\u2019autopsie r\u00e9sulte de \u00ab\u00a0coups tr\u00e8s violents\u00a0\u00bb.<\/p>\n<p>    <a href=\"https:\/\/www.google.com\/maps\/embed?pb=!1m18!1m12!1m3!1d12645.458679630257!2d4.878141735077659!3d45.76778919097748!2m3!1f0!2f0!3f0!3m2!1i1024!2i768!4f13.1!3m3!1m2!1s0x47f4c0316027f2d5%3A0x717a6746c6b057a7!2sRue%20de%20France%2C%2069100%20Villeurbanne!5e1!3m2!1sfr!2sfr!4v1757710036275!5m2!1sfr!2sfr\" title=\"Ouvrie le lien\" target=\"_blank\" rel=\"noopener\">Cliquez ici pour visualiser le contenu<\/a><\/p>\n<p>Une possible bagarre violente<\/p>\n<p class=\" wall-content\">L\u2019enqu\u00eate a mis les policiers sur la piste d\u2019une rixe dans la nuit de lundi \u00e0 mardi durant laquelle a \u00e9t\u00e9 impliqu\u00e9 cet habitant de Villeurbanne.\u00a0<\/p>\n<p class=\" wall-content\">Les circonstances de la bagarre et celles de la mort du trentenaire ne sont pas encore connues. La police poursuit ses recherches pour identifier le ou les auteurs des coups mortels.<\/p>\n<p class=\" wall-content\">Personnalisez votre actualit\u00e9 en ajoutant vos villes et m\u00e9dias en favori avec <a href=\"https:\/\/moncompte.actu.fr\" title=\"D\u00e9couvez Mon Actu\" rel=\"nofollow noopener\" data-trk=\"{&quot;cta&quot;:{&quot;action&quot;:&quot;https:\\\/\\\/moncompte.actu.fr&quot;,&quot;category&quot;:&quot;mon compte&quot;,&quot;from&quot;:&quot;article footer&quot;,&quot;name&quot;:&quot;Mon actu&quot;,&quot;type&quot;:&quot;cta&quot;}}\" target=\"_blank\">Mon Actu<\/a>.<\/p>\n","protected":false},"excerpt":{"rendered":"Par R\u00e9daction Lyon Publi\u00e9 le 13 sept. 2025 \u00e0 6h04 Encore une mort violente dans la m\u00e9tropole de&hellip;\n","protected":false},"author":2,"featured_media":363779,"comment_status":"","ping_status":"","sticky":false,"template":"","format":"standard","meta":{"footnotes":""},"categories":[1889],"tags":[1111,11,2430,1777,674,118,1011,27,303,2428,777,12,1072,25],"class_list":{"0":"post-386960","1":"post","2":"type-post","3":"status-publish","4":"format-standard","5":"has-post-thumbnail","7":"category-lyon","8":"tag-actu","9":"tag-actualites","10":"tag-auvergne-rhone-alpes","11":"tag-eu","12":"tag-europe","13":"tag-faits-divers","14":"tag-fr","15":"tag-france","16":"tag-justice","17":"tag-lyon","18":"tag-meurtre","19":"tag-news","20":"tag-police","21":"tag-republique-francaise"},"share_on_mastodon":{"url":"https:\/\/pubeurope.com\/@fr\/115195069393132201","error":""},"_links":{"self":[{"href":"https:\/\/www.europesays.com\/fr\/wp-json\/wp\/v2\/posts\/386960","targetHints":{"allow":["GET"]}}],"collection":[{"href":"https:\/\/www.europesays.com\/fr\/wp-json\/wp\/v2\/posts"}],"about":[{"href":"https:\/\/www.europesays.com\/fr\/wp-json\/wp\/v2\/types\/post"}],"author":[{"embeddable":true,"href":"https:\/\/www.europesays.com\/fr\/wp-json\/wp\/v2\/users\/2"}],"replies":[{"embeddable":true,"href":"https:\/\/www.europesays.com\/fr\/wp-json\/wp\/v2\/comments?post=386960"}],"version-history":[{"count":0,"href":"https:\/\/www.europesays.com\/fr\/wp-json\/wp\/v2\/posts\/386960\/revisions"}],"wp:featuredmedia":[{"embeddable":true,"href":"https:\/\/www.europesays.com\/fr\/wp-json\/wp\/v2\/media\/363779"}],"wp:attachment":[{"href":"https:\/\/www.europesays.com\/fr\/wp-json\/wp\/v2\/media?parent=386960"}],"wp:term":[{"taxonomy":"category","embeddable":true,"href":"https:\/\/www.europesays.com\/fr\/wp-json\/wp\/v2\/categories?post=386960"},{"taxonomy":"post_tag","embeddable":true,"href":"https:\/\/www.europesays.com\/fr\/wp-json\/wp\/v2\/tags?post=386960"}],"curies":[{"name":"wp","href":"https:\/\/api.w.org\/{rel}","templated":true}]}}