{"id":386961,"date":"2025-09-13T04:20:10","date_gmt":"2025-09-13T04:20:10","guid":{"rendered":"https:\/\/www.europesays.com\/fr\/386961\/"},"modified":"2025-09-13T04:20:10","modified_gmt":"2025-09-13T04:20:10","slug":"primark-vise-au-moins-un-nouveau-magasin-dans-la-region-de-lyon-encore-de-la-place","status":"publish","type":"post","link":"https:\/\/www.europesays.com\/fr\/386961\/","title":{"rendered":"Primark vise au moins un nouveau magasin dans la r\u00e9gion de Lyon : \u00ab\u00a0Encore de la place\u00a0\u00bb"},"content":{"rendered":"<p>            Par<br \/>\n        <strong><br \/>\n            <a href=\"https:\/\/actu.fr\/auteur\/nicolas-zaugra\" title=\"Consulter tous les articles de Nicolas Zaugra\" rel=\"nofollow noopener\" target=\"_blank\">Nicolas Zaugra<\/a><br \/>\n        <\/strong><\/p>\n<p>        Publi\u00e9 le<\/p>\n<p>            13 sept. 2025 \u00e0 6h10        <\/p>\n<p>Le g\u00e9ant irlandais des v\u00eatements \u00e0 bas co\u00fbt <a href=\"https:\/\/actu.fr\/tag\/primark\" rel=\"nofollow noopener\" target=\"_blank\">Primark<\/a> continue de se d\u00e9velopper en France, et ce, malgr\u00e9 la concurrence effr\u00e9n\u00e9e des plateformes comme Shein ou Temu. Apr\u00e8s une ouverture de son premier magasin \u00e0 Lyon au centre commercial de la Part-Dieu en 2015 puis de son <a href=\"https:\/\/actu.fr\/auvergne-rhone-alpes\/lyon_69123\/primark-double-sa-surface-a-la-part-dieu-on-n-a-rien-a-envier-a-zara-et-h-amp-m_59214426.html\" rel=\"nofollow noopener\" target=\"_blank\">agrandissement de 1 600 m\u00b2<\/a> au premier \u00e9tage de l\u2019aile \u00ab Oxyg\u00e8ne \u00bb en 2023, le distributeur compte bien se d\u00e9velopper dans l\u2019agglom\u00e9ration lyonnaise.<\/p>\n<p class=\" wall-content\">Apr\u00e8s une ouverture \u00e0 <a href=\"https:\/\/actu.fr\/normandie\/mondeville_14437\/mondeville-2-primark-une-ouverture-tres-attendue-dans-ce-centre-commercial-pres-de-caen_62962003.html\" rel=\"nofollow noopener\" target=\"_blank\">Caen<\/a> et \u00e0 <a href=\"https:\/\/actu.fr\/occitanie\/montpellier_34172\/montpellier-primark-c-est-officiellement-ouvert_63137292.html\" rel=\"nofollow noopener\" target=\"_blank\">Montpellier<\/a> en septembre, Primark continue de viser des ouvertures en France.<\/p>\n<p class=\" wall-content\">\u00ab\u00a0Nous sommes \u00e0 moins de la moiti\u00e9 de notre d\u00e9veloppement en France, confie sa directrice g\u00e9n\u00e9rale en France. L\u2019an prochain, nous ouvrirons \u00e0 Annecy et Mont-Saint-Martin, \u00e0 la fronti\u00e8re luxembourgeoise. Et <strong>il y a encore de la place pour d\u2019autres magasins dans les agglom\u00e9rations de Marseille et Lyon<\/strong>, o\u00f9 nous sommes d\u00e9j\u00e0 pr\u00e9sents\u00a0\u00bb, a confi\u00e9 au <a href=\"https:\/\/www.lefigaro.fr\/societes\/les-recettes-de-primark-cet-ovni-qui-refuse-toujours-de-vendre-sur-internet-20250905\" rel=\"nofollow noopener\" target=\"_blank\">Figaro<\/a> Christine Loizy, directrice g\u00e9n\u00e9rale de Primark en France.<\/p>\n<p>En plein centre-ville ou dans un centre commercial ?<\/p>\n<p class=\" wall-content\">Le groupe irlandais, qui compte plus de 400 magasins dans le monde, n\u2019a pas le projet \u00ab pour l\u2019instant \u00bb d\u2019ouvrir un deuxi\u00e8me point de vente \u00e0 Lyon, confiaient des responsables locaux de Primark en 2023, tout en disant que \u00ab rien n\u2019est exclu \u00bb dans les prochaines ann\u00e9es. Mais d\u00e9sormais, Primark confirme des ambitions de d\u00e9veloppement dans l\u2019agglom\u00e9ration.\u00a0<\/p>\n<p class=\" wall-content\">Sans en dire plus pour l\u2019instant sur un futur emplacement \u2013 la communication de l\u2019enseigne est tr\u00e8s verrouill\u00e9e \u2013 plusieurs lieux sont possibles : en plein centre de Lyon, dans le centre commercial Confluence ou dans des centres commerciaux plus p\u00e9riph\u00e9riques comme Carr\u00e9 de Soie \u00e0 Vaulx-en-Velin bien desservi par les transports en commun ou encore Saint-Genis 2.<\/p>\n<p class=\" wall-content\">Dans la r\u00e9gion Auvergne-Rh\u00f4ne-Alpes, Primark a r\u00e9cemment ouvert un point de vente \u00e0 <a href=\"https:\/\/actu.fr\/auvergne-rhone-alpes\/saint-etienne_42218\/primark-le-directeur-espere-que-les-stephanois-iront-moins-a-lyon_57346516.html\" rel=\"nofollow noopener\" target=\"_blank\">Saint-Etienne<\/a> et \u00e0 <a href=\"https:\/\/actu.fr\/auvergne-rhone-alpes\/grenoble_38185\/primark-ouvre-a-grenoble-foule-monstre-a-grand-place-on-a-fait-45-minutes-de-queue_60371498.html\" rel=\"nofollow noopener\" target=\"_blank\">Grenoble<\/a> pour parfaire son maillage.\u00a0<\/p>\n<p class=\" wall-content\">Personnalisez votre actualit\u00e9 en ajoutant vos villes et m\u00e9dias en favori avec <a href=\"https:\/\/moncompte.actu.fr\" title=\"D\u00e9couvez Mon Actu\" rel=\"nofollow noopener\" data-trk=\"{&quot;cta&quot;:{&quot;action&quot;:&quot;https:\\\/\\\/moncompte.actu.fr&quot;,&quot;category&quot;:&quot;mon compte&quot;,&quot;from&quot;:&quot;article footer&quot;,&quot;name&quot;:&quot;Mon actu&quot;,&quot;type&quot;:&quot;cta&quot;}}\" target=\"_blank\">Mon Actu<\/a>.<\/p>\n","protected":false},"excerpt":{"rendered":"Par Nicolas Zaugra Publi\u00e9 le 13 sept. 2025 \u00e0 6h10 Le g\u00e9ant irlandais des v\u00eatements \u00e0 bas co\u00fbt&hellip;\n","protected":false},"author":2,"featured_media":386962,"comment_status":"","ping_status":"","sticky":false,"template":"","format":"standard","meta":{"footnotes":""},"categories":[1889],"tags":[1111,11,2430,215,33,1777,674,1011,27,2428,12,3147,17697,25],"class_list":{"0":"post-386961","1":"post","2":"type-post","3":"status-publish","4":"format-standard","5":"has-post-thumbnail","7":"category-lyon","8":"tag-actu","9":"tag-actualites","10":"tag-auvergne-rhone-alpes","11":"tag-commerce","12":"tag-economie","13":"tag-eu","14":"tag-europe","15":"tag-fr","16":"tag-france","17":"tag-lyon","18":"tag-news","19":"tag-nouveaux-commerces","20":"tag-primark","21":"tag-republique-francaise"},"share_on_mastodon":{"url":"https:\/\/pubeurope.com\/@fr\/115195073262492303","error":""},"_links":{"self":[{"href":"https:\/\/www.europesays.com\/fr\/wp-json\/wp\/v2\/posts\/386961","targetHints":{"allow":["GET"]}}],"collection":[{"href":"https:\/\/www.europesays.com\/fr\/wp-json\/wp\/v2\/posts"}],"about":[{"href":"https:\/\/www.europesays.com\/fr\/wp-json\/wp\/v2\/types\/post"}],"author":[{"embeddable":true,"href":"https:\/\/www.europesays.com\/fr\/wp-json\/wp\/v2\/users\/2"}],"replies":[{"embeddable":true,"href":"https:\/\/www.europesays.com\/fr\/wp-json\/wp\/v2\/comments?post=386961"}],"version-history":[{"count":0,"href":"https:\/\/www.europesays.com\/fr\/wp-json\/wp\/v2\/posts\/386961\/revisions"}],"wp:featuredmedia":[{"embeddable":true,"href":"https:\/\/www.europesays.com\/fr\/wp-json\/wp\/v2\/media\/386962"}],"wp:attachment":[{"href":"https:\/\/www.europesays.com\/fr\/wp-json\/wp\/v2\/media?parent=386961"}],"wp:term":[{"taxonomy":"category","embeddable":true,"href":"https:\/\/www.europesays.com\/fr\/wp-json\/wp\/v2\/categories?post=386961"},{"taxonomy":"post_tag","embeddable":true,"href":"https:\/\/www.europesays.com\/fr\/wp-json\/wp\/v2\/tags?post=386961"}],"curies":[{"name":"wp","href":"https:\/\/api.w.org\/{rel}","templated":true}]}}