{"id":386963,"date":"2025-09-13T04:21:09","date_gmt":"2025-09-13T04:21:09","guid":{"rendered":"https:\/\/www.europesays.com\/fr\/386963\/"},"modified":"2025-09-13T04:21:09","modified_gmt":"2025-09-13T04:21:09","slug":"apres-un-temps-ensoleille-la-meteo-va-changer-du-tout-au-tout-a-paris-et-en-ile-de-france","status":"publish","type":"post","link":"https:\/\/www.europesays.com\/fr\/386963\/","title":{"rendered":"Apr\u00e8s un temps ensoleill\u00e9, la m\u00e9t\u00e9o va changer du tout au tout \u00e0 Paris et en \u00cele-de-France"},"content":{"rendered":"<p>            Par<br \/>\n        <strong><br \/>\n            <a href=\"https:\/\/actu.fr\/auteur\/redaction-paris\" title=\"Consulter tous les articles de R\u00e9daction Paris\" target=\"_blank\" rel=\"noopener\">R\u00e9daction Paris<\/a><br \/>\n        <\/strong><\/p>\n<p>        Publi\u00e9 le<\/p>\n<p>            13 sept. 2025 \u00e0 6h14        <\/p>\n<p>Ce vendredi 12 septembre, la <a href=\"https:\/\/actu.fr\/paris\/meteo\" target=\"_blank\" rel=\"noopener\">m\u00e9t\u00e9o<\/a> \u00e9tait des plus agr\u00e9ables \u00e0 Paris et sur l\u2019ensemble de l\u2019\u00cele-de-France avec une large place laiss\u00e9 au soleil. Une situation qui s\u2019est d\u00e9grad\u00e9e durant la nuit et qui va laisser place \u00e0 un week-end bien maussade selon les pr\u00e9visions de <a href=\"https:\/\/actu.fr\/tag\/meteo-france\" target=\"_blank\" rel=\"noopener\">M\u00e9t\u00e9o France<\/a> qui a plac\u00e9 la r\u00e9gion en vigilance jaune aux <a href=\"https:\/\/actu.fr\/tag\/orages\" target=\"_blank\" rel=\"noopener\">orages<\/a> ce samedi.\u00a0<\/p>\n<p>Des averses orageuses possibles samedi apr\u00e8s-midi<\/p>\n<p class=\" wall-content\">Le week-end s\u2019annonce en effet pluvieux, avec le passage de deux perturbations successives sur le nord du pays samedi et dimanche. Au nord d\u2019un axe allant des Charentes \u00e0 l\u2019Alsace, de timides \u00e9claircies alternent avec de fr\u00e9quents passages nuageux porteurs d\u2019averses. Ces ond\u00e9es sont orageuses en matin\u00e9e du Cotentin aux Flandres puis, l\u2019apr\u00e8s-midi sur l\u2019ensemble de la zone \u00e0 l\u2019exception de la Bretagne.<\/p>\n<p class=\" wall-content\">L\u2019\u00cele-de-France pourrait donc \u00eatre concern\u00e9e tandis que le vent pourrait souffler aux alentours de 50 km\/h. C\u00f4t\u00e9 temp\u00e9ratures, il ne devrait pas faire plus de 18\u00b0C en d\u00e9but d\u2019apr\u00e8s-midi.\u00a0<\/p>\n<p class=\" wall-content\">Dimanche, le temps sera \u00e0 nouveau tr\u00e8s nuageux avec des pluies faibles d\u00e8s le milieu de journ\u00e9e. La hauteur de pr\u00e9cipitations pr\u00e9vue est de 3 millim\u00e8tres dans la capitale. Il ne faudra pas s\u2019attendre \u00e0 plus de 20\u00b0C.\u00a0<\/p>\n<p class=\" wall-content\">Le salut viendra lundi normalement avec l\u2019arriv\u00e9e d\u2019un temps sec et le plus souvent ensoleill\u00e9. On attend alors 21\u00b0C \u00e0 Paris.\u00a0<\/p>\n<p class=\" wall-content\">Personnalisez votre actualit\u00e9 en ajoutant vos villes et m\u00e9dias en favori avec <a href=\"https:\/\/moncompte.actu.fr\" title=\"D\u00e9couvez Mon Actu\" rel=\"nofollow noopener\" data-trk=\"{&quot;cta&quot;:{&quot;action&quot;:&quot;https:\\\/\\\/moncompte.actu.fr&quot;,&quot;category&quot;:&quot;mon compte&quot;,&quot;from&quot;:&quot;article footer&quot;,&quot;name&quot;:&quot;Mon actu&quot;,&quot;type&quot;:&quot;cta&quot;}}\" target=\"_blank\">Mon Actu<\/a>.<\/p>\n","protected":false},"excerpt":{"rendered":"Par R\u00e9daction Paris Publi\u00e9 le 13 sept. 2025 \u00e0 6h14 Ce vendredi 12 septembre, la m\u00e9t\u00e9o \u00e9tait des&hellip;\n","protected":false},"author":2,"featured_media":341090,"comment_status":"","ping_status":"","sticky":false,"template":"","format":"standard","meta":{"footnotes":""},"categories":[1592],"tags":[1111,11,1777,674,1011,27,662,2357,12,4594,626,25,104],"class_list":{"0":"post-386963","1":"post","2":"type-post","3":"status-publish","4":"format-standard","5":"has-post-thumbnail","7":"category-ile-de-france","8":"tag-actu","9":"tag-actualites","10":"tag-eu","11":"tag-europe","12":"tag-fr","13":"tag-france","14":"tag-ile-de-france","15":"tag-meteo-france","16":"tag-news","17":"tag-orages","18":"tag-paris","19":"tag-republique-francaise","20":"tag-societe"},"share_on_mastodon":{"url":"https:\/\/pubeurope.com\/@fr\/115195077163040608","error":""},"_links":{"self":[{"href":"https:\/\/www.europesays.com\/fr\/wp-json\/wp\/v2\/posts\/386963","targetHints":{"allow":["GET"]}}],"collection":[{"href":"https:\/\/www.europesays.com\/fr\/wp-json\/wp\/v2\/posts"}],"about":[{"href":"https:\/\/www.europesays.com\/fr\/wp-json\/wp\/v2\/types\/post"}],"author":[{"embeddable":true,"href":"https:\/\/www.europesays.com\/fr\/wp-json\/wp\/v2\/users\/2"}],"replies":[{"embeddable":true,"href":"https:\/\/www.europesays.com\/fr\/wp-json\/wp\/v2\/comments?post=386963"}],"version-history":[{"count":0,"href":"https:\/\/www.europesays.com\/fr\/wp-json\/wp\/v2\/posts\/386963\/revisions"}],"wp:featuredmedia":[{"embeddable":true,"href":"https:\/\/www.europesays.com\/fr\/wp-json\/wp\/v2\/media\/341090"}],"wp:attachment":[{"href":"https:\/\/www.europesays.com\/fr\/wp-json\/wp\/v2\/media?parent=386963"}],"wp:term":[{"taxonomy":"category","embeddable":true,"href":"https:\/\/www.europesays.com\/fr\/wp-json\/wp\/v2\/categories?post=386963"},{"taxonomy":"post_tag","embeddable":true,"href":"https:\/\/www.europesays.com\/fr\/wp-json\/wp\/v2\/tags?post=386963"}],"curies":[{"name":"wp","href":"https:\/\/api.w.org\/{rel}","templated":true}]}}