{"id":386970,"date":"2025-09-13T04:25:12","date_gmt":"2025-09-13T04:25:12","guid":{"rendered":"https:\/\/www.europesays.com\/fr\/386970\/"},"modified":"2025-09-13T04:25:12","modified_gmt":"2025-09-13T04:25:12","slug":"belleme-levenement-mode-de-la-rentree-a-la-cour","status":"publish","type":"post","link":"https:\/\/www.europesays.com\/fr\/386970\/","title":{"rendered":"Bell\u00eame. L\u2019\u00e9v\u00e9nement mode de la rentr\u00e9e \u00e0 La Cour"},"content":{"rendered":"<p>Cette vente exceptionnelle est organis\u00e9e sous le pr\u00e9au de La Cour et r\u00e9unit les collections de trois amies f\u00e9rues de mode et de design\u00a0: Michelle Lindup, Agathe Buchotte, et Anne Charles, \u00e0 l\u2019origine du projet, qui a install\u00e9 sa boutique Peau d\u2019Anne, dans les typiques \u00e9curies du lieu.<\/p>\n<p>\u00a0L\u2019id\u00e9e est de proposer des pi\u00e8ces chics et intemporelles \u00e0 prix cass\u00e9s.\u00a0 Le stock de Michelle Lindup, qui a longtemps tenu sa boutique, Beija, \u00e0 Paris, comprend des marques comme Bellerose ou American Vintage, mais aussi des foulards cr\u00e9\u00e9s en collaboration avec le mus\u00e9e des Arts d\u00e9coratifs\u00a0: \u00a0Des foulards de grande qualit\u00e9, vendus dans des coffrets de luxe, tr\u00e8s pris\u00e9s par les mannequins et le milieu tr\u00e8s pointu de la mode.\u00a0<\/p>\n<p>Les collections pr\u00e9sent\u00e9es par Agathe Buchotte sont bien connues et appr\u00e9ci\u00e9es des Bell\u00eamois, puisqu\u2019elle occupait jusqu\u2019\u00e0 tout r\u00e9cemment la boutique AB61, place de la R\u00e9publique, petite s\u0153ur d\u2019une autre boutique parisienne AB33,\u00a0rue Charlot. Anne Charles poss\u00e8de aussi un grand nombre de v\u00eatements, de chaussures et autres accessoires, tri\u00e9s sur le volet, de marques prestigieuses, aussi bien pour les femmes que pour les hommes.<\/p>\n<p>Vendredi\u00a03, <strong class=\"date\">samedi\u00a04 et dimanche 5\u00a0octobre,<\/strong> de 10 \u00e0 18\u00a0h, \u00e0 La Cour, 23,\u00a0rue Boucicaut.<\/p>\n<p>\u00a0<\/p>\n","protected":false},"excerpt":{"rendered":"Cette vente exceptionnelle est organis\u00e9e sous le pr\u00e9au de La Cour et r\u00e9unit les collections de trois amies&hellip;\n","protected":false},"author":2,"featured_media":386971,"comment_status":"","ping_status":"","sticky":false,"template":"","format":"standard","meta":{"footnotes":""},"categories":[1888],"tags":[11,14015,51954,8663,1777,674,2087,1011,27,985,12,626,28313,25],"class_list":{"0":"post-386970","1":"post","2":"type-post","3":"status-publish","4":"format-standard","5":"has-post-thumbnail","7":"category-paris","8":"tag-actualites","9":"tag-alencon","10":"tag-belleme","11":"tag-cour","12":"tag-eu","13":"tag-europe","14":"tag-evenement","15":"tag-fr","16":"tag-france","17":"tag-mode","18":"tag-news","19":"tag-paris","20":"tag-rentree","21":"tag-republique-francaise"},"share_on_mastodon":{"url":"https:\/\/pubeurope.com\/@fr\/115195092935940632","error":""},"_links":{"self":[{"href":"https:\/\/www.europesays.com\/fr\/wp-json\/wp\/v2\/posts\/386970","targetHints":{"allow":["GET"]}}],"collection":[{"href":"https:\/\/www.europesays.com\/fr\/wp-json\/wp\/v2\/posts"}],"about":[{"href":"https:\/\/www.europesays.com\/fr\/wp-json\/wp\/v2\/types\/post"}],"author":[{"embeddable":true,"href":"https:\/\/www.europesays.com\/fr\/wp-json\/wp\/v2\/users\/2"}],"replies":[{"embeddable":true,"href":"https:\/\/www.europesays.com\/fr\/wp-json\/wp\/v2\/comments?post=386970"}],"version-history":[{"count":0,"href":"https:\/\/www.europesays.com\/fr\/wp-json\/wp\/v2\/posts\/386970\/revisions"}],"wp:featuredmedia":[{"embeddable":true,"href":"https:\/\/www.europesays.com\/fr\/wp-json\/wp\/v2\/media\/386971"}],"wp:attachment":[{"href":"https:\/\/www.europesays.com\/fr\/wp-json\/wp\/v2\/media?parent=386970"}],"wp:term":[{"taxonomy":"category","embeddable":true,"href":"https:\/\/www.europesays.com\/fr\/wp-json\/wp\/v2\/categories?post=386970"},{"taxonomy":"post_tag","embeddable":true,"href":"https:\/\/www.europesays.com\/fr\/wp-json\/wp\/v2\/tags?post=386970"}],"curies":[{"name":"wp","href":"https:\/\/api.w.org\/{rel}","templated":true}]}}