{"id":386976,"date":"2025-09-13T04:28:12","date_gmt":"2025-09-13T04:28:12","guid":{"rendered":"https:\/\/www.europesays.com\/fr\/386976\/"},"modified":"2025-09-13T04:28:12","modified_gmt":"2025-09-13T04:28:12","slug":"ukraine-une-attaque-russe-fait-trois-morts-dans-la-region-de-soumy-13-09-2025-a-0413","status":"publish","type":"post","link":"https:\/\/www.europesays.com\/fr\/386976\/","title":{"rendered":"Ukraine-Une attaque russe fait trois morts dans la r\u00e9gion de Soumy &#8211; 13\/09\/2025 \u00e0 04:13"},"content":{"rendered":"<p>\n Une attaque russe a fait trois<br \/>\nmorts vendredi dans la r\u00e9gion de Soumy, dans le nord-est de<br \/>\nl&rsquo;Ukraine, a d\u00e9clar\u00e9 le gouverneur r\u00e9gional.\n<\/p>\n<p>\n Oleh Hryhory a d\u00e9clar\u00e9 qu&rsquo;une attaque de drone et de<br \/>\nmissile survenue \u00e0 06h00 (03h00 GMT) avait fait trois morts et<br \/>\ncinq bless\u00e9s \u00e0 Soumy et dans ses environs.\n<\/p>\n<p>\n Le pr\u00e9sident ukrainien Volodimir Zelensky, citant le<br \/>\ncommandant en chef de l&rsquo;arm\u00e9e ukrainienne, le g\u00e9n\u00e9ral Oleksandr<br \/>\nSyrsky, a dit que l&rsquo;op\u00e9ration men\u00e9e par la Russie dans la r\u00e9gion<br \/>\navait \u00e9t\u00e9 \u00ab\u00a0totalement d\u00e9jou\u00e9e par nos forces\u00a0\u00bb.\n<\/p>\n<p>\n \u00ab\u00a0Les combats se poursuivent dans les zones frontali\u00e8res de<br \/>\nla r\u00e9gion de Soumy, mais le groupe (qui se dirigeait) dans la<br \/>\ndirection de Soumy a perdu ses capacit\u00e9s offensives en raison<br \/>\ndes pertes qu&rsquo;il a subies\u00a0\u00bb, a d\u00e9clar\u00e9 Volodimir Zelensky sur<br \/>\nTelegram.\n<\/p>\n<p>\n (Ron Popeski et Oleksandr Kozhukhar; version fran\u00e7aise Camille<br \/>\nRaynaud)<\/p>\n","protected":false},"excerpt":{"rendered":"Une attaque russe a fait trois morts vendredi dans la r\u00e9gion de Soumy, dans le nord-est de l&rsquo;Ukraine,&hellip;\n","protected":false},"author":2,"featured_media":2486,"comment_status":"","ping_status":"","sticky":false,"template":"","format":"standard","meta":{"footnotes":""},"categories":[1590],"tags":[400,11,398,408,405,1777,674,403,402,399,404,12,401,406,220,407],"class_list":{"0":"post-386976","1":"post","2":"type-post","3":"status-publish","4":"format-standard","5":"has-post-thumbnail","7":"category-ukraine","8":"tag-action-cac-40","9":"tag-actualites","10":"tag-bourse-de-paris","11":"tag-boursorama","12":"tag-cotations","13":"tag-eu","14":"tag-europe","15":"tag-indices-devises","16":"tag-investir","17":"tag-investissement","18":"tag-marche-boursier","19":"tag-news","20":"tag-sicav","21":"tag-trackers","22":"tag-ukraine","23":"tag-warrants"},"share_on_mastodon":{"url":"https:\/\/pubeurope.com\/@fr\/115195104722239140","error":""},"_links":{"self":[{"href":"https:\/\/www.europesays.com\/fr\/wp-json\/wp\/v2\/posts\/386976","targetHints":{"allow":["GET"]}}],"collection":[{"href":"https:\/\/www.europesays.com\/fr\/wp-json\/wp\/v2\/posts"}],"about":[{"href":"https:\/\/www.europesays.com\/fr\/wp-json\/wp\/v2\/types\/post"}],"author":[{"embeddable":true,"href":"https:\/\/www.europesays.com\/fr\/wp-json\/wp\/v2\/users\/2"}],"replies":[{"embeddable":true,"href":"https:\/\/www.europesays.com\/fr\/wp-json\/wp\/v2\/comments?post=386976"}],"version-history":[{"count":0,"href":"https:\/\/www.europesays.com\/fr\/wp-json\/wp\/v2\/posts\/386976\/revisions"}],"wp:featuredmedia":[{"embeddable":true,"href":"https:\/\/www.europesays.com\/fr\/wp-json\/wp\/v2\/media\/2486"}],"wp:attachment":[{"href":"https:\/\/www.europesays.com\/fr\/wp-json\/wp\/v2\/media?parent=386976"}],"wp:term":[{"taxonomy":"category","embeddable":true,"href":"https:\/\/www.europesays.com\/fr\/wp-json\/wp\/v2\/categories?post=386976"},{"taxonomy":"post_tag","embeddable":true,"href":"https:\/\/www.europesays.com\/fr\/wp-json\/wp\/v2\/tags?post=386976"}],"curies":[{"name":"wp","href":"https:\/\/api.w.org\/{rel}","templated":true}]}}