{"id":386977,"date":"2025-09-13T04:29:15","date_gmt":"2025-09-13T04:29:15","guid":{"rendered":"https:\/\/www.europesays.com\/fr\/386977\/"},"modified":"2025-09-13T04:29:15","modified_gmt":"2025-09-13T04:29:15","slug":"etats-unis-le-tueur-presume-de-linfluenceur-trumpiste-charlie-kirk-a-ete-arrete-mediapart","status":"publish","type":"post","link":"https:\/\/www.europesays.com\/fr\/386977\/","title":{"rendered":"\u00c9tats-Unis : le tueur pr\u00e9sum\u00e9 de l&#039;influenceur trumpiste Charlie Kirk a \u00e9t\u00e9 arr\u00eat\u00e9 &#8211; Mediapart"},"content":{"rendered":"<ol>\n<li><a href=\"https:\/\/news.google.com\/rss\/articles\/CBMizAFBVV95cUxQcGlWT09TQ1QyOW4xbmhCRElSdGJmTlNSOWc3dFZ2T1NhOURwZzFHaGdkd29iekUtRVhHOVR0bDVpX2E4RDdtTUwwRFRCM1dkbFJHUV9zTlo5b3dtakRlUFRLaGFpT3lQRDF4Wl9vSUFvWHdyZEh0YjZjb0F3RC1vZjlxOS1wRXhGQkVPUDhJRHAzS1NlRlFhbkI5Mm40YXJ3Y1JfVTFycms2NWVQNE9CUl9qU2R1R0pIbkVtQTF5a09nTG84Q2p2cFItYlI?oc=5\" target=\"_blank\" rel=\"noopener\">\u00c9tats-Unis : le tueur pr\u00e9sum\u00e9 de l&rsquo;influenceur trumpiste Charlie Kirk a \u00e9t\u00e9 arr\u00eat\u00e9<\/a>&nbsp;&nbsp;Mediapart<\/li>\n<li><a href=\"https:\/\/news.google.com\/rss\/articles\/CBMi9gFBVV95cUxQRkJ5dDk1RlYybkhCRmtyaFFRODdNR2x2enVQb3Y5RC1CSWNjbU1JMU9sUzhmNDV1LWdhQU9BMUZLcFY5VWw2TlBESUpPQjg0UFVlcUhEU3BMOWlsU2RNZEZra2p0S18yZ2hBZm00Z0w5OG5pQXA3UU1aQWgyRFdJVll5ZWRRaG5acnlFMllHUG95RWt4NU9BOXFNelBhX19CY0l4NEtpeFItUE9seFllQUM0MWl3ZThhRHAyUHlmTUN0SUdGNnJLNGdNR0lPOG90VHRCM1dfbUlER2k0M1NsaEpZeUZHTUtNOEI0RUF3a21lUXFVMFE?oc=5\" target=\"_blank\" rel=\"noopener\">\u00abVous n\u2019avez aucune id\u00e9e du feu que vous avez allum\u00e9\u00bb : les premiers mots d\u2019Erika Lane Frantzve, la veuve de Charlie Kirk<\/a>&nbsp;&nbsp;Le Figaro<\/li>\n<li><a href=\"https:\/\/news.google.com\/rss\/articles\/CBMitgFBVV95cUxOcl8yVjRKZnpHbVQ3ZHlKQVZhakpUWENQY25lOFBvc0VLNUdDNW1nQ0JWeWdFWUJKTGxic29nSnlRamxaSHBCMUpFemFNMXlqT201VG5xd1NYQmNld21SOTllbGRNaGE5bmlzS3czanJnTVBLTmJMWjhHYlEtYVZRYzBqZ0JUZUE4QjEzcEdPem96eFU2TTR5TE1hVVJBcFFoU0RPSzhtTnExbUNKSGQ1OE9VU3FSZw?oc=5\" target=\"_blank\" rel=\"noopener\">\u00ab On l\u2019a eu \u00bb : l\u2019assassin pr\u00e9sum\u00e9 de Charlie Kirk arr\u00eat\u00e9<\/a>&nbsp;&nbsp;La Presse<\/li>\n<li><a href=\"https:\/\/news.google.com\/rss\/articles\/CBMi8wFBVV95cUxNcllsN3hFUGEwSTNUdnZhUlFKZzROdWw2a2puek0zZFIyOWRFVGZKRk5uQS1EUmJkT1RxV0tlNG1zZ3lYcklWdWhZQlZCem5oTHJBSHZhYWhzUXlpb0pXV09Fb2dEalJUZjRTQ09POVI4eVU0cm1sbzBDWXVMaXFWc25qX29heC1MdWlNSFo0Y00wVF9iaTgzOW1JcTFwWUlVTllIdi1fSzZCOEktcUVlaXpfY3ZlQmtIWVZFTHVESjg2VTdqV0t5RXRyYTRlZDFJcnpNcThOTENQVkwyZWc2QnVURU9YOVhwbGJSWklaNlZRMkk?oc=5\" target=\"_blank\" rel=\"noopener\">\u201cTous les responsables d\u00e9mocrates doivent \u00eatre arr\u00eat\u00e9s\u201d : aux \u00c9tats-Unis, la guerre \u00e0 la d\u00e9mocratie est d\u00e9clar\u00e9e<\/a>&nbsp;&nbsp;T\u00e9l\u00e9rama<\/li>\n<li><a href=\"https:\/\/news.google.com\/rss\/articles\/CBMi6AFBVV95cUxQRG9nOWJISk01bkJUcXJLM1loWWZjY0Z2NTVwTzZGLVQtQkt1MFh3bGZQeWo4elpTN25xTHVEekN0ZzBMbGRad2IxQjRhTFFKN1FxVWJRZzJsc1dXZ3RNYzc3bFZZTDJ4TWFVY2hwZUhVMTlVN0VfaFZNSmZtRmstYUhDX3RWQ2dFN3Fvdm5GMGRUOWl4NGxtcHlUREhYekNHUk91YVBoYmx1bEJmWloxM1lNdDNWUDd2a3lsZXhDMXlobGYwSDh1TXE1ZnI0NUk4S1RmTTZ2THhxbFdkYmktczFMRk03MThK?oc=5\" target=\"_blank\" rel=\"noopener\">Famille, affiliation politique, casier judiciaire\u2026 qui est Tyler Robinson, accus\u00e9 d\u2019avoir assassin\u00e9 Charlie Kirk<\/a>&nbsp;&nbsp;Le T\u00e9l\u00e9gramme<\/li>\n<\/ol>\n","protected":false},"excerpt":{"rendered":"\u00c9tats-Unis : le tueur pr\u00e9sum\u00e9 de l&rsquo;influenceur trumpiste Charlie Kirk a \u00e9t\u00e9 arr\u00eat\u00e9&nbsp;&nbsp;Mediapart \u00abVous n\u2019avez aucune id\u00e9e du&hellip;\n","protected":false},"author":2,"featured_media":386978,"comment_status":"","ping_status":"","sticky":false,"template":"","format":"standard","meta":{"footnotes":""},"categories":[1589],"tags":[11,782,51856,75,73,1866,12,1864,1865,1863,308],"class_list":{"0":"post-386977","1":"post","2":"type-post","3":"status-publish","4":"format-standard","5":"has-post-thumbnail","7":"category-etats-unis","8":"tag-actualites","9":"tag-ameriques","10":"tag-charlie-kirk","11":"tag-donald-trump","12":"tag-etats-unis","13":"tag-etats-unis-damerique","14":"tag-news","15":"tag-united-states","16":"tag-united-states-of-america","17":"tag-us","18":"tag-usa"},"share_on_mastodon":{"url":"https:\/\/pubeurope.com\/@fr\/115195108706439300","error":""},"_links":{"self":[{"href":"https:\/\/www.europesays.com\/fr\/wp-json\/wp\/v2\/posts\/386977","targetHints":{"allow":["GET"]}}],"collection":[{"href":"https:\/\/www.europesays.com\/fr\/wp-json\/wp\/v2\/posts"}],"about":[{"href":"https:\/\/www.europesays.com\/fr\/wp-json\/wp\/v2\/types\/post"}],"author":[{"embeddable":true,"href":"https:\/\/www.europesays.com\/fr\/wp-json\/wp\/v2\/users\/2"}],"replies":[{"embeddable":true,"href":"https:\/\/www.europesays.com\/fr\/wp-json\/wp\/v2\/comments?post=386977"}],"version-history":[{"count":0,"href":"https:\/\/www.europesays.com\/fr\/wp-json\/wp\/v2\/posts\/386977\/revisions"}],"wp:featuredmedia":[{"embeddable":true,"href":"https:\/\/www.europesays.com\/fr\/wp-json\/wp\/v2\/media\/386978"}],"wp:attachment":[{"href":"https:\/\/www.europesays.com\/fr\/wp-json\/wp\/v2\/media?parent=386977"}],"wp:term":[{"taxonomy":"category","embeddable":true,"href":"https:\/\/www.europesays.com\/fr\/wp-json\/wp\/v2\/categories?post=386977"},{"taxonomy":"post_tag","embeddable":true,"href":"https:\/\/www.europesays.com\/fr\/wp-json\/wp\/v2\/tags?post=386977"}],"curies":[{"name":"wp","href":"https:\/\/api.w.org\/{rel}","templated":true}]}}