{"id":386981,"date":"2025-09-13T04:31:14","date_gmt":"2025-09-13T04:31:14","guid":{"rendered":"https:\/\/www.europesays.com\/fr\/386981\/"},"modified":"2025-09-13T04:31:14","modified_gmt":"2025-09-13T04:31:14","slug":"allemagne-les-refugies-syriens-ne-se-pressent-pas-pour-rentrer-reconstruire-leur-pays","status":"publish","type":"post","link":"https:\/\/www.europesays.com\/fr\/386981\/","title":{"rendered":"Allemagne. Les \u00ab r\u00e9fugi\u00e9s \u00bb syriens ne se pressent pas pour rentrer reconstruire leur pays"},"content":{"rendered":"<p style=\"text-align: justify;\">Neuf mois apr\u00e8s la fuite de Bachar el-Assad en d\u00e9cembre 2024, les Syriens install\u00e9s en Allemagne restent tr\u00e8s largement ancr\u00e9s dans le pays. Selon le minist\u00e8re f\u00e9d\u00e9ral de l\u2019Int\u00e9rieur cit\u00e9 par le magazine allemand Der Spiegel, 1 867 \u00ab r\u00e9fugi\u00e9s \u00bb syriens seulement ont quitt\u00e9 l\u2019Allemagne pour retourner en Syrie avec l\u2019aide de l\u2019\u00c9tat au 31 ao\u00fbt 2025. \u00c0 titre de comparaison, 17 650 Syriens ont d\u00e9pos\u00e9 une demande d\u2019asile entre janvier et ao\u00fbt 2025, rapportait la cha\u00eene de t\u00e9l\u00e9vision allemande Welt le 7 septembre. <strong>Le contraste est saisissant : les arriv\u00e9es sont huit fois plus nombreuses que les d\u00e9parts.<\/strong><\/p>\n<p><strong>Risques persistants et int\u00e9gration en Allemagne<\/strong><\/p>\n<p style=\"text-align: justify;\">Le registre central des \u00e9trangers (AZR) recensait fin juillet pr\u00e8s de 955 000 ressortissants syriens en Allemagne, soit environ 20 000 de moins qu\u2019au d\u00e9but de l\u2019ann\u00e9e. Cette baisse ne traduit pas un exode massif, mais s\u2019explique surtout par des naturalisations : 83 150 Syriens ont obtenu la nationalit\u00e9 allemande en 2024.<\/p>\n<p style=\"text-align: justify;\">Les retours restent faibles, malgr\u00e9 une l\u00e9g\u00e8re progression : 804 d\u00e9parts aid\u00e9s fin mai, contre 1 867 fin ao\u00fbt. Les ONG soulignent les difficult\u00e9s du retour. Janine Lietmeyer (World Vision Deutschland) d\u00e9crit une \u00ab relative normalit\u00e9 dans le centre de Damas \u00bb mais un contraste violent avec des zones \u00ab o\u00f9 presque toutes les maisons ont \u00e9t\u00e9 d\u00e9truites \u00bb et o\u00f9 les familles se demandent : \u00ab Y a-t-il une \u00e9cole qui fonctionne ? Combien d\u2019heures d\u2019\u00e9lectricit\u00e9 par jour ? Y a-t-il des logements ? \u00bb. Les munitions non explos\u00e9es rendraient aussi la vie quotidienne p\u00e9rilleuse.<\/p>\n<p><strong>La CDU r\u00e9clame un changement de cap<\/strong><\/p>\n<p style=\"text-align: justify;\">Face \u00e0 ces chiffres, la CDU appelle \u00e0 des mesures plus incitatives. Marc Henrichmann, pr\u00e9sident de la commission de contr\u00f4le parlementaire, a d\u00e9clar\u00e9 selon l\u2019hebdomadaire Die Zeit : \u00ab L\u2019incitation \u00e9conomique \u00e0 rester ici ne doit pas \u00eatre plus forte que l\u2019int\u00e9r\u00eat \u00e0 participer \u00e0 la reconstruction du pays. Cela ne doit pas \u00eatre une d\u00e9cision \u00e9conomique \u00bb. Il plaide pour une r\u00e9forme du revenu citoyen, afin d\u2019\u00e9viter que certains r\u00e9fugi\u00e9s reconnus profitent des aides sans travailler.<\/p>\n<p style=\"text-align: justify;\">De son c\u00f4t\u00e9, Alexander Throm, porte-parole de la CDU pour la politique int\u00e9rieure, affirme : \u00ab La raison initiale de leur fuite, \u00e0 savoir le r\u00e9gime de terreur d\u2019Assad, a disparu. Il faut donc s\u2019attendre \u00e0 ce que les citoyens syriens retournent dans leur pays d\u2019origine et participent \u00e0 sa reconstruction \u00bb. L\u2019\u00e9mission politique Panorama (ARD, la t\u00e9l\u00e9vision publique allemande) estime \u00e0 environ 4 000 le nombre total de Syriens rentr\u00e9s depuis d\u00e9cembre 2024.<\/p>\n<p style=\"text-align: justify;\">Au d\u00e9but de cette ann\u00e9e, nous <a href=\"https:\/\/www.breizh-info.com\/2025\/02\/07\/243562\/allemagne-remigration-syriens-retour\/\" rel=\"nofollow noopener\" target=\"_blank\">avions rapport\u00e9<\/a> qu\u2019\u00e0 peine 0,5 % des migrants syriens pr\u00e9sents en Allemagne \u00e9taient int\u00e9ress\u00e9s par les aides au retour.<\/p>\n<p style=\"text-align: justify;\">Cr\u00e9dit photo : Capture YouTube (photo d\u2019illustration)<br \/>[cc] Article relu et corrig\u00e9 par ChatGPT. Breizh-info.com, 2025, d\u00e9p\u00eaches libres de copie et de diffusion sous r\u00e9serve de mention et de lien vers la source d\u2019origine<\/p>\n","protected":false},"excerpt":{"rendered":"Neuf mois apr\u00e8s la fuite de Bachar el-Assad en d\u00e9cembre 2024, les Syriens install\u00e9s en Allemagne restent tr\u00e8s&hellip;\n","protected":false},"author":2,"featured_media":386982,"comment_status":"","ping_status":"","sticky":false,"template":"","format":"standard","meta":{"footnotes":""},"categories":[1587],"tags":[11,672,14393,1804,3712,1805,1803,1777,674,1801,12,2495,1802,32,51955],"class_list":{"0":"post-386981","1":"post","2":"type-post","3":"status-publish","4":"format-standard","5":"has-post-thumbnail","7":"category-allemagne","8":"tag-actualites","9":"tag-allemagne","10":"tag-bachar-al-assad","11":"tag-bundesrepublik-deutschland","12":"tag-cdu","13":"tag-de","14":"tag-deutschland","15":"tag-eu","16":"tag-europe","17":"tag-germany","18":"tag-news","19":"tag-refugies","20":"tag-republique-federale-dallemagne","21":"tag-syrie","22":"tag-syriens"},"share_on_mastodon":{"url":"https:\/\/pubeurope.com\/@fr\/115195116530269819","error":""},"_links":{"self":[{"href":"https:\/\/www.europesays.com\/fr\/wp-json\/wp\/v2\/posts\/386981","targetHints":{"allow":["GET"]}}],"collection":[{"href":"https:\/\/www.europesays.com\/fr\/wp-json\/wp\/v2\/posts"}],"about":[{"href":"https:\/\/www.europesays.com\/fr\/wp-json\/wp\/v2\/types\/post"}],"author":[{"embeddable":true,"href":"https:\/\/www.europesays.com\/fr\/wp-json\/wp\/v2\/users\/2"}],"replies":[{"embeddable":true,"href":"https:\/\/www.europesays.com\/fr\/wp-json\/wp\/v2\/comments?post=386981"}],"version-history":[{"count":0,"href":"https:\/\/www.europesays.com\/fr\/wp-json\/wp\/v2\/posts\/386981\/revisions"}],"wp:featuredmedia":[{"embeddable":true,"href":"https:\/\/www.europesays.com\/fr\/wp-json\/wp\/v2\/media\/386982"}],"wp:attachment":[{"href":"https:\/\/www.europesays.com\/fr\/wp-json\/wp\/v2\/media?parent=386981"}],"wp:term":[{"taxonomy":"category","embeddable":true,"href":"https:\/\/www.europesays.com\/fr\/wp-json\/wp\/v2\/categories?post=386981"},{"taxonomy":"post_tag","embeddable":true,"href":"https:\/\/www.europesays.com\/fr\/wp-json\/wp\/v2\/tags?post=386981"}],"curies":[{"name":"wp","href":"https:\/\/api.w.org\/{rel}","templated":true}]}}