{"id":38700,"date":"2025-04-20T10:56:08","date_gmt":"2025-04-20T10:56:08","guid":{"rendered":"https:\/\/www.europesays.com\/fr\/38700\/"},"modified":"2025-04-20T10:56:08","modified_gmt":"2025-04-20T10:56:08","slug":"pourquoi-la-visite-du-prince-harry-en-ukraine-agace-fortement-le-royaume-uni","status":"publish","type":"post","link":"https:\/\/www.europesays.com\/fr\/38700\/","title":{"rendered":"pourquoi la visite du prince Harry en Ukraine agace fortement le Royaume-Uni"},"content":{"rendered":"<p>                             Par L\u00e9a Mabilon<\/p>\n<p>\n            Publi\u00e9<br \/>\n                le 19 avril 2025 \u00e0 16h26,<br \/>\n                 mis \u00e0 jour le 20 avril 2025 \u00e0 09h09<\/p>\n<p>    Le Prince Harry arrive \u00e0 la Cour Royale de Justice le 08 avril 2025 \u00e0 Londres, Angleterre.<br \/>\n                Neil Mockford \/ Getty Images<\/p>\n<p>Alors qu\u2019il conteste \u00e0 Londres la r\u00e9duction de sa protection polici\u00e8re, le prince Harry s\u2019est envol\u00e9 pour l\u2019Ukraine la semaine derni\u00e8re, o\u00f9 il a rencontr\u00e9 des bless\u00e9s de guerre. Un d\u00e9placement qui a fait r\u00e9agir la presse britannique.<\/p>\n<p class=\"fig-paragraph\">Le prince Harry s\u2019est rendu en Ukraine la semaine derni\u00e8re pour rencontrer des bless\u00e9s de guerre dans une clinique orthop\u00e9dique et un centre de r\u00e9\u00e9ducation \u00e0 Lviv. Une visite tenue secr\u00e8te jusqu\u2019\u00e0 son arriv\u00e9e sur place, qui s\u2019inscrit dans la continuit\u00e9 de son engagement aupr\u00e8s des v\u00e9t\u00e9rans. Elle intervient alors que le duc de Sussex \u00e9tait apparu quelques heures plus t\u00f4t \u00e0 Londres, cette fois pour contester en justice la r\u00e9duction de sa protection polici\u00e8re au Royaume-Uni. Une co\u00efncidence qui n\u2019a pas manqu\u00e9 de faire r\u00e9agir les commentateurs royaux britanniques, comme le rapporte le\u00a0<a href=\"https:\/\/www.express.co.uk\/news\/royal\/2043798\/oyal-family-live-prince-harry-ukraine-prince-william\" target=\"_blank\" rel=\"nofollow noopener\" data-gtm-custom-categorie=\"navigation\" data-gtm-custom-action=\"crossclick\" data-gtm-custom-label=\"Contextuel\" data-gtm-event=\"customEventSPE\">Daily Express<\/a> .<\/p>\n<p class=\"fig-body-link&#10;    \">\n            \u00c0 lire aussi<br \/>\n        <a class=\"fig-body-link__link\" href=\"http:\/\/madame.lefigaro.fr\/celebrites\/menace-de-meurtre-par-al-qaida-le-prince-harry-reclame-une-protection-policiere-supplementaire-20250418\" data-fig-type=\"Article\" data-gtm-custom-categorie=\"navigation\" data-gtm-custom-action=\"crossclick\" data-gtm-custom-label=\"Contextuel\" data-gtm-event=\"customEventSPE\" data-fig-domain=\"MADAME\" target=\"_blank\" rel=\"noopener\">Menac\u00e9 de meurtre par Al-Qa\u00efda, le prince Harry r\u00e9clame une protection polici\u00e8re suppl\u00e9mentaire<\/a>\n<\/p>\n<p>Le prince William contrari\u00e9\u00a0?<\/p>\n<p class=\"fig-paragraph\">Intervenant dans l\u2019\u00e9mission Palace Confidential, le journaliste Richard Kay a qualifi\u00e9 ce voyage de \u00abridicule\u00bb. Il a estim\u00e9 qu\u2019il \u00e9tait paradoxal de plaider un manque de s\u00e9curit\u00e9 au Royaume-Uni tout en se rendant dans une zone de guerre. L\u2019animatrice Jo Elvin a parl\u00e9 d\u2019une d\u00e9cision \u00abau-del\u00e0 de l\u2019ironie\u00bb. L\u2019expert de la monarchie a \u00e9galement \u00e9voqu\u00e9 le prince William\u00a0: \u00abLe prince de Galles suit scrupuleusement les recommandations du gouvernement et ne se rend que dans des zones consid\u00e9r\u00e9es comme s\u00fbres. On sait qu\u2019il aimerait lui aussi se rendre en Ukraine, mais il n\u2019en a pas eu l\u2019occasion. Ce voyage non annonc\u00e9 de son fr\u00e8re a d\u00fb le contrarier\u00bb, a-t-il avanc\u00e9, comme le rapporte le Daily Express.<\/p>\n<p class=\"fig-paragraph\">Aucun commentaire officiel n\u2019est venu confirmer ces sp\u00e9culations, ni du c\u00f4t\u00e9 du palais, ni de la part des deux fr\u00e8res. Mais ce geste du prince Harry a manifestement fait grincer des dents.<\/p>\n<p>\u00a0\u00bb<br \/>\n        data-script=\u00a0\u00bbhttps:\/\/static.lefigaro.fr\/widget-video\/short-ttl\/video\/index.js\u00a0\u00bb<br \/>\n    &gt;<\/p>\n","protected":false},"excerpt":{"rendered":"Par L\u00e9a Mabilon Publi\u00e9 le 19 avril 2025 \u00e0 16h26, mis \u00e0 jour le 20 avril 2025 \u00e0&hellip;\n","protected":false},"author":2,"featured_media":38701,"comment_status":"","ping_status":"","sticky":false,"template":"","format":"standard","meta":{"footnotes":""},"categories":[1588],"tags":[976,11,972,1777,674,638,977,12,973,975,267,473,1853,974,1851,1850,1852],"class_list":{"0":"post-38700","1":"post","2":"type-post","3":"status-publish","4":"format-standard","5":"has-post-thumbnail","7":"category-royaume-uni","8":"tag-actu-people","9":"tag-actualites","10":"tag-celebrite","11":"tag-eu","12":"tag-europe","13":"tag-figaro","14":"tag-madame","15":"tag-news","16":"tag-people","17":"tag-potain-de-stars","18":"tag-prince-harry","19":"tag-royaume-uni","20":"tag-royaume-uni-de-grande-bretagne-et-dirlande-du-nord","21":"tag-star","22":"tag-uk","23":"tag-united-kingdom","24":"tag-united-kingdom-of-great-britain-and-northern-ireland"},"share_on_mastodon":{"url":"https:\/\/pubeurope.com\/@fr\/114369933031538013","error":""},"_links":{"self":[{"href":"https:\/\/www.europesays.com\/fr\/wp-json\/wp\/v2\/posts\/38700","targetHints":{"allow":["GET"]}}],"collection":[{"href":"https:\/\/www.europesays.com\/fr\/wp-json\/wp\/v2\/posts"}],"about":[{"href":"https:\/\/www.europesays.com\/fr\/wp-json\/wp\/v2\/types\/post"}],"author":[{"embeddable":true,"href":"https:\/\/www.europesays.com\/fr\/wp-json\/wp\/v2\/users\/2"}],"replies":[{"embeddable":true,"href":"https:\/\/www.europesays.com\/fr\/wp-json\/wp\/v2\/comments?post=38700"}],"version-history":[{"count":0,"href":"https:\/\/www.europesays.com\/fr\/wp-json\/wp\/v2\/posts\/38700\/revisions"}],"wp:featuredmedia":[{"embeddable":true,"href":"https:\/\/www.europesays.com\/fr\/wp-json\/wp\/v2\/media\/38701"}],"wp:attachment":[{"href":"https:\/\/www.europesays.com\/fr\/wp-json\/wp\/v2\/media?parent=38700"}],"wp:term":[{"taxonomy":"category","embeddable":true,"href":"https:\/\/www.europesays.com\/fr\/wp-json\/wp\/v2\/categories?post=38700"},{"taxonomy":"post_tag","embeddable":true,"href":"https:\/\/www.europesays.com\/fr\/wp-json\/wp\/v2\/tags?post=38700"}],"curies":[{"name":"wp","href":"https:\/\/api.w.org\/{rel}","templated":true}]}}