{"id":387004,"date":"2025-09-13T04:46:13","date_gmt":"2025-09-13T04:46:13","guid":{"rendered":"https:\/\/www.europesays.com\/fr\/387004\/"},"modified":"2025-09-13T04:46:13","modified_gmt":"2025-09-13T04:46:13","slug":"hier-soir-tout-a-bascule-a-3-ans-la-fillette-dun-clan-de-familles-nombreuses-entre-les-mains-des-medecins","status":"publish","type":"post","link":"https:\/\/www.europesays.com\/fr\/387004\/","title":{"rendered":"\u00ab\u00a0Hier soir, tout a bascul\u00e9\u00a0\u00bb : A 3 ans, la fillette d&rsquo;un clan de Familles nombreuses entre les mains des m\u00e9decins"},"content":{"rendered":"<p>            <img loading=\"lazy\" decoding=\"async\" src=\"https:\/\/www.europesays.com\/fr\/wp-content\/uploads\/2025\/04\/67-60dc2d2db82b7-35x35-1.jpg\" class=\"author-article-picture\" width=\"35\" height=\"35\"\/><\/p>\n<p>                Par<br \/>\n                                    <a class=\"author-article-bio-link\" href=\"https:\/\/www.purepeople.com\/auteur\/hiba-semali_a67\" rel=\"nofollow noopener\" target=\"_blank\">Hiba Semali<\/a><br \/>\n                                                    | R\u00e9dactrice<\/p>\n<p>\n                Rattach\u00e9e \u00e0 la rubrique t\u00e9l\u00e9, Hiba Semali se consacre au petit \u00e9cran. The Voice, Koh-Lanta, Top Chef, Secret Story, Star Academy ou encore Les Marseillais n&rsquo;ont aucun secret pour elle.\n            <\/p>\n<p>\n    Grosse frayeur pour l&rsquo;un des clans de \u00ab\u00a0Familles nombreuses, la vie en XXL\u00a0\u00bb. Sur les r\u00e9seaux sociaux, ils racontent : l&rsquo;un de leur plus jeune enfant a \u00e9t\u00e9 admis \u00e0 l&rsquo;h\u00f4pital en urgence pour des raisons de sant\u00e9.\n<\/p>\n<p>                            <img loading=\"lazy\" decoding=\"async\" class=\"player-thumbnail\" src=\"https:\/\/www.europesays.com\/fr\/wp-content\/uploads\/2025\/09\/4698593d265e26b3-580x326-2.png\" width=\"580\" height=\"326\"\/><\/p>\n<p>                    \u00ab\u00a0Hier soir, tout a bascul\u00e9\u00a0\u00bb : A 3 ans, la fillette d&rsquo;un clan de Familles nombreuses entre les mains des m\u00e9decins<\/p>\n<p>La suite apr\u00e8s la publicit\u00e9<\/p>\n<p>Depuis plusieurs saisons maintenant, TF1 propose un docu-r\u00e9alit\u00e9 baptis\u00e9 <a href=\"https:\/\/www.purepeople.com\/article\/familles-nombreuses-la-vie-en-xxl-une-maman-de-l-emission-de-tf1-revele-son-internement-en-hopital-psychiatrique_a522956\/1\" rel=\"nofollow noopener\" target=\"_blank\"><strong>Familles nombreuses, la vie en XXL<\/strong><\/a>. Les t\u00e9l\u00e9spectateurs suivent ainsi le quotidien de grandes tribus \u00e0 la maison mais aussi lors d&rsquo;\u00e9v\u00e9nements ou de sorties. En janvier dernier, alors que le programme faisait son retour \u00e0 l&rsquo;antenne, le public a d\u00e9couvert <strong>un nouveau clan, les Lecossais<\/strong> compos\u00e9 des parents Fanny et Thomas &#8211; ancien footballeur professionnel qui a jou\u00e9 au Havre en Ligue 1 et en Ligue 2 d\u00e9sormais reconverti dans la cr\u00e9ation de jeux d&rsquo;arcade &#8211; ainsi que de leurs six enfants, que des filles : Emeline, Iliana, Ma\u00eava, Eden, Thess et la petite derni\u00e8re Arya. Une vie paisible&#8230; ou presque. Ce vendredi 12 septembre 2025, la m\u00e8re de famille se saisit de son compte Instagram afin de raconter avoir pass\u00e9 la nuit aux urgences avec l&rsquo;une de ses filles.<\/p>\n<p>En photo, le poignet de la jeune Thess, 3 ans, avec un bracelet d&rsquo;h\u00f4pital \u00e0 son nom. \u00ab\u00a0<strong>Hier soir, tout a bascul\u00e9. Des pleurs d\u00e9chirants, une fi\u00e8vre, des douleurs au ventre\u2026 et elle qui ne se plaint jamais<\/strong>. Nous avons tout de suite compris que ce n\u2019\u00e9tait pas normal. Tr\u00e8s vite, nous avons \u00e9t\u00e9 pris en charge \u00e0 l\u2019h\u00f4pital. La radio a r\u00e9v\u00e9l\u00e9 qu\u2019<strong>elle \u00e9tait tr\u00e8s constip\u00e9e, avec un f\u00e9calome, un gros bouchon, et les intestins remplis d\u2019air<\/strong> qui la faisaient tellement souffrir\u00a0\u00bb, explique en l\u00e9gende la m\u00e8re de famille, nounou agr\u00e9\u00e9e de m\u00e9tier. Et de poursuivre : \u00ab\u00a0Les infirmi\u00e8res ont \u00e9t\u00e9 formidables. Elles l\u2019ont entour\u00e9e de douceur, chant\u00e9 des chansons, regard\u00e9 des vid\u00e9os de la reine des neiges pour lui changer les id\u00e9es, pendant qu\u2019il fallait pratiquer un lavement. Pour l\u2019aider, elle a eu un petit gaz, et l\u00e0\u2026 elle s\u2019est mise \u00e0 rire aux \u00e9clats. Un rire incroyable, qui contrastait tellement avec ses larmes d\u2019avant, comme si la douleur avait disparu d\u2019un coup.\u00a0\u00bb<\/p>\n<p>Familles nombreuses : Thess Lecossais (3 ans) admise aux urgences \u00e0 cause de probl\u00e8mes gastriques<\/p>\n<p>Finalement, plus de peur que de mal pour <a href=\"https:\/\/www.purepeople.com\/article\/cest-la-realite-de-notre-vie-cette-maman-de-familles-nombreuses-prend-une-decision-irreversible-apres-etre-tombee-trop-de-fois-enceinte_a541152\/1\" rel=\"nofollow noopener\" target=\"_blank\">Fanny Lecossais, qui avait pris une d\u00e9cision irr\u00e9versible apr\u00e8s ses grossesses<\/a>. \u00ab\u00a0Apr\u00e8s avoir enfin r\u00e9ussi \u00e0 se soulager, nous avons pu rentrer \u00e0 la maison. Mais un rendez-vous avec un sp\u00e9cialiste est pr\u00e9vu, car malheureusement, ces probl\u00e8mes la suivent depuis son premier mois de vie. Nous sommes arriv\u00e9s \u00e9puis\u00e9s, sur les coups de 2 heures du matin, mais soulag\u00e9s de la savoir apais\u00e9e\u00a0\u00bb, conclut-elle. Tout va mieux pour Thess, ouf ! En story, le couple tient \u00e0 donner d&rsquo;autres nouvelles au lendemain de l&rsquo;incident : \u00ab\u00a0Dur le r\u00e9veil ce matin. Je suis rentr\u00e9e des urgences pour Thess \u00e0 deux heures du matin, donc \u00e7a pique. <strong>Je vous rassure elle va bien, elle a \u00e9t\u00e9 courageuse.<\/strong>\u00a0\u00bb Une heureuse nouvelle pour le clan !<\/p>\n","protected":false},"excerpt":{"rendered":"Par Hiba Semali | R\u00e9dactrice Rattach\u00e9e \u00e0 la rubrique t\u00e9l\u00e9, Hiba Semali se consacre au petit \u00e9cran. The&hellip;\n","protected":false},"author":2,"featured_media":387005,"comment_status":"","ping_status":"","sticky":false,"template":"","format":"standard","meta":{"footnotes":""},"categories":[1359],"tags":[58,59,1011,27,973],"class_list":{"0":"post-387004","1":"post","2":"type-post","3":"status-publish","4":"format-standard","5":"has-post-thumbnail","7":"category-people","8":"tag-divertissement","9":"tag-entertainment","10":"tag-fr","11":"tag-france","12":"tag-people"},"share_on_mastodon":{"url":"https:\/\/pubeurope.com\/@fr\/115195176149167364","error":""},"_links":{"self":[{"href":"https:\/\/www.europesays.com\/fr\/wp-json\/wp\/v2\/posts\/387004","targetHints":{"allow":["GET"]}}],"collection":[{"href":"https:\/\/www.europesays.com\/fr\/wp-json\/wp\/v2\/posts"}],"about":[{"href":"https:\/\/www.europesays.com\/fr\/wp-json\/wp\/v2\/types\/post"}],"author":[{"embeddable":true,"href":"https:\/\/www.europesays.com\/fr\/wp-json\/wp\/v2\/users\/2"}],"replies":[{"embeddable":true,"href":"https:\/\/www.europesays.com\/fr\/wp-json\/wp\/v2\/comments?post=387004"}],"version-history":[{"count":0,"href":"https:\/\/www.europesays.com\/fr\/wp-json\/wp\/v2\/posts\/387004\/revisions"}],"wp:featuredmedia":[{"embeddable":true,"href":"https:\/\/www.europesays.com\/fr\/wp-json\/wp\/v2\/media\/387005"}],"wp:attachment":[{"href":"https:\/\/www.europesays.com\/fr\/wp-json\/wp\/v2\/media?parent=387004"}],"wp:term":[{"taxonomy":"category","embeddable":true,"href":"https:\/\/www.europesays.com\/fr\/wp-json\/wp\/v2\/categories?post=387004"},{"taxonomy":"post_tag","embeddable":true,"href":"https:\/\/www.europesays.com\/fr\/wp-json\/wp\/v2\/tags?post=387004"}],"curies":[{"name":"wp","href":"https:\/\/api.w.org\/{rel}","templated":true}]}}