{"id":387008,"date":"2025-09-13T04:48:31","date_gmt":"2025-09-13T04:48:31","guid":{"rendered":"https:\/\/www.europesays.com\/fr\/387008\/"},"modified":"2025-09-13T04:48:31","modified_gmt":"2025-09-13T04:48:31","slug":"aidez-ce-varois-a-faire-grandir-astrial-sa-maison-dedition-numerique-dediee-a-limaginaire-francophone","status":"publish","type":"post","link":"https:\/\/www.europesays.com\/fr\/387008\/","title":{"rendered":"Aidez ce Varois \u00e0 faire grandir Astrial, sa maison d\u2019\u00e9dition num\u00e9rique d\u00e9di\u00e9e \u00e0 \u00ab\u00a0l\u2019imaginaire francophone\u00a0\u00bb"},"content":{"rendered":"<p>Apr\u00e8s quatre ans \u00e0 se former dans une maison d\u2019\u00e9dition associative (Yume \u00c9dition),<strong> le Cadi\u00e9ren Christophe Littera<\/strong> et son associ\u00e9e Mandy Geers (\u00e0 Soyaux, Charente) ont ouvert leur soci\u00e9t\u00e9 sp\u00e9cialis\u00e9e dans l\u2019imaginaire, baptis\u00e9e <strong>Astrial<\/strong>, avec le slogan:<strong> \u00ab\u00a0Un nouveau souffle pour l\u2019imaginaire francophone\u00a0\u00bb.<\/strong><\/p>\n<p>\u00ab\u00a0Mandy est sp\u00e9cialis\u00e9e dans le manga et moi dans le roman, pr\u00e9sente-t-il. Nous avons l\u2019ambition de faire d\u00e9couvrir de nouveaux talents, produire des livres \u00ab\u00a0papiers\u00a0\u00bb, num\u00e9riques, mais aussi des audiobooks faits par le com\u00e9dien Samuel Brafman (film Et\u00e9 85, s\u00e9ries TV Studio Bagel, Ma terminale, Summer Time&#8230;), des romans classiques libres de droit.\u00a0\u00bb<\/p>\n<p>Le Varois de cinquante-et-un ans est bien connu: il avait \u00e9t\u00e9 le premier pr\u00e9sident national d\u2019une communaut\u00e9 \u00ab\u00a0internet\u00a0\u00bb, <strong>ReSPUBLICA<\/strong> en 2000. Un m\u00e9dia ind\u00e9pendant financi\u00e8rement et id\u00e9ologiquement qui diffusait son journal hebdomadairement.<\/p>\n<p>Dix auteurs \u00e0 d\u00e9couvrir dans ce premier catalogue. Cinq auteurs de romans et cinq autres de mangas sont lanc\u00e9s.<\/p>\n<p>Les romans: la saga Fantasy in\u00e9dite l\u2019Emprise des Souffleurs de l\u2019auteur Alexandre Balkot, Une ombre sur l\u2019Univers de Gwendoline Cacahia, Prix de l\u2019imaginaire d\u00e9cern\u00e9 par la librairie parisienne Nouvelles Plumes, la saga Avoria (Krys Ducan), Les filles du Sel de Steven Le Tonqueze, saga Fantasy Les Flammes Noires de Quentin Maesano. Les mangas : manga Shonen The Last Ferypka premier tome prim\u00e9 par la ville de Couture (62) en 2024, l\u2019auteur mangaka du Seinien Fabio Diniz Pinto pour Flesh of God, Katana of Gion de C\u00e9cile Khalifa, Drielack Legend de Siby Ogawa, My Lucky Bliitz de Plushy (Mandy Geers) qui pr\u00e9sente des fables de La Fontaine et du harc\u00e8lement scolaire.<\/p>\n<p>Christophe Littera et son associ\u00e9e ont lanc\u00e9 une cagnotte participative pour les soutenir cette aventure professionnelle d\u00e9di\u00e9e \u00e0 l\u2019imaginaire francophone: <a href=\"https:\/\/fr.ulule.com\/astrial\/\" target=\"_blank\" rel=\"noopener\">https:\/\/fr.ulule.com\/astrial\/<\/a> <\/p>\n","protected":false},"excerpt":{"rendered":"Apr\u00e8s quatre ans \u00e0 se former dans une maison d\u2019\u00e9dition associative (Yume \u00c9dition), le Cadi\u00e9ren Christophe Littera et&hellip;\n","protected":false},"author":2,"featured_media":387009,"comment_status":"","ping_status":"","sticky":false,"template":"","format":"standard","meta":{"footnotes":""},"categories":[1357],"tags":[1379,251,58,59,1011,27,1351,1380],"class_list":{"0":"post-387008","1":"post","2":"type-post","3":"status-publish","4":"format-standard","5":"has-post-thumbnail","7":"category-livres","8":"tag-books","9":"tag-culture","10":"tag-divertissement","11":"tag-entertainment","12":"tag-fr","13":"tag-france","14":"tag-litterature","15":"tag-livres"},"share_on_mastodon":{"url":"https:\/\/pubeurope.com\/@fr\/115195183550904530","error":""},"_links":{"self":[{"href":"https:\/\/www.europesays.com\/fr\/wp-json\/wp\/v2\/posts\/387008","targetHints":{"allow":["GET"]}}],"collection":[{"href":"https:\/\/www.europesays.com\/fr\/wp-json\/wp\/v2\/posts"}],"about":[{"href":"https:\/\/www.europesays.com\/fr\/wp-json\/wp\/v2\/types\/post"}],"author":[{"embeddable":true,"href":"https:\/\/www.europesays.com\/fr\/wp-json\/wp\/v2\/users\/2"}],"replies":[{"embeddable":true,"href":"https:\/\/www.europesays.com\/fr\/wp-json\/wp\/v2\/comments?post=387008"}],"version-history":[{"count":0,"href":"https:\/\/www.europesays.com\/fr\/wp-json\/wp\/v2\/posts\/387008\/revisions"}],"wp:featuredmedia":[{"embeddable":true,"href":"https:\/\/www.europesays.com\/fr\/wp-json\/wp\/v2\/media\/387009"}],"wp:attachment":[{"href":"https:\/\/www.europesays.com\/fr\/wp-json\/wp\/v2\/media?parent=387008"}],"wp:term":[{"taxonomy":"category","embeddable":true,"href":"https:\/\/www.europesays.com\/fr\/wp-json\/wp\/v2\/categories?post=387008"},{"taxonomy":"post_tag","embeddable":true,"href":"https:\/\/www.europesays.com\/fr\/wp-json\/wp\/v2\/tags?post=387008"}],"curies":[{"name":"wp","href":"https:\/\/api.w.org\/{rel}","templated":true}]}}