{"id":387012,"date":"2025-09-13T04:50:23","date_gmt":"2025-09-13T04:50:23","guid":{"rendered":"https:\/\/www.europesays.com\/fr\/387012\/"},"modified":"2025-09-13T04:50:23","modified_gmt":"2025-09-13T04:50:23","slug":"50-ans-de-wish-you-were-here-pink-floyd-annonce-une-reedition","status":"publish","type":"post","link":"https:\/\/www.europesays.com\/fr\/387012\/","title":{"rendered":"50 ans de \u00ab\u00a0Wish You Were Here\u00a0\u00bb : Pink Floyd annonce une r\u00e9\u00e9dition !"},"content":{"rendered":"\n<p class=\"p1\" style=\"text-align: justify;\">Pink Floyd c\u00e9l\u00e8bre les 50 ans de Wish You Were Here avec une grosse r\u00e9\u00e9dition ! Attendu le 12 d\u00e9cembre prochain, l\u2019album se d\u00e9clinera en plusieurs formats, dont 3 LP, 2 CD et du Blu-ray, en plus d\u2019une version num\u00e9rique de l\u2019album. Ce dernier format comprend l\u2019album original, ainsi qu\u2019un remix en Dolby Atmos.<\/p>\n<p class=\"p1\" style=\"text-align: justify;\">Plusieurs raret\u00e9s seront aussi \u00e0 d\u00e9couvrir dans la r\u00e9\u00e9dition de Wish You Were Here, tout comme 25 titres bonus, neuf raret\u00e9s studio te 16 enregistrements live. Plusieurs films de concerts seront visionnables sur le blu-ray de la r\u00e9\u00e9dition.<\/p>\n<p class=\"p1\" style=\"text-align: justify;\">La r\u00e9\u00e9dition de Wish You Were Here est d\u00e9j\u00e0 disponible \u00e0 la pr\u00e9commande. Pour cela, rendez-vous sur ce site.<\/p>\n","protected":false},"excerpt":{"rendered":"Pink Floyd c\u00e9l\u00e8bre les 50 ans de Wish You Were Here avec une grosse r\u00e9\u00e9dition ! Attendu le&hellip;\n","protected":false},"author":2,"featured_media":387013,"comment_status":"","ping_status":"","sticky":false,"template":"","format":"standard","meta":{"footnotes":""},"categories":[1355],"tags":[4414,1692,51964,2932,2869,58,59,1011,27,51962,26102,1361,873,10650,20153,10990,396,51963,51961,13269,3686,51960],"class_list":{"0":"post-387012","1":"post","2":"type-post","3":"status-publish","4":"format-standard","5":"has-post-thumbnail","7":"category-musique","8":"tag-50-ans","9":"tag-album","10":"tag-blu-ray","11":"tag-cd","12":"tag-date","13":"tag-divertissement","14":"tag-entertainment","15":"tag-fr","16":"tag-france","17":"tag-inedits","18":"tag-lp","19":"tag-music","20":"tag-musique","21":"tag-ou","22":"tag-pink-floyd","23":"tag-precommande","24":"tag-quand","25":"tag-raretes","26":"tag-reedition","27":"tag-site","28":"tag-sortie","29":"tag-wish-you-were-here"},"share_on_mastodon":{"url":"https:\/\/pubeurope.com\/@fr\/115195191499000714","error":""},"_links":{"self":[{"href":"https:\/\/www.europesays.com\/fr\/wp-json\/wp\/v2\/posts\/387012","targetHints":{"allow":["GET"]}}],"collection":[{"href":"https:\/\/www.europesays.com\/fr\/wp-json\/wp\/v2\/posts"}],"about":[{"href":"https:\/\/www.europesays.com\/fr\/wp-json\/wp\/v2\/types\/post"}],"author":[{"embeddable":true,"href":"https:\/\/www.europesays.com\/fr\/wp-json\/wp\/v2\/users\/2"}],"replies":[{"embeddable":true,"href":"https:\/\/www.europesays.com\/fr\/wp-json\/wp\/v2\/comments?post=387012"}],"version-history":[{"count":0,"href":"https:\/\/www.europesays.com\/fr\/wp-json\/wp\/v2\/posts\/387012\/revisions"}],"wp:featuredmedia":[{"embeddable":true,"href":"https:\/\/www.europesays.com\/fr\/wp-json\/wp\/v2\/media\/387013"}],"wp:attachment":[{"href":"https:\/\/www.europesays.com\/fr\/wp-json\/wp\/v2\/media?parent=387012"}],"wp:term":[{"taxonomy":"category","embeddable":true,"href":"https:\/\/www.europesays.com\/fr\/wp-json\/wp\/v2\/categories?post=387012"},{"taxonomy":"post_tag","embeddable":true,"href":"https:\/\/www.europesays.com\/fr\/wp-json\/wp\/v2\/tags?post=387012"}],"curies":[{"name":"wp","href":"https:\/\/api.w.org\/{rel}","templated":true}]}}