{"id":387018,"date":"2025-09-13T04:54:11","date_gmt":"2025-09-13T04:54:11","guid":{"rendered":"https:\/\/www.europesays.com\/fr\/387018\/"},"modified":"2025-09-13T04:54:11","modified_gmt":"2025-09-13T04:54:11","slug":"au-moment-ou-on-te-lannonce-florent-pagny-revient-sur-les-premiers-signes-de-son-cancer-dans-c-a-vous","status":"publish","type":"post","link":"https:\/\/www.europesays.com\/fr\/387018\/","title":{"rendered":"\u201cAu moment o\u00f9 on te l\u2019annonce\u2026\u201d : Florent Pagny revient sur les premiers signes de son cancer dans C \u00e0 vous"},"content":{"rendered":"<p><a href=\"https:\/\/www.closermag.fr\/tv_tele_realite\/le-coup-du-mort-vivant-florent-pagny-ose-la-comparaison-avec-thierry-ardisson-face-a-audrey-crespo-mara-3574675\" target=\"_blank\" rel=\"noopener\"><br \/>\nFlorent Pagny<\/a> \u00e9tait l\u2019invit\u00e9 de <strong>C \u00e0<br \/>\nvous<\/strong>, sur France 5, ce vendredi 12<br \/>\nseptembre, \u00e0 l\u2019occasion de la sortie de son album intitul\u00e9<br \/>\n<strong>Grandeur Nature<\/strong>. <strong>Pauline<br \/>\nLoqu\u00e8s<\/strong> \u00e9tait \u00e9galement \u00e0 ses c\u00f4t\u00e9s pour son film<br \/>\nNino, en salle le 17 septembre prochain. Un film qui<br \/>\ngravite autour du combat d\u2019un jeune homme <strong>contre le<br \/>\ncancer<\/strong>.<\/p>\n<p>Sauf que ce combat contre le cancer, Florent Pagny l\u2019a \u00e9galement<br \/>\nv\u00e9cu. Rappelons que <a href=\"https:\/\/www.telestar.fr\/actu_tv\/les-larmes-aux-yeux-gilles-bouleau-tourneboule-par-florent-pagny-et-son-courage-face-au-cancer-1737642\" target=\"_blank\" rel=\"noopener\"><br \/>\nle chanteur<\/a> de 63 ans a \u00e9t\u00e9 diagnostiqu\u00e9 d\u2019un <a href=\"https:\/\/www.closermag.fr\/people\/florent-pagny-face-au-cancer-a-la-prise-de-sang-on-ma-dit-il-leve-le-voile-sur-son-etat-de-sante-3578700\" target=\"_blank\" rel=\"noopener\"><br \/>\ncancer du poumon<\/a>, en 2021. Ce passage sur le plateau de la<br \/>\ncinqui\u00e8me cha\u00eene a \u00e9t\u00e9 l\u2019occasion pour lui de revenir sur les<br \/>\nd\u00e9buts de ce combat qui se poursuit.<\/p>\n<p>Florent Pagny : une toux persistante !<\/p>\n<p>Dans <strong>C \u00e0 vous<\/strong>, le pr\u00e9sentateur de<br \/>\nl\u2019\u00e9mission <strong>Mohamed Bouhafsi<\/strong> a demand\u00e9 \u00e0 l\u2019artiste<br \/>\n: \u00ab\u00a0Vous, \u00e7a s\u2019est pass\u00e9 comment ?\u00a0\u00bb. Ce \u00e0 quoi<br \/>\n<strong>Florent Pagny<\/strong> avait r\u00e9pondu : \u00ab\u00a0Moi, je<br \/>\ntoussais, <strong>je toussais<\/strong> et puis \u00e0<br \/>\nun moment, j\u00a0\u00bbai dit bon, j&rsquo;ai fini une tourn\u00e9e, tant que je<br \/>\nchantais \u00e7a allait, mais d\u00e8s que je fumais, \u00e7a ne marchait plus du<br \/>\ntout\u00a0\u00bb.<\/p>\n<blockquote class=\"instagram-media\" style=\"background: #ffffff;border: 0;margin: 1px;width: 100%;padding: 0;max-width: 500px;\" data-instgrm-permalink=\"https:\/\/www.instagram.com\/reel\/DOg6yEPjHMK\/?utm_source=ig_web_copy_link&amp;igsh=MzRlODBiNWFlZA==\" data-instgrm-version=\"14\"\/>\n<p>\u00ab\u00a0Avant de finir l&rsquo;autre tourn\u00e9e, les 32 concerts, je vais<br \/>\naller <strong>faire des images<\/strong>\u00ab\u00a0, se<br \/>\ndisait-il \u00e0 l\u2019\u00e9poque. Sauf qu\u2019apr\u00e8s la tourn\u00e9e, \u00ab\u00a0je suis mont\u00e9<br \/>\nsur le fauteuil de The Voice et puis <strong>\u00e7a<br \/>\ns&#8217;empirait<\/strong> et donc je vais faire des<br \/>\nimages\u00a0\u00bb. Bien entendu, \u00e0 l\u2019\u00e9poque, il n\u2019imaginait aucunement<br \/>\nqu\u2019il s\u2019agissait d\u2019un cancer. \u00ab\u00a0Je pensais que c&rsquo;\u00e9tait<br \/>\n<strong>une grosse bronchite<\/strong>, qu&rsquo;on allait me<br \/>\nfiler un traitement antibiotique\u00a0\u00bb, se souvient-il.<\/p>\n<p>Florent Pagny : pas totalement sorti<br \/>\nd\u2019affaires !<\/p>\n<p>Apr\u00e8s la terrible annonce est venue le traitement. Une \u00e9tape qui<br \/>\ns\u2019est tr\u00e8s bien pass\u00e9e puisque <a href=\"https:\/\/www.closermag.fr\/people\/en-attendant-les-resultats-florent-pagny-se-livre-sur-levolution-de-son-cancer-3574650\" target=\"_blank\" rel=\"noopener\"><br \/>\nles derniers contr\u00f4les<\/a> de <strong>Florent Pagny<\/strong><br \/>\n\u00e9taient tr\u00e8s rassurants. Seulement, le chanteur de<br \/>\n<strong>T\u2019aimer encore<\/strong> est conscient du fait<br \/>\nqu\u2019il n\u2019est pas encore totalement sorti d\u2019affaires. \u00ab\u00a0Elle est<br \/>\nderri\u00e8re moi et en m\u00eame temps, on sait tous qu\u2019elle peut<br \/>\n<a href=\"https:\/\/www.closermag.fr\/people\/jai-refait-une-rechute-florent-pagny-est-malheureusement-loin-den-avoir-fini-avec-son-cancer-3574421\" target=\"_blank\" rel=\"noopener\"><br \/>\nrevenir \u00e0 n\u2019importe quel moment<\/a>, tout est<br \/>\npossible. J\u2019ai tellement d\u2019exemples. On r\u00e9agit tous<br \/>\ndiff\u00e9remment\u00a0\u00bb, avait-il notamment confi\u00e9 au<br \/>\nQuotidien.<\/p>\n<blockquote class=\"twitter-tweet\"><p><a class=\"twitter-link\" rel=\"noindex, nofollow noopener\" href=\"https:\/\/twitter.com\/cavousf5\/status\/1966597095164702984\" target=\"_blank\"><\/p><\/blockquote>\n<p>\u00ab\u00a0Depuis deux ans, je suis peinard. \u00c0 chaque contr\u00f4le, tous<br \/>\nles trois mois, on me dit : \u2018C\u2019est bon, il n\u2019y a<br \/>\n<strong>rien de nouveau<\/strong>\u2019. C\u2019est<br \/>\nagr\u00e9able. Mais on ne peut pas tirer de g\u00e9n\u00e9ralit\u00e9 et dire : \u2018Oui,<br \/>\nvoil\u00e0, c\u2019est bon, c\u2019est fini\u2019\u00a0\u00bb, a pr\u00e9cis\u00e9 le compagnon<br \/>\nd\u2019<a href=\"https:\/\/www.closermag.fr\/people\/florent-pagny-qui-est-azucena-caamano-sa-femme-depuis-presque-30-ans-1448694#item=1\" target=\"_blank\" rel=\"noopener\">Azucena<br \/>\nCaama\u00f1o<\/a>. Malgr\u00e9 tout, les nouvelles sont bonnes et les 60 dates<br \/>\npour 2026 de Florent Pagny le prouvent.<\/p>\n<p><script async src=\"https:\/\/platform.twitter.com\/widgets.js\" charset=\"utf-8\"><\/script><script async src=\"\/\/www.instagram.com\/embed.js\"><\/script><\/p>\n","protected":false},"excerpt":{"rendered":"Florent Pagny \u00e9tait l\u2019invit\u00e9 de C \u00e0 vous, sur France 5, ce vendredi 12 septembre, \u00e0 l\u2019occasion de&hellip;\n","protected":false},"author":2,"featured_media":387019,"comment_status":"","ping_status":"","sticky":false,"template":"","format":"standard","meta":{"footnotes":""},"categories":[8],"tags":[548,58,59,3109,1011,27],"class_list":{"0":"post-387018","1":"post","2":"type-post","3":"status-publish","4":"format-standard","5":"has-post-thumbnail","7":"category-divertissement","8":"tag-article-simple","9":"tag-divertissement","10":"tag-entertainment","11":"tag-florent-pagny","12":"tag-fr","13":"tag-france"},"share_on_mastodon":{"url":"https:\/\/pubeurope.com\/@fr\/115195206943093625","error":""},"_links":{"self":[{"href":"https:\/\/www.europesays.com\/fr\/wp-json\/wp\/v2\/posts\/387018","targetHints":{"allow":["GET"]}}],"collection":[{"href":"https:\/\/www.europesays.com\/fr\/wp-json\/wp\/v2\/posts"}],"about":[{"href":"https:\/\/www.europesays.com\/fr\/wp-json\/wp\/v2\/types\/post"}],"author":[{"embeddable":true,"href":"https:\/\/www.europesays.com\/fr\/wp-json\/wp\/v2\/users\/2"}],"replies":[{"embeddable":true,"href":"https:\/\/www.europesays.com\/fr\/wp-json\/wp\/v2\/comments?post=387018"}],"version-history":[{"count":0,"href":"https:\/\/www.europesays.com\/fr\/wp-json\/wp\/v2\/posts\/387018\/revisions"}],"wp:featuredmedia":[{"embeddable":true,"href":"https:\/\/www.europesays.com\/fr\/wp-json\/wp\/v2\/media\/387019"}],"wp:attachment":[{"href":"https:\/\/www.europesays.com\/fr\/wp-json\/wp\/v2\/media?parent=387018"}],"wp:term":[{"taxonomy":"category","embeddable":true,"href":"https:\/\/www.europesays.com\/fr\/wp-json\/wp\/v2\/categories?post=387018"},{"taxonomy":"post_tag","embeddable":true,"href":"https:\/\/www.europesays.com\/fr\/wp-json\/wp\/v2\/tags?post=387018"}],"curies":[{"name":"wp","href":"https:\/\/api.w.org\/{rel}","templated":true}]}}