{"id":387022,"date":"2025-09-13T04:56:09","date_gmt":"2025-09-13T04:56:09","guid":{"rendered":"https:\/\/www.europesays.com\/fr\/387022\/"},"modified":"2025-09-13T04:56:09","modified_gmt":"2025-09-13T04:56:09","slug":"fitch-sanctionne-la-france-qui-passe-dans-le-club-des-simples-a","status":"publish","type":"post","link":"https:\/\/www.europesays.com\/fr\/387022\/","title":{"rendered":"Fitch sanctionne la France qui passe dans le club des simples A"},"content":{"rendered":"<p>La mauvaise note \u00e9tait attendue, mais elle arrive dans une s\u00e9quence particuli\u00e8rement tendue pour la France avec la chute du gouvernement Bayrou, la nomination de <a href=\"https:\/\/www.20minutes.fr\/politique\/sebastien-lecornu\/\" target=\"_blank\" class=\"c-link c-link--is-underlined\" rel=\"nofollow noopener\">S\u00e9bastien Lecornu<\/a> et les manifestations durant le mouvement \u00ab\u00a0Bloquons tout\u00a0\u00bb. Depuis vendredi soir, le pays a en effet \u00e9t\u00e9 r\u00e9trograd\u00e9 dans le club des simples A pour sa <a href=\"https:\/\/www.20minutes.fr\/dossier\/dette_publique\" target=\"_blank\" class=\"c-link c-link--is-underlined\" rel=\"nofollow noopener\">dette publique<\/a>.<\/p>\n<p>En la pla\u00e7ant \u00e0 A+, <a href=\"https:\/\/www.20minutes.fr\/economie\/fitch\/\" target=\"_blank\" class=\"c-link c-link--is-underlined\" rel=\"nofollow noopener\">Fitch<\/a> a donc abaiss\u00e9 cette note souveraine. Ouvrant le bal des revues d\u2019automne des agences de notation, Fitch dresse un constat s\u00e9v\u00e8re de la situation des <a href=\"https:\/\/www.20minutes.fr\/dossier\/finances_publiques\" target=\"_blank\" class=\"c-link c-link--is-underlined\" rel=\"nofollow noopener\">finances publiques<\/a> dans la deuxi\u00e8me \u00e9conomie de la zone euro.<\/p>\n<p>Premi\u00e8res r\u00e9actions politiques<\/p>\n<p>Pointant la \u00ab\u00a0fragmentation et la polarisation croissante\u00a0\u00bb de la politique, l\u2019agence estime que \u00ab\u00a0cette instabilit\u00e9 affaiblit la capacit\u00e9 du syst\u00e8me politique \u00e0 mettre en \u0153uvre une consolidation budg\u00e9taire d\u2019ampleur\u00a0\u00bb. Elle juge ainsi improbable de ramener le d\u00e9ficit public sous 3\u00a0% du PIB en\u00a02029 comme l\u2019ambitionnait le gouvernement sortant pour remettre la France dans les clous europ\u00e9ens.<\/p>\n<\/p>\n<p>Les r\u00e9actions politiques n\u2019ont pas tard\u00e9. Le ministre sortant de l\u2019Economie, \u00c9ric Lombard dit prendre \u00ab\u00a0acte\u00a0\u00bb. Pour Fran\u00e7ois Bayrou, qui a d\u00e9nonc\u00e9 \u00e0 l\u2019envi la colossale dette fran\u00e7aise, \u00ab\u00a0un pays que ses \u00ab\u00a0\u00e9lites\u00a0\u00bb conduisent \u00e0 refuser la v\u00e9rit\u00e9 est condamn\u00e9 \u00e0 en payer le prix\u00a0\u00bb. A l\u2019oppos\u00e9, \u00c9ric Coquerel, pr\u00e9sident <a href=\"https:\/\/www.20minutes.fr\/politique\/france-insoumise\/\" target=\"_blank\" class=\"c-link c-link--is-underlined\" rel=\"nofollow noopener\">LFI<\/a> de la commission des Finances de l\u2019Assembl\u00e9e nationale, voit dans cette d\u00e9gradation le r\u00e9sultat de \u00ab\u00a0deux mois (d&rsquo;)un discours catastrophiste sur la situation financi\u00e8re du pays\u00a0\u00bb.<\/p>\n<p>Le spectre d\u2019une hausse des taux<\/p>\n<p>Nomm\u00e9 mardi \u00e0 Matignon, S\u00e9bastien Lecornu est engag\u00e9 dans une course contre la montre pour pr\u00e9senter dans les temps un budget 2026 qui puisse \u00e9chapper \u00e0 la censure des oppositions, notamment celle du <a href=\"https:\/\/www.20minutes.fr\/politique\/ps\/\" target=\"_blank\" class=\"c-link c-link--is-underlined\" rel=\"nofollow noopener\">PS<\/a> qui r\u00e9clame de revenir sur la r\u00e9forme des retraites et de mettre en place une <a href=\"https:\/\/www.20minutes.fr\/economie\/4158114-20250612-taxe-zucman-illusoire-souhaitable-pose-vraies-questions-imposition-ultrariches-france\" target=\"_blank\" class=\"c-link c-link--is-underlined\" rel=\"nofollow noopener\">taxe Zucman<\/a> sur les plus hauts patrimoines. Il a \u00e9galement commenc\u00e9 \u00e0 consulter les partenaires sociaux, dans un climat social tendu qui se traduira par une journ\u00e9e intersyndicale de mobilisation le 18\u00a0septembre. Mais pour Fitch, ces discussions sur le budget 2026 devraient r\u00e9duire l\u2019ampleur de l\u2019effort budg\u00e9taire, voulu \u00e0 44\u00a0milliards d\u2019euros par Fran\u00e7ois Bayrou. De quoi compromettre l\u2019objectif d\u2019un d\u00e9ficit projet\u00e9 \u00e0 4,6\u00a0% l\u2019an prochain\u00a0: l\u2019agence de notation le voit rester sup\u00e9rieur \u00e0 5\u00a0% en\u00a02026 et\u00a02027.<\/p>\n<p><a href=\"https:\/\/www.20minutes.fr\/economie\/\" target=\"_blank\" class=\"c-link c-btn c-btn--primary\" rel=\"nofollow noopener\">Notre dossier Economie<\/a><\/p>\n<p>La d\u00e9gradation de la note, qui mesure la capacit\u00e9 de la France \u00e0 rembourser sa dette, marque un tournant, m\u00eame si elle devrait entra\u00eener peu de cons\u00e9quences imm\u00e9diates pour Paris. Lui attribuant l\u2019\u00e9quivalent d\u2019un 16\/20, Fitch la fait en effet basculer dans la cat\u00e9gorie inf\u00e9rieure, de qualit\u00e9 \u00ab\u00a0moyenne sup\u00e9rieure\u00a0\u00bb, contre \u00ab\u00a0bonne ou haute\u00a0\u00bb jusqu\u2019ici, ce qui pourrait conduire des investisseurs \u00e0 vendre leurs titres de dette pour des placements moins risqu\u00e9s et entra\u00eener des hausses de taux. Cela alourdirait encore plus les int\u00e9r\u00eats pay\u00e9s par la France pour rembourser sa dette, estim\u00e9s \u00e0 environ 55\u00a0milliards d\u2019euros en\u00a02025.<\/p>\n","protected":false},"excerpt":{"rendered":"La mauvaise note \u00e9tait attendue, mais elle arrive dans une s\u00e9quence particuli\u00e8rement tendue pour la France avec la&hellip;\n","protected":false},"author":2,"featured_media":387023,"comment_status":"","ping_status":"","sticky":false,"template":"","format":"standard","meta":{"footnotes":""},"categories":[6],"tags":[47,35,7993,33,34,1073,6329,34558,1011,27,6311,316,11067,133],"class_list":{"0":"post-387022","1":"post","2":"type-post","3":"status-publish","4":"format-standard","5":"has-post-thumbnail","7":"category-economie","8":"tag-actualite","9":"tag-business","10":"tag-dette-publique","11":"tag-economie","12":"tag-economy","13":"tag-emmanuel-macron","14":"tag-finances-publiques","15":"tag-fitch","16":"tag-fr","17":"tag-france","18":"tag-pib","19":"tag-politique","20":"tag-sebastien-lecornu","21":"tag-video"},"share_on_mastodon":{"url":"https:\/\/pubeurope.com\/@fr\/115195214797504756","error":""},"_links":{"self":[{"href":"https:\/\/www.europesays.com\/fr\/wp-json\/wp\/v2\/posts\/387022","targetHints":{"allow":["GET"]}}],"collection":[{"href":"https:\/\/www.europesays.com\/fr\/wp-json\/wp\/v2\/posts"}],"about":[{"href":"https:\/\/www.europesays.com\/fr\/wp-json\/wp\/v2\/types\/post"}],"author":[{"embeddable":true,"href":"https:\/\/www.europesays.com\/fr\/wp-json\/wp\/v2\/users\/2"}],"replies":[{"embeddable":true,"href":"https:\/\/www.europesays.com\/fr\/wp-json\/wp\/v2\/comments?post=387022"}],"version-history":[{"count":0,"href":"https:\/\/www.europesays.com\/fr\/wp-json\/wp\/v2\/posts\/387022\/revisions"}],"wp:featuredmedia":[{"embeddable":true,"href":"https:\/\/www.europesays.com\/fr\/wp-json\/wp\/v2\/media\/387023"}],"wp:attachment":[{"href":"https:\/\/www.europesays.com\/fr\/wp-json\/wp\/v2\/media?parent=387022"}],"wp:term":[{"taxonomy":"category","embeddable":true,"href":"https:\/\/www.europesays.com\/fr\/wp-json\/wp\/v2\/categories?post=387022"},{"taxonomy":"post_tag","embeddable":true,"href":"https:\/\/www.europesays.com\/fr\/wp-json\/wp\/v2\/tags?post=387022"}],"curies":[{"name":"wp","href":"https:\/\/api.w.org\/{rel}","templated":true}]}}