{"id":387024,"date":"2025-09-13T04:57:08","date_gmt":"2025-09-13T04:57:08","guid":{"rendered":"https:\/\/www.europesays.com\/fr\/387024\/"},"modified":"2025-09-13T04:57:08","modified_gmt":"2025-09-13T04:57:08","slug":"les-premiers-mots-derika-lane-frantzve-la-veuve-de-charlie-kirk","status":"publish","type":"post","link":"https:\/\/www.europesays.com\/fr\/387024\/","title":{"rendered":"les premiers mots d\u2019Erika Lane Frantzve, la veuve de Charlie Kirk"},"content":{"rendered":"<p>Vendredi soir, l\u2019\u00e9pouse du militant conservateur assassin\u00e9 a bris\u00e9 le silence et rendu hommage \u00e0 son mari mort en \u00abmartyr\u00bb.<\/p>\n<p class=\"fig-paragraph\">\u00abCharlie, je te promets que je ne laisserai jamais ton h\u00e9ritage s\u2019\u00e9teindre, mon ch\u00e9ri.\u00bb Dans une d\u00e9claration diffus\u00e9e en direct sur les r\u00e9seaux sociaux vendredi soir et \u00e9maill\u00e9e de multiples r\u00e9f\u00e9rences religieuses,\u00a0<a href=\"http:\/\/madame.lefigaro.fr\/societe\/actu\/qui-est-erika-lane-frantze-l-epouse-de-charlie-kirk-mere-de-ses-deux-enfants-20250911\" target=\"_blank\" data-fig-type=\"Article\" rel=\"noopener\" data-gtm-custom-categorie=\"navigation\" data-gtm-custom-action=\"crossclick\" data-gtm-custom-label=\"Contextuel\" data-gtm-event=\"customEventSPE\" data-fig-domain=\"MADAME\">Erika Lane Frantzve<\/a>, connue sous le nom d\u2019Erika Kirk, a rendu hommage \u00e0 son mari mort en \u00abmartyr\u00bb.<\/p>\n<p class=\"fig-body-link\">\n            \u00c0 lire aussi<br \/>\n        <a class=\"fig-body-link__link fig-premium-mark\" href=\"http:\/\/www.lefigaro.fr\/international\/habitue-des-joutes-verbales-et-pro-trump-qui-est-charlie-kirk-l-influenceur-tue-lors-d-un-rassemblement-20250910\" target=\"_blank\" data-fig-type=\"NewsFlash\" rel=\"noopener\" data-gtm-custom-categorie=\"navigation\" data-gtm-custom-action=\"crossclick\" data-gtm-custom-label=\"Contextuel\" data-gtm-event=\"customEventSPE\" data-fig-domain=\"LEFIGARO\">Qui \u00e9tait Charlie Kirk, l\u2019influenceur pro-Trump tu\u00e9 par balle lors d\u2019un rassemblement\u00a0?<br \/>\n    <\/a>\n<\/p>\n<p class=\"fig-paragraph\">Debout \u00e0 c\u00f4t\u00e9 de la chaise depuis laquelle Charlie Kirk animait son podcast tr\u00e8s \u00e9cout\u00e9, la veuve a d\u00e9marr\u00e9 son allocution de 15 minutes par une pri\u00e8re silencieuse. La voix tremblante, elle a ensuite dress\u00e9 le portrait d\u2019un mari d\u00e9vou\u00e9 et p\u00e8re \u00abparfait\u00bb. \u00abCharlie aimait la vie. Il aimait sa vie. Il aimait l\u2019Am\u00e9rique\u00bb, a-t-elle insist\u00e9, avant d\u2019\u00e9voquer ses passions pour le sport universitaire, notamment les Oregon Ducks, et surtout son amour pour sa famille. \u00abPar-dessus tout, Charlie aimait ses enfants. Et il m\u2019aimait. De tout son c\u0153ur. Et\u00a0il s\u2019assurait que je le sache chaque jour.\u00bb<\/p>\n<p>                                    <a class=\"fig-a11y-skip a11y-hidden\" href=\"#fig-a11y-skip-main-inarticle\"><br \/>\n        Passer la publicit\u00e9<br \/>\n    <\/a><\/p>\n<p>\u00abPapa est en voyage d\u2019affaires avec J\u00e9sus\u00bb<\/p>\n<p class=\"fig-paragraph\">Boulevers\u00e9e, Erika Kirk a \u00e9voqu\u00e9 l\u2019incompr\u00e9hension de leur fille de trois ans face \u00e0 la situation\u00a0: \u00abO\u00f9 est Papa\u00a0?\u00bb \u00abMais que dit-on \u00e0 un enfant de trois ans\u00a0?\u00bb, s\u2019est interrog\u00e9e Erika Kirk devant son audience. \u00abPetite, Papa t\u2019aime tellement. Ne t\u2019inqui\u00e8te pas. Il est en voyage d\u2019affaires avec J\u00e9sus.\u00bb<\/p>\n<p class=\"fig-paragraph\">Essuyant ses larmes, l\u2019Am\u00e9ricaine de 36 ans a ensuite profit\u00e9 du discours pour remercier Donald Trump et son vice-pr\u00e9sident JD Vance de leur soutien\u00a0: \u00abMonsieur le Pr\u00e9sident, mon mari vous aimait. Et il savait que vous l\u2019aimiez aussi. Il le savait. Votre amiti\u00e9 \u00e9tait incroyable. Vous l\u2019avez tellement soutenu, comme il l\u2019a fait pour vous.\u00bb<\/p>\n<p>\u00abCri de guerre\u00bb<\/p>\n<p class=\"fig-paragraph\">Face \u00e0 la cam\u00e9ra, Erika Kirk a, \u00e0 un moment, durci le ton. \u00abCeux qui font le mal et sont responsables de l\u2019assassinat de mon mari n\u2019ont aucune id\u00e9e de ce qu\u2019ils ont fait. (&#8230;) Vous n\u2019avez aucune id\u00e9e de ce que vous venez de d\u00e9clencher dans ce pays tout entier, dans ce monde. (&#8230;) Vous n\u2019avez aucune id\u00e9e du feu que vous avez allum\u00e9 (&#8230;). Les larmes de cette veuve vont r\u00e9sonner dans le monde entier comme un cri de guerre\u00bb, a-t-elle averti.<\/p>\n<p class=\"fig-body-link\">\n            \u00c0 lire aussi<br \/>\n        <a class=\"fig-body-link__link fig-premium-mark\" href=\"http:\/\/www.lefigaro.fr\/international\/assassinat-de-charlie-kirk-le-tueur-presume-a-ete-arrete-annonce-donald-trump-20250912\" target=\"_blank\" data-fig-type=\"NewsFlash\" rel=\"noopener\" data-gtm-custom-categorie=\"navigation\" data-gtm-custom-action=\"crossclick\" data-gtm-custom-label=\"Contextuel\" data-gtm-event=\"customEventSPE\" data-fig-domain=\"LEFIGARO\">Le tueur pr\u00e9sum\u00e9 de Charlie Kirk arr\u00eat\u00e9 apr\u00e8s 33 heures de traque<br \/>\n    <\/a>\n<\/p>\n<p>\u00abH\u00e2te de te revoir un jour\u00bb<\/p>\n<p class=\"fig-paragraph\">Erika Kirk a continu\u00e9 son intervention par une promesse\u00a0: poursuivre la tourn\u00e9e universitaire pr\u00e9vue par Charlie Kirk et maintenir son podcast \u00e0 l\u2019antenne. \u00abJe te promets que je ferai de Turning Point USA l\u2019\u00e9v\u00e9nement le plus important que cette nation ait jamais connu\u00bb, a-t-elle jur\u00e9 \u00e0 celui qui partageait sa vie depuis six ans, faisant ici r\u00e9f\u00e9rence \u00e0 l\u2019organisation \u00e9tudiante conservatrice fond\u00e9e par Charlie Kirk devenue le plus grand mouvement de jeunesse \u00abMake America Great Again\u00bb (MAGA). Et de conclure\u00a0: \u00abJ\u2019ai h\u00e2te de te revoir un jour.\u00bb<\/p>\n","protected":false},"excerpt":{"rendered":"Vendredi soir, l\u2019\u00e9pouse du militant conservateur assassin\u00e9 a bris\u00e9 le silence et rendu hommage \u00e0 son mari mort&hellip;\n","protected":false},"author":2,"featured_media":387025,"comment_status":"","ping_status":"","sticky":false,"template":"","format":"standard","meta":{"footnotes":""},"categories":[5],"tags":[11,6744,73,1011,27,14,12,316,28],"class_list":{"0":"post-387024","1":"post","2":"type-post","3":"status-publish","4":"format-standard","5":"has-post-thumbnail","7":"category-international","8":"tag-actualites","9":"tag-assassinat","10":"tag-etats-unis","11":"tag-fr","12":"tag-france","13":"tag-international","14":"tag-news","15":"tag-politique","16":"tag-world"},"share_on_mastodon":{"url":"https:\/\/pubeurope.com\/@fr\/115195218685118779","error":""},"_links":{"self":[{"href":"https:\/\/www.europesays.com\/fr\/wp-json\/wp\/v2\/posts\/387024","targetHints":{"allow":["GET"]}}],"collection":[{"href":"https:\/\/www.europesays.com\/fr\/wp-json\/wp\/v2\/posts"}],"about":[{"href":"https:\/\/www.europesays.com\/fr\/wp-json\/wp\/v2\/types\/post"}],"author":[{"embeddable":true,"href":"https:\/\/www.europesays.com\/fr\/wp-json\/wp\/v2\/users\/2"}],"replies":[{"embeddable":true,"href":"https:\/\/www.europesays.com\/fr\/wp-json\/wp\/v2\/comments?post=387024"}],"version-history":[{"count":0,"href":"https:\/\/www.europesays.com\/fr\/wp-json\/wp\/v2\/posts\/387024\/revisions"}],"wp:featuredmedia":[{"embeddable":true,"href":"https:\/\/www.europesays.com\/fr\/wp-json\/wp\/v2\/media\/387025"}],"wp:attachment":[{"href":"https:\/\/www.europesays.com\/fr\/wp-json\/wp\/v2\/media?parent=387024"}],"wp:term":[{"taxonomy":"category","embeddable":true,"href":"https:\/\/www.europesays.com\/fr\/wp-json\/wp\/v2\/categories?post=387024"},{"taxonomy":"post_tag","embeddable":true,"href":"https:\/\/www.europesays.com\/fr\/wp-json\/wp\/v2\/tags?post=387024"}],"curies":[{"name":"wp","href":"https:\/\/api.w.org\/{rel}","templated":true}]}}