{"id":387032,"date":"2025-09-13T05:02:16","date_gmt":"2025-09-13T05:02:16","guid":{"rendered":"https:\/\/www.europesays.com\/fr\/387032\/"},"modified":"2025-09-13T05:02:16","modified_gmt":"2025-09-13T05:02:16","slug":"le-tagueur-de-la-statue-de-stanislas-interdit-de-manif","status":"publish","type":"post","link":"https:\/\/www.europesays.com\/fr\/387032\/","title":{"rendered":"le tagueur de la statue de Stanislas interdit de manif"},"content":{"rendered":"<p>Cheveux en bataille et petit sourire en coin, David, 30 ans, a la parole facile. Trop peut-\u00eatre. Face au tribunal de Nancy, ce vendredi, ce mara\u00eecher en qu\u00eate d\u2019emploi, parle beaucoup. Il m\u00e9lange regrets, confession plus ou moins \u00e9mouvante et ironie parfois irritante.<\/p>\n<p>Ce jeune gar\u00e7on un peu boh\u00e8me et tr\u00e8s paum\u00e9 est LE perturbateur de <a href=\"https:\/\/www.estrepublicain.fr\/politique\/2025\/09\/10\/un-10-septembre-dans-la-rue-et-sur-les-ronds-points\" target=\"_blank\" rel=\"noopener\">la manif nanc\u00e9ienne qui s\u2019est d\u00e9roul\u00e9e, ce mercredi, dans le cadre du mouvement national \u00ab\u00a0Bloquons tout\u00a0\u00bb<\/a>. Lorsque le cort\u00e8ge a fini sur la place Stan, il a en effet eu l\u2019id\u00e9e de grimper sur la statue de Stanislas. Une initiative qui doit plus \u00e0 l\u2019alcool (il avait plus d\u2019un gramme) qu\u2019\u00e0 l\u2019ivresse des luttes sociales.<\/p>\n<p>  Les policiers ne sont pas des b\u00e2tards<\/p>\n<p>Une fois perch\u00e9 sur le roi de Pologne et duc de Lorraine, il a tagu\u00e9 le socle de sa statue. Il pr\u00e9tend qu\u2019il n\u2019est pas l\u2019auteur de tous les tags que les policiers ont d\u00e9couvert. Mais l\u2019un porte son nom. Et un autre son style. Il a en effet griffonn\u00e9 un classique ACAB pour \u00ab\u00a0all cops are bastards\u00a0\u00bb, c\u2019est-\u00e0-dire, en version \u00abfrench\u00bb, \u00abtous les flics sont des b\u00e2tards\u00bb. Et il a rajout\u00e9\u00a0: \u00ab\u00a0mais en fait non, ils ne sont pas m\u00e9chants\u00a0\u00bb.<\/p>\n<p>Ce qui fait qu\u2019on ne sait pas trop s\u2019il faut le prendre s\u00e9rieux ou s\u2019il se moque du monde. C\u2019est en quelque sorte sa marque de fabrique. David jure pourtant qu\u2019il est en train de changer, \u00ab\u00a0de m\u00fbrir\u00a0\u00bb et de r\u00e9gler son probl\u00e8me avec l\u2019autorit\u00e9. Ce mercredi, lors de la manif, le trentenaire ne peut nier toutefois qu\u2019il a fait une s\u00e9v\u00e8re rechute d\u2019immaturit\u00e9.<\/p>\n<p>Lorsqu\u2019il a fini par descendre de la statue comme le lui ordonnaient des policiers, il a demand\u00e9 \u00e0 pouvoir faire quelques m\u00e8tres pour prendre un sac o\u00f9 se trouvaient ses cigarettes. Les policiers ont eu le tort d\u2019accepter et de ne pas l\u2019embarquer imm\u00e9diatement. Il en a profit\u00e9 pour essayer de s\u2019enfuir en courant. Il a \u00e9t\u00e9 rattrap\u00e9. Il s\u2019est alors d\u00e9battu \u00e0 coups de poing et de pied et harangu\u00e9 les autres manifestants\u00a0: \u00ab\u00a0Venez m\u2019aider\u00a0! D\u00e9foncez-les\u00a0!\u00a0\u00bb a-t-il hurl\u00e9.<\/p>\n<p>  \u00ab\u00a0J\u2019ai pris peur\u00a0\u00bb<\/p>\n<p>Les policiers se sont retrouv\u00e9s face \u00e0 un mouvement de foule. Cela a failli d\u00e9g\u00e9n\u00e9rer. Ils ont heureusement r\u00e9ussi \u00e0 exfiltrer le tagueur de Stanislas avant que cela vire \u00e0 l\u2019\u00e9meute. \u00ab\u00a0Je pensais pouvoir faire confiance \u00e0 la police mais j\u2019ai pris peur\u00a0\u00bb, se justifie David, devant le tribunal.<\/p>\n<p>\u00ab\u00a0Et nous, nous nous demandons si nous pouvons vous faire confiance\u00a0\u00bb, r\u00e9torque le pr\u00e9sident du tribunal. \u00ab\u00a0Je reconnais que c\u2019est difficile\u00a0\u00bb, conc\u00e8de le jeune homme qui a d\u00e9j\u00e0 \u00e9t\u00e9 condamn\u00e9 cinq fois pour des violences sur des personnes d\u00e9positaires de l\u2019autorit\u00e9 publique, des outrages ou des r\u00e9bellions \u00e0 Nancy mais aussi en Alsace et en Allemagne.<\/p>\n<p>Ce vendredi, il a demand\u00e9 et obtenu un d\u00e9lai pour pr\u00e9parer sa d\u00e9fense avant d\u2019\u00eatre jug\u00e9. Son proc\u00e8s a \u00e9t\u00e9 renvoy\u00e9 au 27\u00a0octobre. En attendant, la substitute du procureur a demand\u00e9 son placement en d\u00e9tention\u00a0: \u00ab\u00a0Il y a encore des mouvements sociaux la semaine prochaine et je n\u2019ai pas envie qu\u2019il r\u00e9cidive.\u00a0\u00bb<\/p>\n<p>  Priv\u00e9 de sortie le soir<\/p>\n<p>Le tribunal a finalement d\u00e9cid\u00e9 de le laisser libre. Enfin pas compl\u00e8tement libre. Car David a un contr\u00f4le judiciaire strict. Il doit respecter tout une s\u00e9rie d\u2019obligations.<\/p>\n<p>Le jeune homme, accro \u00e0 l\u2019alcool et au cannabis, doit d\u00e9marrer des soins et ne plus fr\u00e9quenter des d\u00e9bits de boissons. Il a aussi interdiction de manifester, d\u2019aller sur la <a href=\"https:\/\/www.estrepublicain.fr\/p\/place-stanislas\" target=\"_blank\" rel=\"noopener\">place Stanislas<\/a> et de sortir de chez lui entre 20\u00a0h et 8\u00a0h.\ufeff<\/p>\n","protected":false},"excerpt":{"rendered":"Cheveux en bataille et petit sourire en coin, David, 30 ans, a la parole facile. Trop peut-\u00eatre. Face&hellip;\n","protected":false},"author":2,"featured_media":387033,"comment_status":"","ping_status":"","sticky":false,"template":"","format":"standard","meta":{"footnotes":""},"categories":[9635],"tags":[1111,11,271,272,1704,1777,674,274,1011,27,775,3457,1702,1703,12,25],"class_list":{"0":"post-387032","1":"post","2":"type-post","3":"status-publish","4":"format-standard","5":"has-post-thumbnail","7":"category-nancy","8":"tag-actu","9":"tag-actualites","10":"tag-crime","11":"tag-delit-et-contravention","12":"tag-edition-nancy-et-agglomeration","13":"tag-eu","14":"tag-europe","15":"tag-faits-divers-justice","16":"tag-fr","17":"tag-france","18":"tag-grand-est","19":"tag-meurthe-et-moselle","20":"tag-nancy","21":"tag-nancy-ville-54b","22":"tag-news","23":"tag-republique-francaise"},"share_on_mastodon":{"url":"https:\/\/pubeurope.com\/@fr\/115195238422489336","error":""},"_links":{"self":[{"href":"https:\/\/www.europesays.com\/fr\/wp-json\/wp\/v2\/posts\/387032","targetHints":{"allow":["GET"]}}],"collection":[{"href":"https:\/\/www.europesays.com\/fr\/wp-json\/wp\/v2\/posts"}],"about":[{"href":"https:\/\/www.europesays.com\/fr\/wp-json\/wp\/v2\/types\/post"}],"author":[{"embeddable":true,"href":"https:\/\/www.europesays.com\/fr\/wp-json\/wp\/v2\/users\/2"}],"replies":[{"embeddable":true,"href":"https:\/\/www.europesays.com\/fr\/wp-json\/wp\/v2\/comments?post=387032"}],"version-history":[{"count":0,"href":"https:\/\/www.europesays.com\/fr\/wp-json\/wp\/v2\/posts\/387032\/revisions"}],"wp:featuredmedia":[{"embeddable":true,"href":"https:\/\/www.europesays.com\/fr\/wp-json\/wp\/v2\/media\/387033"}],"wp:attachment":[{"href":"https:\/\/www.europesays.com\/fr\/wp-json\/wp\/v2\/media?parent=387032"}],"wp:term":[{"taxonomy":"category","embeddable":true,"href":"https:\/\/www.europesays.com\/fr\/wp-json\/wp\/v2\/categories?post=387032"},{"taxonomy":"post_tag","embeddable":true,"href":"https:\/\/www.europesays.com\/fr\/wp-json\/wp\/v2\/tags?post=387032"}],"curies":[{"name":"wp","href":"https:\/\/api.w.org\/{rel}","templated":true}]}}